{"id":13000,"date":"2022-11-04T13:19:21","date_gmt":"2022-11-04T12:19:21","guid":{"rendered":"https:\/\/serveiseducatius.xtec.cat\/altcamp\/?p=13000"},"modified":"2022-11-04T13:27:39","modified_gmt":"2022-11-04T12:27:39","slug":"el-cost-de-la-crianca-al-2022","status":"publish","type":"post","link":"https:\/\/serveiseducatius.xtec.cat\/altcamp\/recursos\/recomanem\/el-cost-de-la-crianca-al-2022\/","title":{"rendered":"El cost de la crian\u00e7a al 2022"},"content":{"rendered":"<p><a title=\"Alerta de Save the Children: el calvari judicial de les v\u00edctimes d'abusos sexuals\" href=\"https:\/\/www.elnacional.cat\/ca\/societat\/alerta-save-the-children-calvari-judicial-victimes-abusos-sexuals_671750_102.html\" target=\"_blank\" rel=\"follow noopener\" data-external=\"0\" data-intl-links-ca=\"https:\/\/www.elnacional.cat\/ca\/societat\/alerta-save-the-children-calvari-judicial-victimes-abusos-sexuals_671750_102.html\" data-intl-links-es=\"https:\/\/www.elnacional.cat\/es\/sociedad\/alerta-save-the-children-calvario-judicial-victimas-abusos-sexuales_671750_102.html\">Save the Children,<\/a> estima que e<strong>l cost de criar un nen o nena a Catalunya l\u2019any 2022 \u00e9s de 819\u20ac al mes<\/strong>, en comparaci\u00f3 amb la mitjana de l\u2019estat espanyol que arriba als 672\u20ac. A\u00a0partir de l\u2019estudi \u201c<a href=\"https:\/\/www.savethechildren.es\/sites\/default\/files\/2022-06\/El_cost_de_la_crian%C3%A7a_2022.pdf\" target=\"_blank\" rel=\"noopener\"><strong>El Cost de la Crian\u00e7a<\/strong><\/a>\u201d denuncia l\u2019<strong>augment de les despeses de criar a un fill\/a en un 29,8%<\/strong>\u00a0al territori des de 2018, convertint-se en la comunitat aut\u00f2noma enquestada m\u00e9s cara. Aquest factor fa que per m\u00e9s de\u00a0<strong>171 mil llars<\/strong>, les m\u00e9s empobrides, sigui directament impossible cobrir el cost de la crian\u00e7a, fins i tot dedicant-hi tots els seus ingressos. \u201cA Catalunya el 21% de la poblaci\u00f3 no pot cobrir les necessitats dels seus fills, generant repercussions enormes en el seu benestar i desenvolupament. No hem d\u2019oblidar que al territori 1 de cada 3 nens i nenes ja viuen en situaci\u00f3 de pobresa, per tant, si no apliquem mesures adequades, la situaci\u00f3 de la inf\u00e0ncia continuar\u00e0 empitjorant, afectant negativament a tota la societat\u201d, explica Emilie Rivas, responsable de Pol\u00edtiques d\u2019Inf\u00e0ncia a Save the Children Catalunya.<\/p>\n<p>La despesa de criar un nen en condicions dignes \u00e9s &#8220;alta i imprescindible&#8221; per garantir el seu adequat desenvolupament, subratlla l&#8217;estudi, que sost\u00e9 que s\u00f3n moltes les fam\u00edlies a Espanya que no compten amb ingressos suficients per cobrir aquest cost, la qual cosa posa en risc el benestar dels seus fills.<\/p>\n<p><em>Criar un fill o una filla porta moltes alegries, per\u00f2 tamb\u00e9 moltes despeses. L\u2019arribada dels fills i filles a la llar n\u2019augmenta algunes i n\u2019afegeix d\u2019altres. Aquestes despeses van canviant al llarg del creixement: des de la compra del bressol o els bolquers, el material escolar o el transport, fins a arribar al tel\u00e8fon m\u00f2bil. Fer front a aquestes despeses suposa un problema per a moltes fam\u00edlies a Catalunya, en el qual 462.000 infants i adolescents1 (aix\u00f2 \u00e9s el 33,4% del total) es troben en risc de pobresa o d\u2019exclusi\u00f3 social. Aix\u00ed mateix, la factura de criar un nen o nena dissuadeix a bona part d\u2019aquells i aquelles que volen ser pares o mares, per\u00f2 no poden afrontar l\u2019elevat cost. D\u2019aqu\u00ed que Catalunya tingui un \u00edndex de fecunditat del 1,21 fill\/a per dona (Idescat, 2020). Aquestes q\u00fcestions depenen en gran mesura de l\u2019insuficient suport p\u00fablic a la crian\u00e7a.<\/em><\/p>\n<p><em>Els nivells de suport p\u00fablic estan molt allunyats d\u2019oferir una cobertura adequada al cost de la crian\u00e7a a Catalunya, aix\u00ed com d\u2019abordar l\u2019elevat nivell de pobresa infantil, el tercer m\u00e9s alt de tota la UE i el primer de l\u2019eurozona. A Catalunya no existeix un sistema de protecci\u00f3 social per a la inf\u00e0ncia per se, ni una prestaci\u00f3 espec\u00edfica per a la crian\u00e7a. Existeix un entramat de prestacions d\u2019escassos recursos i d\u2019acc\u00e9s molt condicionat que no permet a les fam\u00edlies fer front a les despeses de la crian\u00e7a.<\/em><\/p>\n<p>&nbsp;<\/p>\n<p>&nbsp;<\/p>\n<p><a href=\"https:\/\/www.savethechildren.es\/sites\/default\/files\/2022-06\/El_cost_de_la_crian%C3%A7a_2022.pdf\" target=\"_blank\" rel=\"noopener\"><img loading=\"lazy\" decoding=\"async\" class=\"alignnone wp-image-13001\" src=\"https:\/\/serveiseducatius.xtec.cat\/altcamp\/wp-content\/uploads\/usu1130\/2022\/11\/cost-crianca.jpg\" alt=\"\" width=\"604\" height=\"617\" srcset=\"https:\/\/serveiseducatius.xtec.cat\/altcamp\/wp-content\/uploads\/usu1130\/2022\/11\/cost-crianca.jpg 778w, https:\/\/serveiseducatius.xtec.cat\/altcamp\/wp-content\/uploads\/usu1130\/2022\/11\/cost-crianca-294x300.jpg 294w, https:\/\/serveiseducatius.xtec.cat\/altcamp\/wp-content\/uploads\/usu1130\/2022\/11\/cost-crianca-768x785.jpg 768w\" sizes=\"auto, (max-width: 604px) 100vw, 604px\" \/> \u00a0 \u00a0 \u00a0 \u00a0 \u00a0 \u00a0 \u00a0 \u00a0 \u00a0 \u00a0 \u00a0 \u00a0 \u00a0 \u00a0<\/a><a href=\"https:\/\/www.savethechildren.es\/sites\/default\/files\/2022-06\/El_cost_de_la_crian%C3%A7a_2022.pdf\" target=\"_blank\" rel=\"noopener\"><img loading=\"lazy\" decoding=\"async\" class=\"alignnone wp-image-13002\" src=\"https:\/\/serveiseducatius.xtec.cat\/altcamp\/wp-content\/uploads\/usu1130\/2022\/11\/cost-crianca-1.jpg\" alt=\"\" width=\"628\" height=\"642\" srcset=\"https:\/\/serveiseducatius.xtec.cat\/altcamp\/wp-content\/uploads\/usu1130\/2022\/11\/cost-crianca-1.jpg 778w, https:\/\/serveiseducatius.xtec.cat\/altcamp\/wp-content\/uploads\/usu1130\/2022\/11\/cost-crianca-1-294x300.jpg 294w, https:\/\/serveiseducatius.xtec.cat\/altcamp\/wp-content\/uploads\/usu1130\/2022\/11\/cost-crianca-1-768x785.jpg 768w\" sizes=\"auto, (max-width: 628px) 100vw, 628px\" \/><\/a><\/p>\n<p>&nbsp;<\/p>\n<p><a href=\"https:\/\/www.savethechildren.es\/sites\/default\/files\/2022-06\/El_cost_de_la_crian%C3%A7a_2022.pdf\" target=\"_blank\" rel=\"noopener\"><img loading=\"lazy\" decoding=\"async\" class=\"alignnone wp-image-13005 size-full\" src=\"https:\/\/serveiseducatius.xtec.cat\/altcamp\/wp-content\/uploads\/usu1130\/2022\/11\/cost-crianca-2-2.jpg\" alt=\"\" width=\"778\" height=\"795\" srcset=\"https:\/\/serveiseducatius.xtec.cat\/altcamp\/wp-content\/uploads\/usu1130\/2022\/11\/cost-crianca-2-2.jpg 778w, https:\/\/serveiseducatius.xtec.cat\/altcamp\/wp-content\/uploads\/usu1130\/2022\/11\/cost-crianca-2-2-294x300.jpg 294w, https:\/\/serveiseducatius.xtec.cat\/altcamp\/wp-content\/uploads\/usu1130\/2022\/11\/cost-crianca-2-2-768x785.jpg 768w\" sizes=\"auto, (max-width: 778px) 100vw, 778px\" \/><\/a><\/p>\n<p>La investigaci\u00f3 alerta de la insuficient inversi\u00f3 p\u00fablica en certs serveis &#8211; educaci\u00f3 infantil i obligat\u00f2ria, menjador escolar, habitatge, transport, etc. &#8211; i prestacions clau per al desenvolupament de la inf\u00e0ncia. A partir del c\u00e0lcul de les evid\u00e8ncies, formulen propostes de pol\u00edtica p\u00fablica m\u00e9s adequades per abordar aquesta q\u00fcesti\u00f3.<\/p>\n","protected":false},"excerpt":{"rendered":"<p>Save the Children, estima que el cost de criar un nen o nena a Catalunya l\u2019any 2022 \u00e9s de 819\u20ac al mes, en comparaci\u00f3 amb la mitjana de l\u2019estat espanyol que arriba als 672\u20ac. A\u00a0partir de l\u2019estudi \u201cEl Cost de la Crian\u00e7a\u201d denuncia l\u2019augment de les despeses de criar a un fill\/a en un 29,8%\u00a0al [&hellip;]<\/p>\n","protected":false},"author":4,"featured_media":13001,"comment_status":"closed","ping_status":"closed","sticky":false,"template":"","format":"standard","meta":{"_bbp_topic_count":0,"_bbp_reply_count":0,"_bbp_total_topic_count":0,"_bbp_total_reply_count":0,"_bbp_voice_count":0,"_bbp_anonymous_reply_count":0,"_bbp_topic_count_hidden":0,"_bbp_reply_count_hidden":0,"_bbp_forum_subforum_count":0,"site-sidebar-layout":"default","site-content-layout":"","ast-site-content-layout":"","site-content-style":"default","site-sidebar-style":"default","ast-global-header-display":"","ast-banner-title-visibility":"","ast-main-header-display":"","ast-hfb-above-header-display":"","ast-hfb-below-header-display":"","ast-hfb-mobile-header-display":"","site-post-title":"","ast-breadcrumbs-content":"","ast-featured-img":"","footer-sml-layout":"","theme-transparent-header-meta":"","adv-header-id-meta":"","stick-header-meta":"","header-above-stick-meta":"","header-main-stick-meta":"","header-below-stick-meta":"","astra-migrate-meta-layouts":"default","ast-page-background-enabled":"default","ast-page-background-meta":{"desktop":{"background-color":"var(--ast-global-color-4)","background-image":"","background-repeat":"repeat","background-position":"center center","background-size":"auto","background-attachment":"scroll","background-type":"","background-media":"","overlay-type":"","overlay-color":"","overlay-opacity":"","overlay-gradient":""},"tablet":{"background-color":"","background-image":"","background-repeat":"repeat","background-position":"center center","background-size":"auto","background-attachment":"scroll","background-type":"","background-media":"","overlay-type":"","overlay-color":"","overlay-opacity":"","overlay-gradient":""},"mobile":{"background-color":"","background-image":"","background-repeat":"repeat","background-position":"center center","background-size":"auto","background-attachment":"scroll","background-type":"","background-media":"","overlay-type":"","overlay-color":"","overlay-opacity":"","overlay-gradient":""}},"ast-content-background-meta":{"desktop":{"background-color":"var(--ast-global-color-5)","background-image":"","background-repeat":"repeat","background-position":"center center","background-size":"auto","background-attachment":"scroll","background-type":"","background-media":"","overlay-type":"","overlay-color":"","overlay-opacity":"","overlay-gradient":""},"tablet":{"background-color":"var(--ast-global-color-5)","background-image":"","background-repeat":"repeat","background-position":"center center","background-size":"auto","background-attachment":"scroll","background-type":"","background-media":"","overlay-type":"","overlay-color":"","overlay-opacity":"","overlay-gradient":""},"mobile":{"background-color":"var(--ast-global-color-5)","background-image":"","background-repeat":"repeat","background-position":"center center","background-size":"auto","background-attachment":"scroll","background-type":"","background-media":"","overlay-type":"","overlay-color":"","overlay-opacity":"","overlay-gradient":""}},"footnotes":""},"categories":[287],"tags":[1130,1129,900,702,1024,462,618,1010,1131,726],"class_list":["post-13000","post","type-post","status-publish","format-standard","has-post-thumbnail","hentry","category-recomanem","tag-benestar-infantil","tag-condicions-economiques","tag-crianca","tag-desigualtats","tag-drets-de-la-infancia","tag-families","tag-infants","tag-politiques-publiques","tag-politiques-socials","tag-segregacio-escolar"],"post_mailing_queue_ids":[],"_links":{"self":[{"href":"https:\/\/serveiseducatius.xtec.cat\/altcamp\/wp-json\/wp\/v2\/posts\/13000","targetHints":{"allow":["GET"]}}],"collection":[{"href":"https:\/\/serveiseducatius.xtec.cat\/altcamp\/wp-json\/wp\/v2\/posts"}],"about":[{"href":"https:\/\/serveiseducatius.xtec.cat\/altcamp\/wp-json\/wp\/v2\/types\/post"}],"author":[{"embeddable":true,"href":"https:\/\/serveiseducatius.xtec.cat\/altcamp\/wp-json\/wp\/v2\/users\/4"}],"replies":[{"embeddable":true,"href":"https:\/\/serveiseducatius.xtec.cat\/altcamp\/wp-json\/wp\/v2\/comments?post=13000"}],"version-history":[{"count":2,"href":"https:\/\/serveiseducatius.xtec.cat\/altcamp\/wp-json\/wp\/v2\/posts\/13000\/revisions"}],"predecessor-version":[{"id":13007,"href":"https:\/\/serveiseducatius.xtec.cat\/altcamp\/wp-json\/wp\/v2\/posts\/13000\/revisions\/13007"}],"wp:featuredmedia":[{"embeddable":true,"href":"https:\/\/serveiseducatius.xtec.cat\/altcamp\/wp-json\/wp\/v2\/media\/13001"}],"wp:attachment":[{"href":"https:\/\/serveiseducatius.xtec.cat\/altcamp\/wp-json\/wp\/v2\/media?parent=13000"}],"wp:term":[{"taxonomy":"category","embeddable":true,"href":"https:\/\/serveiseducatius.xtec.cat\/altcamp\/wp-json\/wp\/v2\/categories?post=13000"},{"taxonomy":"post_tag","embeddable":true,"href":"https:\/\/serveiseducatius.xtec.cat\/altcamp\/wp-json\/wp\/v2\/tags?post=13000"}],"curies":[{"name":"wp","href":"https:\/\/api.w.org\/{rel}","templated":true}]}}