{"id":12961,"date":"2022-10-19T09:27:49","date_gmt":"2022-10-19T07:27:49","guid":{"rendered":"https:\/\/serveiseducatius.xtec.cat\/altcamp\/?p=12961"},"modified":"2022-10-19T09:27:49","modified_gmt":"2022-10-19T07:27:49","slug":"xii-concurs-escolar-del-comic","status":"publish","type":"post","link":"https:\/\/serveiseducatius.xtec.cat\/altcamp\/general\/xii-concurs-escolar-del-comic\/","title":{"rendered":"XII Concurs escolar del c\u00f2mic"},"content":{"rendered":"<p><span id=\"page211R_mcid2\" class=\"markedContent\"><span dir=\"ltr\" role=\"presentation\">Cicle mitj\u00e0 i cicle superior d\u2019educaci\u00f3 prim\u00e0ria<\/span> <span dir=\"ltr\" role=\"presentation\">i<\/span> <span dir=\"ltr\" role=\"presentation\">ESO<\/span><\/span><span id=\"page211R_mcid3\" class=\"markedContent\"><br role=\"presentation\" \/><\/span><\/p>\n<p><span id=\"page211R_mcid3\" class=\"markedContent\"><span dir=\"ltr\" role=\"presentation\">En el marc de la<a href=\"https:\/\/xtec.gencat.cat\/ca\/centres\/premis-i-concursos\/concurs-escolar-comic-barcelona\/\" target=\"_blank\" rel=\"noopener\"> 4<\/a><\/span><span dir=\"ltr\" role=\"presentation\">1<\/span><span dir=\"ltr\" role=\"presentation\">a edici\u00f3 de Comic Barcelona, FICOMIC, amb la <\/span><span dir=\"ltr\" role=\"presentation\">col\u00b7laboraci\u00f3 del Departament d\u2019Educaci\u00f3 de la Gene<\/span><span dir=\"ltr\" role=\"presentation\">ralitat de Catalunya, <\/span><span dir=\"ltr\" role=\"presentation\">convoca l\u2019<\/span> <span dir=\"ltr\" role=\"presentation\">XII Concurs Escolar Comic Barcelona.<\/span><\/span><\/p>\n<p><span id=\"page211R_mcid11\" class=\"markedContent\"><span dir=\"ltr\" role=\"presentation\">Tem\u00e0tica del concurs:<\/span> <span dir=\"ltr\" role=\"presentation\">\u201c<\/span><span dir=\"ltr\" role=\"presentation\">La cultura de la pau\u201d. Hauran<\/span> <span dir=\"ltr\" role=\"presentation\">de crear un c\u00f2mic <\/span><span dir=\"ltr\" role=\"presentation\">on es tracti<\/span> <span dir=\"ltr\" role=\"presentation\">la cr\u00edtica<\/span> <span dir=\"ltr\" role=\"presentation\">a<\/span> <span dir=\"ltr\" role=\"presentation\">la viol\u00e8ncia, la den\u00fancia de violacions de drets <\/span><span dir=\"ltr\" role=\"presentation\">humans, la solidaritat amb<\/span> <span dir=\"ltr\" role=\"presentation\">les persones refugiades i amb les<\/span> <span dir=\"ltr\" role=\"presentation\">que fugen de <\/span><span dir=\"ltr\" role=\"presentation\">conflictes armats, la reivindicaci\u00f3 d<\/span><span dir=\"ltr\" role=\"presentation\">\u2019un m\u00f3n on la difer\u00e8ncia de cultures, de <\/span><span dir=\"ltr\" role=\"presentation\">creences, d<\/span><span dir=\"ltr\" role=\"presentation\">e races, etc., s\u00f3n la seva riquesa i la base de la conviv\u00e8ncia. <\/span><span dir=\"ltr\" role=\"presentation\">Tamb\u00e9 es pot parlar de la import\u00e0ncia del paper dels infants i la joventut en <\/span><span dir=\"ltr\" role=\"presentation\">la construcci\u00f3 de la pau.<\/span> <span dir=\"ltr\" role=\"presentation\">S\u2019haur\u00e0 de tenir una visi\u00f3 cr\u00edtica dels estereotips <\/span><span dir=\"ltr\" role=\"presentation\">de g\u00e8nere.<\/span> <span dir=\"ltr\" role=\"presentation\">La hist\u00f2ria ha de ser ori<\/span><span dir=\"ltr\" role=\"presentation\">ginal i s\u2019han d\u2019utilitzar el format i els <\/span><span dir=\"ltr\" role=\"presentation\">recursos narratius del c\u00f2mic.<\/span><\/span><\/p>\n<p>Consulteu les <a href=\"https:\/\/xtec.gencat.cat\/web\/.content\/centres\/alscentres\/premis\/concurs-escolar-salo-comic\/documents-concurs-escolar-salo-comic\/Bases-Concurs-2022_2023_acc.pdf\" target=\"_blank\" rel=\"noopener\"><strong>bases de participaci\u00f3<\/strong><\/a><\/p>\n<p>La inscripci\u00f3 estar\u00e0 oberta fins <span id=\"page1R_mcid10\" class=\"markedContent\"><span dir=\"ltr\" role=\"presentation\">al 17 <\/span><span dir=\"ltr\" role=\"presentation\">de novembre<\/span> <span dir=\"ltr\" role=\"presentation\">de 202<\/span><span dir=\"ltr\" role=\"presentation\">2<\/span><\/span><\/p>\n<p style=\"text-align: center;\"><a href=\"https:\/\/xtec.gencat.cat\/ca\/centres\/premis-i-concursos\/concurs-escolar-comic-barcelona\/\" target=\"_blank\" rel=\"noopener\"><img loading=\"lazy\" decoding=\"async\" class=\"alignnone wp-image-12962 size-full\" src=\"https:\/\/serveiseducatius.xtec.cat\/altcamp\/wp-content\/uploads\/usu1130\/2022\/10\/concurs-escolar-comic-barcelona-2022-2023.jpg\" alt=\"\" width=\"538\" height=\"538\" srcset=\"https:\/\/serveiseducatius.xtec.cat\/altcamp\/wp-content\/uploads\/usu1130\/2022\/10\/concurs-escolar-comic-barcelona-2022-2023.jpg 538w, https:\/\/serveiseducatius.xtec.cat\/altcamp\/wp-content\/uploads\/usu1130\/2022\/10\/concurs-escolar-comic-barcelona-2022-2023-300x300.jpg 300w, https:\/\/serveiseducatius.xtec.cat\/altcamp\/wp-content\/uploads\/usu1130\/2022\/10\/concurs-escolar-comic-barcelona-2022-2023-150x150.jpg 150w\" sizes=\"auto, (max-width: 538px) 100vw, 538px\" \/><\/a><\/p>\n","protected":false},"excerpt":{"rendered":"<p>Cicle mitj\u00e0 i cicle superior d\u2019educaci\u00f3 prim\u00e0ria i ESO En el marc de la 41a edici\u00f3 de Comic Barcelona, FICOMIC, amb la col\u00b7laboraci\u00f3 del Departament d\u2019Educaci\u00f3 de la Generalitat de Catalunya, convoca l\u2019 XII Concurs Escolar Comic Barcelona. Tem\u00e0tica del concurs: \u201cLa cultura de la pau\u201d. Hauran de crear un c\u00f2mic on es tracti la [&hellip;]<\/p>\n","protected":false},"author":4,"featured_media":12962,"comment_status":"closed","ping_status":"closed","sticky":false,"template":"","format":"standard","meta":{"_bbp_topic_count":0,"_bbp_reply_count":0,"_bbp_total_topic_count":0,"_bbp_total_reply_count":0,"_bbp_voice_count":0,"_bbp_anonymous_reply_count":0,"_bbp_topic_count_hidden":0,"_bbp_reply_count_hidden":0,"_bbp_forum_subforum_count":0,"site-sidebar-layout":"default","site-content-layout":"","ast-site-content-layout":"","site-content-style":"default","site-sidebar-style":"default","ast-global-header-display":"","ast-banner-title-visibility":"","ast-main-header-display":"","ast-hfb-above-header-display":"","ast-hfb-below-header-display":"","ast-hfb-mobile-header-display":"","site-post-title":"","ast-breadcrumbs-content":"","ast-featured-img":"","footer-sml-layout":"","theme-transparent-header-meta":"","adv-header-id-meta":"","stick-header-meta":"","header-above-stick-meta":"","header-main-stick-meta":"","header-below-stick-meta":"","astra-migrate-meta-layouts":"default","ast-page-background-enabled":"default","ast-page-background-meta":{"desktop":{"background-color":"var(--ast-global-color-4)","background-image":"","background-repeat":"repeat","background-position":"center center","background-size":"auto","background-attachment":"scroll","background-type":"","background-media":"","overlay-type":"","overlay-color":"","overlay-opacity":"","overlay-gradient":""},"tablet":{"background-color":"","background-image":"","background-repeat":"repeat","background-position":"center center","background-size":"auto","background-attachment":"scroll","background-type":"","background-media":"","overlay-type":"","overlay-color":"","overlay-opacity":"","overlay-gradient":""},"mobile":{"background-color":"","background-image":"","background-repeat":"repeat","background-position":"center center","background-size":"auto","background-attachment":"scroll","background-type":"","background-media":"","overlay-type":"","overlay-color":"","overlay-opacity":"","overlay-gradient":""}},"ast-content-background-meta":{"desktop":{"background-color":"var(--ast-global-color-5)","background-image":"","background-repeat":"repeat","background-position":"center center","background-size":"auto","background-attachment":"scroll","background-type":"","background-media":"","overlay-type":"","overlay-color":"","overlay-opacity":"","overlay-gradient":""},"tablet":{"background-color":"var(--ast-global-color-5)","background-image":"","background-repeat":"repeat","background-position":"center center","background-size":"auto","background-attachment":"scroll","background-type":"","background-media":"","overlay-type":"","overlay-color":"","overlay-opacity":"","overlay-gradient":""},"mobile":{"background-color":"var(--ast-global-color-5)","background-image":"","background-repeat":"repeat","background-position":"center center","background-size":"auto","background-attachment":"scroll","background-type":"","background-media":"","overlay-type":"","overlay-color":"","overlay-opacity":"","overlay-gradient":""}},"footnotes":""},"categories":[282,1],"tags":[566,350,292,447],"class_list":["post-12961","post","type-post","status-publish","format-standard","has-post-thumbnail","hentry","category-actualitat","category-general","tag-centres-educatius","tag-concursos","tag-eso","tag-primaria"],"post_mailing_queue_ids":[],"_links":{"self":[{"href":"https:\/\/serveiseducatius.xtec.cat\/altcamp\/wp-json\/wp\/v2\/posts\/12961","targetHints":{"allow":["GET"]}}],"collection":[{"href":"https:\/\/serveiseducatius.xtec.cat\/altcamp\/wp-json\/wp\/v2\/posts"}],"about":[{"href":"https:\/\/serveiseducatius.xtec.cat\/altcamp\/wp-json\/wp\/v2\/types\/post"}],"author":[{"embeddable":true,"href":"https:\/\/serveiseducatius.xtec.cat\/altcamp\/wp-json\/wp\/v2\/users\/4"}],"replies":[{"embeddable":true,"href":"https:\/\/serveiseducatius.xtec.cat\/altcamp\/wp-json\/wp\/v2\/comments?post=12961"}],"version-history":[{"count":1,"href":"https:\/\/serveiseducatius.xtec.cat\/altcamp\/wp-json\/wp\/v2\/posts\/12961\/revisions"}],"predecessor-version":[{"id":12963,"href":"https:\/\/serveiseducatius.xtec.cat\/altcamp\/wp-json\/wp\/v2\/posts\/12961\/revisions\/12963"}],"wp:featuredmedia":[{"embeddable":true,"href":"https:\/\/serveiseducatius.xtec.cat\/altcamp\/wp-json\/wp\/v2\/media\/12962"}],"wp:attachment":[{"href":"https:\/\/serveiseducatius.xtec.cat\/altcamp\/wp-json\/wp\/v2\/media?parent=12961"}],"wp:term":[{"taxonomy":"category","embeddable":true,"href":"https:\/\/serveiseducatius.xtec.cat\/altcamp\/wp-json\/wp\/v2\/categories?post=12961"},{"taxonomy":"post_tag","embeddable":true,"href":"https:\/\/serveiseducatius.xtec.cat\/altcamp\/wp-json\/wp\/v2\/tags?post=12961"}],"curies":[{"name":"wp","href":"https:\/\/api.w.org\/{rel}","templated":true}]}}