{"id":12912,"date":"2022-10-07T10:38:34","date_gmt":"2022-10-07T08:38:34","guid":{"rendered":"https:\/\/serveiseducatius.xtec.cat\/altcamp\/?p=12912"},"modified":"2022-10-07T10:38:34","modified_gmt":"2022-10-07T08:38:34","slug":"les-bicicletes-els-joves-i-les-noves-mobilitats","status":"publish","type":"post","link":"https:\/\/serveiseducatius.xtec.cat\/altcamp\/general\/les-bicicletes-els-joves-i-les-noves-mobilitats\/","title":{"rendered":"Les bicicletes, els joves i les noves mobilitats"},"content":{"rendered":"<p><a href=\"https:\/\/www.jovesimobilitat.cat\/\" target=\"_blank\" rel=\"noopener\"><img loading=\"lazy\" decoding=\"async\" class=\"aligncenter wp-image-12913 size-full\" src=\"https:\/\/serveiseducatius.xtec.cat\/altcamp\/wp-content\/uploads\/usu1130\/2022\/10\/Joves-i-mobilitat-22.jpeg\" alt=\"\" width=\"600\" height=\"414\" srcset=\"https:\/\/serveiseducatius.xtec.cat\/altcamp\/wp-content\/uploads\/usu1130\/2022\/10\/Joves-i-mobilitat-22.jpeg 600w, https:\/\/serveiseducatius.xtec.cat\/altcamp\/wp-content\/uploads\/usu1130\/2022\/10\/Joves-i-mobilitat-22-300x207.jpeg 300w\" sizes=\"auto, (max-width: 600px) 100vw, 600px\" \/><\/a><\/p>\n<p><strong>Les bicicletes, els joves i les noves mobilitats<\/strong> \u00e9s el repte que planteja <a href=\"https:\/\/www.jovesimobilitat.cat\/\" target=\"_blank\" rel=\"noopener\"><strong>Joves i Mobilitat per al curs 2022-2023<\/strong><\/a>.<\/p>\n<p>I \u00e9s que en els \u00faltims anys, la bicicleta ha passat a formar part activa de la mobilitat dels nostres pobles i ciutats.<\/p>\n<p>A un \u00fas purament l\u00fadic, s\u2019ha unit la utilitzaci\u00f3 de la bicicleta per als despla\u00e7aments quotidians en l\u2019\u00e0mbit urb\u00e0, ja sigui per <strong>despla\u00e7ar-se al treball, l\u2019escola o altres activitats socials.<\/strong><\/p>\n<p>I \u00e9s que, associats a l\u2019\u00fas de la bicicleta es produeixen grans beneficis, no nom\u00e9s ja en termes de mobilitat, sin\u00f3 tamb\u00e9 en termes de salut, equitat, agilitat, economia, etc.<\/p>\n<p>En definitiva, es tracta d\u2019un mitj\u00e0 de transport que, a m\u00e9s de produir tots aquests beneficis per als seus propis usuaris, tamb\u00e9 <strong>genera beneficis per a la resta de la societat<\/strong>, en reduir la contaminaci\u00f3 atmosf\u00e8rica i ac\u00fastica, a m\u00e9s d\u2019alliberar espai i contribuir a descongestionar i pacificar el tr\u00e0nsit urb\u00e0.<\/p>\n<p class=\"et_pb_module_header\"><strong>Premis per a joves<\/strong><\/p>\n<div>\n<p>Poden participar alumnes d\u2019ESO, Batxillerat i CFGM<\/p>\n<p class=\"et_pb_module_header\"><strong>Premi per a centres d&#8217;ensenyament<\/strong><\/p>\n<p class=\"et_pb_module_header\"><strong>Premis per a educadors<\/strong><\/p>\n<div>\n<p>Joves i Mobilitat vol recon\u00e8ixer la important tasca que exerceixen els tutors dels centres educatius i els monitors dels centres de lleure amb els participants durant tot el proc\u00e9s del concurs.<\/p>\n<p>M\u00c9S INFORMACI\u00d3 I INSCRIPCIONS<\/p>\n<p><a href=\"https:\/\/www.jovesimobilitat.cat\/\" target=\"_blank\" rel=\"noopener\"><strong>www.jovesimobilitat.cat<\/strong><\/a><\/p>\n<h4>Presentaci\u00f3 dels treballs fins el 16 d\u2019abril de 2023<\/h4>\n<\/div>\n<\/div>\n<h1 class=\"default-heading1\"><\/h1>\n","protected":false},"excerpt":{"rendered":"<p>Les bicicletes, els joves i les noves mobilitats \u00e9s el repte que planteja Joves i Mobilitat per al curs 2022-2023. I \u00e9s que en els \u00faltims anys, la bicicleta ha passat a formar part activa de la mobilitat dels nostres pobles i ciutats. A un \u00fas purament l\u00fadic, s\u2019ha unit la utilitzaci\u00f3 de la bicicleta [&hellip;]<\/p>\n","protected":false},"author":4,"featured_media":12913,"comment_status":"closed","ping_status":"closed","sticky":false,"template":"","format":"standard","meta":{"_bbp_topic_count":0,"_bbp_reply_count":0,"_bbp_total_topic_count":0,"_bbp_total_reply_count":0,"_bbp_voice_count":0,"_bbp_anonymous_reply_count":0,"_bbp_topic_count_hidden":0,"_bbp_reply_count_hidden":0,"_bbp_forum_subforum_count":0,"site-sidebar-layout":"default","site-content-layout":"","ast-site-content-layout":"","site-content-style":"default","site-sidebar-style":"default","ast-global-header-display":"","ast-banner-title-visibility":"","ast-main-header-display":"","ast-hfb-above-header-display":"","ast-hfb-below-header-display":"","ast-hfb-mobile-header-display":"","site-post-title":"","ast-breadcrumbs-content":"","ast-featured-img":"","footer-sml-layout":"","theme-transparent-header-meta":"","adv-header-id-meta":"","stick-header-meta":"","header-above-stick-meta":"","header-main-stick-meta":"","header-below-stick-meta":"","astra-migrate-meta-layouts":"default","ast-page-background-enabled":"default","ast-page-background-meta":{"desktop":{"background-color":"var(--ast-global-color-4)","background-image":"","background-repeat":"repeat","background-position":"center center","background-size":"auto","background-attachment":"scroll","background-type":"","background-media":"","overlay-type":"","overlay-color":"","overlay-opacity":"","overlay-gradient":""},"tablet":{"background-color":"","background-image":"","background-repeat":"repeat","background-position":"center center","background-size":"auto","background-attachment":"scroll","background-type":"","background-media":"","overlay-type":"","overlay-color":"","overlay-opacity":"","overlay-gradient":""},"mobile":{"background-color":"","background-image":"","background-repeat":"repeat","background-position":"center center","background-size":"auto","background-attachment":"scroll","background-type":"","background-media":"","overlay-type":"","overlay-color":"","overlay-opacity":"","overlay-gradient":""}},"ast-content-background-meta":{"desktop":{"background-color":"var(--ast-global-color-5)","background-image":"","background-repeat":"repeat","background-position":"center center","background-size":"auto","background-attachment":"scroll","background-type":"","background-media":"","overlay-type":"","overlay-color":"","overlay-opacity":"","overlay-gradient":""},"tablet":{"background-color":"var(--ast-global-color-5)","background-image":"","background-repeat":"repeat","background-position":"center center","background-size":"auto","background-attachment":"scroll","background-type":"","background-media":"","overlay-type":"","overlay-color":"","overlay-opacity":"","overlay-gradient":""},"mobile":{"background-color":"var(--ast-global-color-5)","background-image":"","background-repeat":"repeat","background-position":"center center","background-size":"auto","background-attachment":"scroll","background-type":"","background-media":"","overlay-type":"","overlay-color":"","overlay-opacity":"","overlay-gradient":""}},"footnotes":""},"categories":[282,1],"tags":[551,566,350,625,468,207,45,341,823],"class_list":["post-12912","post","type-post","status-publish","format-standard","has-post-thumbnail","hentry","category-actualitat","category-general","tag-alumnat","tag-centres-educatius","tag-concursos","tag-contaminacio","tag-mobilitat","tag-professorat","tag-salut","tag-sostenibilitat","tag-transport"],"post_mailing_queue_ids":[],"_links":{"self":[{"href":"https:\/\/serveiseducatius.xtec.cat\/altcamp\/wp-json\/wp\/v2\/posts\/12912","targetHints":{"allow":["GET"]}}],"collection":[{"href":"https:\/\/serveiseducatius.xtec.cat\/altcamp\/wp-json\/wp\/v2\/posts"}],"about":[{"href":"https:\/\/serveiseducatius.xtec.cat\/altcamp\/wp-json\/wp\/v2\/types\/post"}],"author":[{"embeddable":true,"href":"https:\/\/serveiseducatius.xtec.cat\/altcamp\/wp-json\/wp\/v2\/users\/4"}],"replies":[{"embeddable":true,"href":"https:\/\/serveiseducatius.xtec.cat\/altcamp\/wp-json\/wp\/v2\/comments?post=12912"}],"version-history":[{"count":1,"href":"https:\/\/serveiseducatius.xtec.cat\/altcamp\/wp-json\/wp\/v2\/posts\/12912\/revisions"}],"predecessor-version":[{"id":12914,"href":"https:\/\/serveiseducatius.xtec.cat\/altcamp\/wp-json\/wp\/v2\/posts\/12912\/revisions\/12914"}],"wp:featuredmedia":[{"embeddable":true,"href":"https:\/\/serveiseducatius.xtec.cat\/altcamp\/wp-json\/wp\/v2\/media\/12913"}],"wp:attachment":[{"href":"https:\/\/serveiseducatius.xtec.cat\/altcamp\/wp-json\/wp\/v2\/media?parent=12912"}],"wp:term":[{"taxonomy":"category","embeddable":true,"href":"https:\/\/serveiseducatius.xtec.cat\/altcamp\/wp-json\/wp\/v2\/categories?post=12912"},{"taxonomy":"post_tag","embeddable":true,"href":"https:\/\/serveiseducatius.xtec.cat\/altcamp\/wp-json\/wp\/v2\/tags?post=12912"}],"curies":[{"name":"wp","href":"https:\/\/api.w.org\/{rel}","templated":true}]}}