{"id":12909,"date":"2022-10-07T09:24:19","date_gmt":"2022-10-07T07:24:19","guid":{"rendered":"https:\/\/serveiseducatius.xtec.cat\/altcamp\/?p=12909"},"modified":"2024-02-08T11:30:25","modified_gmt":"2024-02-08T10:30:25","slug":"riscos-de-la-crianca-compartida-sharenting","status":"publish","type":"post","link":"https:\/\/serveiseducatius.xtec.cat\/altcamp\/recursos\/recomanem\/riscos-de-la-crianca-compartida-sharenting\/","title":{"rendered":"Riscos de la crian\u00e7a compartida (sharenting)"},"content":{"rendered":"<p><a href=\"https:\/\/www.is4k.es\/sites\/default\/files\/contenidos\/informe-eu-kids-online-mediacion.pdf\" target=\"_blank\" rel=\"noopener\">El 89% de les fam\u00edlies<\/a> comparteixen el contingut dels seus fills i filles a Facebook, Instagram o TikTok, aproximadament un cop al mes. Molts pares i mares volen compartir amb altres persones, properes o llunyanes, la felicitat de la seva maternitat i paternitat, l\u2019evoluci\u00f3 f\u00edsica del menor, el seu desenvolupament cognitiu, els seus dubtes o inquietuds sobre la crian\u00e7a en les diferents etapes de creixement&#8230; En una \u00e8poca en qu\u00e8 internet i les xarxes socials s\u00f3n plenament protagonistes, aquests canals esdevenen prioritaris per a progenitors amb aquesta necessitat.<\/p>\n<p>L\u2019APDCAT ha publicat un <a href=\"https:\/\/apdcat.gencat.cat\/web\/.content\/04-actualitat\/galeria_multimedia\/videos\/Sharenting.mp4\" target=\"_blank\" rel=\"noopener\"><strong>nou v\u00eddeo<\/strong><\/a> per conscienciar els progenitors dels <strong>riscos de la <a href=\"https:\/\/apdcat.gencat.cat\/ca\/documentacio\/dadesticsegures\/crianca-compartida-sharenting\" target=\"_blank\" rel=\"noopener\">crian\u00e7a compartida o <em>sharenting<\/em><\/a><\/strong>. Es tracta d\u2019una tend\u00e8ncia cada vegada m\u00e9s popular, en qu\u00e8 els pares i mares comparteixen imatges, v\u00eddeos i informaci\u00f3 sobre els seus fills i filles a internet i les xarxes socials, aix\u00ed com les seves pr\u00f2pies experi\u00e8ncies o inquietuds al voltant de la crian\u00e7a.<\/p>\n<p>&nbsp;<\/p>\n<p><a href=\"https:\/\/apdcat.gencat.cat\/web\/.content\/04-actualitat\/galeria_multimedia\/videos\/Sharenting.mp4\" target=\"_blank\" rel=\"noopener\"><img loading=\"lazy\" decoding=\"async\" class=\"wp-image-12910  aligncenter\" src=\"https:\/\/serveiseducatius.xtec.cat\/altcamp\/wp-content\/uploads\/usu1130\/2022\/10\/informacio-fills-1024x800.jpg\" alt=\"\" width=\"420\" height=\"328\" srcset=\"https:\/\/serveiseducatius.xtec.cat\/altcamp\/wp-content\/uploads\/usu1130\/2022\/10\/informacio-fills-1024x800.jpg 1024w, https:\/\/serveiseducatius.xtec.cat\/altcamp\/wp-content\/uploads\/usu1130\/2022\/10\/informacio-fills-300x234.jpg 300w, https:\/\/serveiseducatius.xtec.cat\/altcamp\/wp-content\/uploads\/usu1130\/2022\/10\/informacio-fills-768x600.jpg 768w, https:\/\/serveiseducatius.xtec.cat\/altcamp\/wp-content\/uploads\/usu1130\/2022\/10\/informacio-fills.jpg 1280w\" sizes=\"auto, (max-width: 420px) 100vw, 420px\" \/><\/a><\/p>\n<p>El <strong><a href=\"https:\/\/apdcat.gencat.cat\/web\/.content\/04-actualitat\/galeria_multimedia\/videos\/Sharenting.mp4\" target=\"_blank\" rel=\"noopener\">v\u00eddeo<\/a><\/strong> forma part de la campanya #DadesSegures, mitjan\u00e7ant la qual es vol conscienciar la ciutadania sobre la <strong>protecci\u00f3 de la privacitat i l\u2019\u00fas de les noves tecnologies<\/strong>. El v\u00eddeo es complementa amb una <a href=\"https:\/\/apdcat.gencat.cat\/ca\/documentacio\/dadesticsegures\/crianca-compartida-sharenting\" target=\"_blank\" rel=\"noopener\">nova entrada web<\/a>, que amplia la informaci\u00f3 sobre qu\u00e8 \u00e9s la crian\u00e7a compartida, per qu\u00e8 es produeix, quins riscos comporta i qu\u00e8 cal tenir en compte abans de publicar informaci\u00f3 de menors a internet i les xarxes, aix\u00ed com algunes recomanacions.<\/p>\n<p>Per publicar informaci\u00f3 d\u2019altres persones a internet i les xarxes socials, cal el seu consentiment. En el cas dels menors de 14 anys, aquest consentiment recau en els pares, mares i tutors legals. En tot cas, abans de publicar imatges o dades sobre menors, l\u2019APDCAT remarca que cal pensar en el dret a la intimitat i la reputaci\u00f3 de l\u2019infant, i si estaria d\u2019acord que es publiquessin imatges i informaci\u00f3 \u00edntima seva a internet i les xarxes socials, tenint en compte que immediatament queda fora de control i pot ser manipulada.<\/p>\n","protected":false},"excerpt":{"rendered":"<p>El 89% de les fam\u00edlies comparteixen el contingut dels seus fills i filles a Facebook, Instagram o TikTok, aproximadament un cop al mes. Molts pares i mares volen compartir amb altres persones, properes o llunyanes, la felicitat de la seva maternitat i paternitat, l\u2019evoluci\u00f3 f\u00edsica del menor, el seu desenvolupament cognitiu, els seus dubtes o [&hellip;]<\/p>\n","protected":false},"author":4,"featured_media":12910,"comment_status":"closed","ping_status":"closed","sticky":false,"template":"","format":"standard","meta":{"_bbp_topic_count":0,"_bbp_reply_count":0,"_bbp_total_topic_count":0,"_bbp_total_reply_count":0,"_bbp_voice_count":0,"_bbp_anonymous_reply_count":0,"_bbp_topic_count_hidden":0,"_bbp_reply_count_hidden":0,"_bbp_forum_subforum_count":0,"site-sidebar-layout":"default","site-content-layout":"","ast-site-content-layout":"","site-content-style":"default","site-sidebar-style":"default","ast-global-header-display":"","ast-banner-title-visibility":"","ast-main-header-display":"","ast-hfb-above-header-display":"","ast-hfb-below-header-display":"","ast-hfb-mobile-header-display":"","site-post-title":"","ast-breadcrumbs-content":"","ast-featured-img":"","footer-sml-layout":"","theme-transparent-header-meta":"","adv-header-id-meta":"","stick-header-meta":"","header-above-stick-meta":"","header-main-stick-meta":"","header-below-stick-meta":"","astra-migrate-meta-layouts":"default","ast-page-background-enabled":"default","ast-page-background-meta":{"desktop":{"background-color":"var(--ast-global-color-4)","background-image":"","background-repeat":"repeat","background-position":"center center","background-size":"auto","background-attachment":"scroll","background-type":"","background-media":"","overlay-type":"","overlay-color":"","overlay-opacity":"","overlay-gradient":""},"tablet":{"background-color":"","background-image":"","background-repeat":"repeat","background-position":"center center","background-size":"auto","background-attachment":"scroll","background-type":"","background-media":"","overlay-type":"","overlay-color":"","overlay-opacity":"","overlay-gradient":""},"mobile":{"background-color":"","background-image":"","background-repeat":"repeat","background-position":"center center","background-size":"auto","background-attachment":"scroll","background-type":"","background-media":"","overlay-type":"","overlay-color":"","overlay-opacity":"","overlay-gradient":""}},"ast-content-background-meta":{"desktop":{"background-color":"var(--ast-global-color-5)","background-image":"","background-repeat":"repeat","background-position":"center center","background-size":"auto","background-attachment":"scroll","background-type":"","background-media":"","overlay-type":"","overlay-color":"","overlay-opacity":"","overlay-gradient":""},"tablet":{"background-color":"var(--ast-global-color-5)","background-image":"","background-repeat":"repeat","background-position":"center center","background-size":"auto","background-attachment":"scroll","background-type":"","background-media":"","overlay-type":"","overlay-color":"","overlay-opacity":"","overlay-gradient":""},"mobile":{"background-color":"var(--ast-global-color-5)","background-image":"","background-repeat":"repeat","background-position":"center center","background-size":"auto","background-attachment":"scroll","background-type":"","background-media":"","overlay-type":"","overlay-color":"","overlay-opacity":"","overlay-gradient":""}},"footnotes":""},"categories":[287],"tags":[1024,462,618,362,457,1028,481],"class_list":["post-12909","post","type-post","status-publish","format-standard","has-post-thumbnail","hentry","category-recomanem","tag-drets-de-la-infancia","tag-families","tag-infants","tag-internet","tag-privacitat","tag-proteccio-de-dades","tag-xarxes-socials"],"post_mailing_queue_ids":[],"_links":{"self":[{"href":"https:\/\/serveiseducatius.xtec.cat\/altcamp\/wp-json\/wp\/v2\/posts\/12909","targetHints":{"allow":["GET"]}}],"collection":[{"href":"https:\/\/serveiseducatius.xtec.cat\/altcamp\/wp-json\/wp\/v2\/posts"}],"about":[{"href":"https:\/\/serveiseducatius.xtec.cat\/altcamp\/wp-json\/wp\/v2\/types\/post"}],"author":[{"embeddable":true,"href":"https:\/\/serveiseducatius.xtec.cat\/altcamp\/wp-json\/wp\/v2\/users\/4"}],"replies":[{"embeddable":true,"href":"https:\/\/serveiseducatius.xtec.cat\/altcamp\/wp-json\/wp\/v2\/comments?post=12909"}],"version-history":[{"count":1,"href":"https:\/\/serveiseducatius.xtec.cat\/altcamp\/wp-json\/wp\/v2\/posts\/12909\/revisions"}],"predecessor-version":[{"id":12911,"href":"https:\/\/serveiseducatius.xtec.cat\/altcamp\/wp-json\/wp\/v2\/posts\/12909\/revisions\/12911"}],"wp:featuredmedia":[{"embeddable":true,"href":"https:\/\/serveiseducatius.xtec.cat\/altcamp\/wp-json\/wp\/v2\/media\/12910"}],"wp:attachment":[{"href":"https:\/\/serveiseducatius.xtec.cat\/altcamp\/wp-json\/wp\/v2\/media?parent=12909"}],"wp:term":[{"taxonomy":"category","embeddable":true,"href":"https:\/\/serveiseducatius.xtec.cat\/altcamp\/wp-json\/wp\/v2\/categories?post=12909"},{"taxonomy":"post_tag","embeddable":true,"href":"https:\/\/serveiseducatius.xtec.cat\/altcamp\/wp-json\/wp\/v2\/tags?post=12909"}],"curies":[{"name":"wp","href":"https:\/\/api.w.org\/{rel}","templated":true}]}}