{"id":12901,"date":"2022-10-06T10:22:29","date_gmt":"2022-10-06T08:22:29","guid":{"rendered":"https:\/\/serveiseducatius.xtec.cat\/altcamp\/?p=12901"},"modified":"2022-10-06T10:23:00","modified_gmt":"2022-10-06T08:23:00","slug":"european-fusion-teacher-days","status":"publish","type":"post","link":"https:\/\/serveiseducatius.xtec.cat\/altcamp\/general\/european-fusion-teacher-days\/","title":{"rendered":"European Fusion Teacher Day"},"content":{"rendered":"<p><a href=\"https:\/\/indico.fusenet.eu\/event\/39\/?_ga=2.195998892.1078042263.1665041300-1000659620.1665041300\" target=\"_blank\" rel=\"noopener\"><img loading=\"lazy\" decoding=\"async\" class=\"aligncenter wp-image-12902 size-full\" src=\"https:\/\/serveiseducatius.xtec.cat\/altcamp\/wp-content\/uploads\/usu1130\/2022\/10\/Teacher-Day-2022.jpg\" alt=\"\" width=\"850\" height=\"300\" srcset=\"https:\/\/serveiseducatius.xtec.cat\/altcamp\/wp-content\/uploads\/usu1130\/2022\/10\/Teacher-Day-2022.jpg 850w, https:\/\/serveiseducatius.xtec.cat\/altcamp\/wp-content\/uploads\/usu1130\/2022\/10\/Teacher-Day-2022-300x106.jpg 300w, https:\/\/serveiseducatius.xtec.cat\/altcamp\/wp-content\/uploads\/usu1130\/2022\/10\/Teacher-Day-2022-768x271.jpg 768w\" sizes=\"auto, (max-width: 850px) 100vw, 850px\" \/><\/a><\/p>\n<blockquote>\n<div dir=\"ltr\">\n<blockquote>\n<div dir=\"ltr\">\n<div>\n<p>Aquest any s&#8217;organitza el 3r <strong><a href=\"https:\/\/indico.fusenet.eu\/event\/39\/?_ga=2.195998892.1078042263.1665041300-1000659620.1665041300\" target=\"_blank\" rel=\"noopener\">Fusion Teacher Day<\/a>. E<b>s prepara una activitat en remot (connexi\u00f3 via zoom) a nivell europeu sobre fusi\u00f3 nuclear per a professors de ci\u00e8ncies de secund\u00e0ria<\/b>. Ho organitza fusenet (<a href=\"https:\/\/fusenet.eu\/\" target=\"_blank\" rel=\"noopener\" data-saferedirecturl=\"https:\/\/www.google.com\/url?q=https:\/\/fusenet.eu\/&amp;source=gmail&amp;ust=1665103202623000&amp;usg=AOvVaw1hXba-1v4G1ZfJkhK11LGH\">https:\/\/fusenet.eu\/<\/a>) que \u00e9s una xarxa europea d&#8217;educaci\u00f3 sobre fusi\u00f3 nuclear.<\/strong> Es presentar\u00e0 i es lliurar\u00e0 un material als professors (de forma totalment gratu\u00efta) que es pot treballar a classe amb els estudiants sobre fusi\u00f3 nuclear. El material tracta la crisi energ\u00e8tica i d\u00f3na els fonaments f\u00edsics sobre el proc\u00e9s de fusi\u00f3 en els reactors experimentals actuals. A m\u00e9s cont\u00e9 una s\u00e8rie d&#8217;exercicis que conviden els alumnes a pensar.<\/p>\n<p>El<b>\u00a0material es composa d&#8217;un dossier per al professor, un dossier per als alumnes i un d&#8217;exercicis (el professor disposa de totes les solucions)<\/b>. Aquest material consta de 4 m\u00f2duls, un introductori (el m\u00e9s gran) i tres de m\u00e9s avan\u00e7ats per si el professor i els alumnes hi volen aprofundir m\u00e9s. Tot el material es far\u00e0 accessible als professors assistents.<\/p>\n<p>Es tracta d&#8217;un tema interessant per treballar amb els estudiants de secund\u00e0ria en el context actual que estem vivint que pot ajudar a desenvolupar el seu esperit cr\u00edtic. <b>L&#8217;activitat es realitzar\u00e0 el dia 14 d&#8217;octubre del 2022 sobre entre les 13:00-17:00 de la tarda i constar\u00e0 de la presentaci\u00f3 del material i una visita virtual a ITER (<a href=\"https:\/\/www.iter.org\/\" target=\"_blank\" rel=\"noopener\" data-saferedirecturl=\"https:\/\/www.google.com\/url?q=https:\/\/www.iter.org\/&amp;source=gmail&amp;ust=1665103202623000&amp;usg=AOvVaw149h2JrUWSx5TY7M5i9Pe7\">https:\/\/www.iter.org\/<\/a>)\u00a0<\/b>que \u00e9s el reactor que s&#8217;est\u00e0 construint al sud de Fran\u00e7a el qual ha de demostrar la capacitat de la fusi\u00f3 per generar m\u00e9s energia neta. \u00c9s de fet, el projecte cient\u00edfic m\u00e9s car de la hist\u00f2ria (molts pa\u00efsos estan involucrats, no nom\u00e9s Fran\u00e7a). De totes maneres, si el que m\u00e9s interessa s\u00f3n els recursos, la presentaci\u00f3 del material ser\u00e0 de 13:00 a 14:00, no seria necessari estar-hi tota la sessi\u00f3.<\/p>\n<p><a href=\"https:\/\/indico.fusenet.eu\/event\/39\/?_ga=2.195998892.1078042263.1665041300-1000659620.1665041300\" target=\"_blank\" rel=\"noopener\"><strong>Inscripci\u00f3<\/strong><\/a><\/p>\n<p>La presentaci\u00f3 del material la far\u00e0 <span style=\"font-family: inherit; font-size: 1em; color: #222222;\">Dani Gallart, investigador al Barcelona Supercomputing Center (BSC) en fusi\u00f3 nuclear<\/span><span style=\"font-family: inherit; font-size: 1em; color: #222222;\">, i el professorat interessat podr\u00e0 connectar-se de forma remota. Qui es vulgui inscriure ha de seguir aquest enlla\u00e7 que els porta directament al portal: <\/span><a style=\"font-family: inherit; font-size: 1em;\" href=\"https:\/\/indico.fusenet.eu\/event\/39\/\" target=\"_blank\" rel=\"noopener\" data-saferedirecturl=\"https:\/\/www.google.com\/url?q=https:\/\/indico.fusenet.eu\/event\/39\/&amp;source=gmail&amp;ust=1665103202623000&amp;usg=AOvVaw3zYU0LFAV6vmiuoBom_C9Z\">https:\/\/indico.fusenet.eu\/<wbr \/>event\/39\/<\/a><\/p>\n<\/div>\n<\/div>\n<\/blockquote>\n<\/div>\n<\/blockquote>\n","protected":false},"excerpt":{"rendered":"<p>Aquest any s&#8217;organitza el 3r Fusion Teacher Day. Es prepara una activitat en remot (connexi\u00f3 via zoom) a nivell europeu sobre fusi\u00f3 nuclear per a professors de ci\u00e8ncies de secund\u00e0ria. Ho organitza fusenet (https:\/\/fusenet.eu\/) que \u00e9s una xarxa europea d&#8217;educaci\u00f3 sobre fusi\u00f3 nuclear. Es presentar\u00e0 i es lliurar\u00e0 un material als professors (de forma totalment [&hellip;]<\/p>\n","protected":false},"author":4,"featured_media":12902,"comment_status":"closed","ping_status":"closed","sticky":false,"template":"","format":"standard","meta":{"_bbp_topic_count":0,"_bbp_reply_count":0,"_bbp_total_topic_count":0,"_bbp_total_reply_count":0,"_bbp_voice_count":0,"_bbp_anonymous_reply_count":0,"_bbp_topic_count_hidden":0,"_bbp_reply_count_hidden":0,"_bbp_forum_subforum_count":0,"site-sidebar-layout":"default","site-content-layout":"","ast-site-content-layout":"","site-content-style":"default","site-sidebar-style":"default","ast-global-header-display":"","ast-banner-title-visibility":"","ast-main-header-display":"","ast-hfb-above-header-display":"","ast-hfb-below-header-display":"","ast-hfb-mobile-header-display":"","site-post-title":"","ast-breadcrumbs-content":"","ast-featured-img":"","footer-sml-layout":"","theme-transparent-header-meta":"","adv-header-id-meta":"","stick-header-meta":"","header-above-stick-meta":"","header-main-stick-meta":"","header-below-stick-meta":"","astra-migrate-meta-layouts":"default","ast-page-background-enabled":"default","ast-page-background-meta":{"desktop":{"background-color":"var(--ast-global-color-4)","background-image":"","background-repeat":"repeat","background-position":"center center","background-size":"auto","background-attachment":"scroll","background-type":"","background-media":"","overlay-type":"","overlay-color":"","overlay-opacity":"","overlay-gradient":""},"tablet":{"background-color":"","background-image":"","background-repeat":"repeat","background-position":"center center","background-size":"auto","background-attachment":"scroll","background-type":"","background-media":"","overlay-type":"","overlay-color":"","overlay-opacity":"","overlay-gradient":""},"mobile":{"background-color":"","background-image":"","background-repeat":"repeat","background-position":"center center","background-size":"auto","background-attachment":"scroll","background-type":"","background-media":"","overlay-type":"","overlay-color":"","overlay-opacity":"","overlay-gradient":""}},"ast-content-background-meta":{"desktop":{"background-color":"var(--ast-global-color-5)","background-image":"","background-repeat":"repeat","background-position":"center center","background-size":"auto","background-attachment":"scroll","background-type":"","background-media":"","overlay-type":"","overlay-color":"","overlay-opacity":"","overlay-gradient":""},"tablet":{"background-color":"var(--ast-global-color-5)","background-image":"","background-repeat":"repeat","background-position":"center center","background-size":"auto","background-attachment":"scroll","background-type":"","background-media":"","overlay-type":"","overlay-color":"","overlay-opacity":"","overlay-gradient":""},"mobile":{"background-color":"var(--ast-global-color-5)","background-image":"","background-repeat":"repeat","background-position":"center center","background-size":"auto","background-attachment":"scroll","background-type":"","background-media":"","overlay-type":"","overlay-color":"","overlay-opacity":"","overlay-gradient":""}},"footnotes":""},"categories":[282,1],"tags":[250,373,226,207],"class_list":["post-12901","post","type-post","status-publish","format-standard","has-post-thumbnail","hentry","category-actualitat","category-general","tag-ciencia","tag-fisica","tag-formacio","tag-professorat"],"post_mailing_queue_ids":[],"_links":{"self":[{"href":"https:\/\/serveiseducatius.xtec.cat\/altcamp\/wp-json\/wp\/v2\/posts\/12901","targetHints":{"allow":["GET"]}}],"collection":[{"href":"https:\/\/serveiseducatius.xtec.cat\/altcamp\/wp-json\/wp\/v2\/posts"}],"about":[{"href":"https:\/\/serveiseducatius.xtec.cat\/altcamp\/wp-json\/wp\/v2\/types\/post"}],"author":[{"embeddable":true,"href":"https:\/\/serveiseducatius.xtec.cat\/altcamp\/wp-json\/wp\/v2\/users\/4"}],"replies":[{"embeddable":true,"href":"https:\/\/serveiseducatius.xtec.cat\/altcamp\/wp-json\/wp\/v2\/comments?post=12901"}],"version-history":[{"count":2,"href":"https:\/\/serveiseducatius.xtec.cat\/altcamp\/wp-json\/wp\/v2\/posts\/12901\/revisions"}],"predecessor-version":[{"id":12904,"href":"https:\/\/serveiseducatius.xtec.cat\/altcamp\/wp-json\/wp\/v2\/posts\/12901\/revisions\/12904"}],"wp:featuredmedia":[{"embeddable":true,"href":"https:\/\/serveiseducatius.xtec.cat\/altcamp\/wp-json\/wp\/v2\/media\/12902"}],"wp:attachment":[{"href":"https:\/\/serveiseducatius.xtec.cat\/altcamp\/wp-json\/wp\/v2\/media?parent=12901"}],"wp:term":[{"taxonomy":"category","embeddable":true,"href":"https:\/\/serveiseducatius.xtec.cat\/altcamp\/wp-json\/wp\/v2\/categories?post=12901"},{"taxonomy":"post_tag","embeddable":true,"href":"https:\/\/serveiseducatius.xtec.cat\/altcamp\/wp-json\/wp\/v2\/tags?post=12901"}],"curies":[{"name":"wp","href":"https:\/\/api.w.org\/{rel}","templated":true}]}}