{"id":12883,"date":"2022-10-03T12:34:06","date_gmt":"2022-10-03T10:34:06","guid":{"rendered":"https:\/\/serveiseducatius.xtec.cat\/altcamp\/?p=12883"},"modified":"2023-06-27T12:49:09","modified_gmt":"2023-06-27T10:49:09","slug":"construccio-de-models-alternatius-de-masculinitat-i-feminitat","status":"publish","type":"post","link":"https:\/\/serveiseducatius.xtec.cat\/altcamp\/recursos\/recomanem\/construccio-de-models-alternatius-de-masculinitat-i-feminitat\/","title":{"rendered":"Construcci\u00f3 de models alternatius de masculinitat i feminitat"},"content":{"rendered":"<p><img loading=\"lazy\" decoding=\"async\" class=\"wp-image-12884 aligncenter\" src=\"https:\/\/serveiseducatius.xtec.cat\/altcamp\/wp-content\/uploads\/usu1130\/2022\/10\/NousModelsMasculinitats.jpg\" alt=\"\" width=\"446\" height=\"362\" srcset=\"https:\/\/serveiseducatius.xtec.cat\/altcamp\/wp-content\/uploads\/usu1130\/2022\/10\/NousModelsMasculinitats.jpg 863w, https:\/\/serveiseducatius.xtec.cat\/altcamp\/wp-content\/uploads\/usu1130\/2022\/10\/NousModelsMasculinitats-300x244.jpg 300w, https:\/\/serveiseducatius.xtec.cat\/altcamp\/wp-content\/uploads\/usu1130\/2022\/10\/NousModelsMasculinitats-768x624.jpg 768w\" sizes=\"auto, (max-width: 446px) 100vw, 446px\" \/><\/p>\n<p><span dir=\"ltr\" role=\"presentation\">Aquestes <a href=\"https:\/\/xtec.gencat.cat\/web\/.content\/centres\/projeducatiu\/convivencia\/prog-form-prev-violencia-masclista\/2_families_PRI.pdf\" target=\"_blank\" rel=\"noopener\"><strong>activitats did\u00e0ctiques<\/strong><\/a> estan vinculades al <\/span><span dir=\"ltr\" role=\"presentation\">Protocol de prevenci\u00f3, detecci\u00f3 i intervenci\u00f3 <\/span><span dir=\"ltr\" role=\"presentation\">davant la viol\u00e8ncia masclista entre l\u2019alumnat del Departament d\u2019Educaci\u00f3.<\/span><\/p>\n<p><span dir=\"ltr\" role=\"presentation\">Els models de feminitat i masculinitat que <\/span><span dir=\"ltr\" role=\"presentation\">socialment reben els nens i les nenes,<\/span><br role=\"presentation\" \/><span dir=\"ltr\" role=\"presentation\">sovint limiten la seva identitat personal i la <\/span><span dir=\"ltr\" role=\"presentation\">seva llibertat. Aquests models afavoreixen<\/span><br role=\"presentation\" \/><span dir=\"ltr\" role=\"presentation\">posicions de privilegi dels nois i de <\/span><span dir=\"ltr\" role=\"presentation\">submissi\u00f3 de les noies, facilitant relacions <\/span><span dir=\"ltr\" role=\"presentation\">discriminat\u00f2ries i abusives que afecten el <\/span><span dir=\"ltr\" role=\"presentation\">seu desenvolupament i benestar.<\/span><br role=\"presentation\" \/><span dir=\"ltr\" role=\"presentation\">Les fam\u00edlies tenen un paper molt important <\/span><span dir=\"ltr\" role=\"presentation\">en l\u2019educaci\u00f3 dels fills i filles segons <\/span><span dir=\"ltr\" role=\"presentation\">uns models alternatius de masculinitat i <\/span><span dir=\"ltr\" role=\"presentation\">feminitat m\u00e9s justos i saludables; en el <\/span><span dir=\"ltr\" role=\"presentation\">cas dels nois, trencant els estereotips de <\/span><span dir=\"ltr\" role=\"presentation\">domini i \u00fas de poder. I, respecte a les noies, <\/span><span dir=\"ltr\" role=\"presentation\">afavorint el seu empoderament, la valoraci\u00f3 <\/span><span dir=\"ltr\" role=\"presentation\">de la feminitat i la promoci\u00f3 de la sororitat <\/span><span dir=\"ltr\" role=\"presentation\">entre dones.<\/span><br role=\"presentation\" \/><span dir=\"ltr\" role=\"presentation\">Dins l\u2019\u00e0mbit familiar, \u00e9s fonamental <\/span><span dir=\"ltr\" role=\"presentation\">identificar i q\u00fcestionar els models de <\/span><span dir=\"ltr\" role=\"presentation\">masculinitat i feminitat transmesos aix\u00ed <\/span><span dir=\"ltr\" role=\"presentation\">com acompanyar els fills i filles en el <\/span><span dir=\"ltr\" role=\"presentation\">desenvolupament d\u2019una identitat lliure <\/span><span dir=\"ltr\" role=\"presentation\">d\u2019estereotips i exempta dels rols de g\u00e8nere <\/span><span dir=\"ltr\" role=\"presentation\">masclistes derivats del patriarcat.<\/span><\/p>\n<p><strong><span dir=\"ltr\" role=\"presentation\">Objectius<\/span><\/strong><br role=\"presentation\" \/><span dir=\"ltr\" role=\"presentation\">\u2022 Sensibilitzar els pares i mares sobre la <\/span><span dir=\"ltr\" role=\"presentation\">import\u00e0ncia en la transmissi\u00f3 de models <\/span><span dir=\"ltr\" role=\"presentation\">alternatius de masculinitat i feminitat.<\/span><br role=\"presentation\" \/><span dir=\"ltr\" role=\"presentation\">\u2022 Aportar eines perqu\u00e8 les fam\u00edlies <\/span><span dir=\"ltr\" role=\"presentation\">identifiquin i transformin els rols de g\u00e8nere <\/span><span dir=\"ltr\" role=\"presentation\">estereotipats i desiguals.<\/span><br role=\"presentation\" \/><span dir=\"ltr\" role=\"presentation\">\u2022 Facilitar que les fam\u00edlies puguin q\u00fcestionar <\/span><span dir=\"ltr\" role=\"presentation\">i superar el discurs heteronormatiu <\/span><span dir=\"ltr\" role=\"presentation\">dels models de feminitat i masculinitat <\/span><span dir=\"ltr\" role=\"presentation\">dominants.<\/span><br role=\"presentation\" \/><span dir=\"ltr\" role=\"presentation\">\u2022 Ajudar les fam\u00edlies perqu\u00e8 puguin <\/span><span dir=\"ltr\" role=\"presentation\">acompanyar les filles i fills en la construcci\u00f3 <\/span><span dir=\"ltr\" role=\"presentation\">d\u2019una identitat lliure i plena.<\/span><\/p>\n<p><a href=\"https:\/\/xtec.gencat.cat\/web\/.content\/centres\/projeducatiu\/convivencia\/prog-form-prev-violencia-masclista\/2_families_PRI.pdf\" target=\"_blank\" rel=\"noopener\"><strong>Guia en PDF<\/strong><\/a><\/p>\n","protected":false},"excerpt":{"rendered":"<p>Aquestes activitats did\u00e0ctiques estan vinculades al Protocol de prevenci\u00f3, detecci\u00f3 i intervenci\u00f3 davant la viol\u00e8ncia masclista entre l\u2019alumnat del Departament d\u2019Educaci\u00f3. Els models de feminitat i masculinitat que socialment reben els nens i les nenes,sovint limiten la seva identitat personal i la seva llibertat. Aquests models afavoreixenposicions de privilegi dels nois i de submissi\u00f3 de [&hellip;]<\/p>\n","protected":false},"author":4,"featured_media":12884,"comment_status":"closed","ping_status":"closed","sticky":false,"template":"","format":"standard","meta":{"_bbp_topic_count":0,"_bbp_reply_count":0,"_bbp_total_topic_count":0,"_bbp_total_reply_count":0,"_bbp_voice_count":0,"_bbp_anonymous_reply_count":0,"_bbp_topic_count_hidden":0,"_bbp_reply_count_hidden":0,"_bbp_forum_subforum_count":0,"site-sidebar-layout":"default","site-content-layout":"","ast-site-content-layout":"","site-content-style":"default","site-sidebar-style":"default","ast-global-header-display":"","ast-banner-title-visibility":"","ast-main-header-display":"","ast-hfb-above-header-display":"","ast-hfb-below-header-display":"","ast-hfb-mobile-header-display":"","site-post-title":"","ast-breadcrumbs-content":"","ast-featured-img":"","footer-sml-layout":"","theme-transparent-header-meta":"","adv-header-id-meta":"","stick-header-meta":"","header-above-stick-meta":"","header-main-stick-meta":"","header-below-stick-meta":"","astra-migrate-meta-layouts":"default","ast-page-background-enabled":"default","ast-page-background-meta":{"desktop":{"background-color":"var(--ast-global-color-4)","background-image":"","background-repeat":"repeat","background-position":"center center","background-size":"auto","background-attachment":"scroll","background-type":"","background-media":"","overlay-type":"","overlay-color":"","overlay-opacity":"","overlay-gradient":""},"tablet":{"background-color":"","background-image":"","background-repeat":"repeat","background-position":"center center","background-size":"auto","background-attachment":"scroll","background-type":"","background-media":"","overlay-type":"","overlay-color":"","overlay-opacity":"","overlay-gradient":""},"mobile":{"background-color":"","background-image":"","background-repeat":"repeat","background-position":"center center","background-size":"auto","background-attachment":"scroll","background-type":"","background-media":"","overlay-type":"","overlay-color":"","overlay-opacity":"","overlay-gradient":""}},"ast-content-background-meta":{"desktop":{"background-color":"var(--ast-global-color-5)","background-image":"","background-repeat":"repeat","background-position":"center center","background-size":"auto","background-attachment":"scroll","background-type":"","background-media":"","overlay-type":"","overlay-color":"","overlay-opacity":"","overlay-gradient":""},"tablet":{"background-color":"var(--ast-global-color-5)","background-image":"","background-repeat":"repeat","background-position":"center center","background-size":"auto","background-attachment":"scroll","background-type":"","background-media":"","overlay-type":"","overlay-color":"","overlay-opacity":"","overlay-gradient":""},"mobile":{"background-color":"var(--ast-global-color-5)","background-image":"","background-repeat":"repeat","background-position":"center center","background-size":"auto","background-attachment":"scroll","background-type":"","background-media":"","overlay-type":"","overlay-color":"","overlay-opacity":"","overlay-gradient":""}},"footnotes":""},"categories":[287],"tags":[551,426,1256,627,954,462,439,479,1061,1060,480],"class_list":["post-12883","post","type-post","status-publish","format-standard","has-post-thumbnail","hentry","category-recomanem","tag-alumnat","tag-coeducacio","tag-controversies","tag-estereotips","tag-estereotips-de-genere","tag-families","tag-feminisme","tag-masclisme","tag-patriarcat","tag-rols-de-genere","tag-violencia-masclista"],"post_mailing_queue_ids":[],"_links":{"self":[{"href":"https:\/\/serveiseducatius.xtec.cat\/altcamp\/wp-json\/wp\/v2\/posts\/12883","targetHints":{"allow":["GET"]}}],"collection":[{"href":"https:\/\/serveiseducatius.xtec.cat\/altcamp\/wp-json\/wp\/v2\/posts"}],"about":[{"href":"https:\/\/serveiseducatius.xtec.cat\/altcamp\/wp-json\/wp\/v2\/types\/post"}],"author":[{"embeddable":true,"href":"https:\/\/serveiseducatius.xtec.cat\/altcamp\/wp-json\/wp\/v2\/users\/4"}],"replies":[{"embeddable":true,"href":"https:\/\/serveiseducatius.xtec.cat\/altcamp\/wp-json\/wp\/v2\/comments?post=12883"}],"version-history":[{"count":1,"href":"https:\/\/serveiseducatius.xtec.cat\/altcamp\/wp-json\/wp\/v2\/posts\/12883\/revisions"}],"predecessor-version":[{"id":12885,"href":"https:\/\/serveiseducatius.xtec.cat\/altcamp\/wp-json\/wp\/v2\/posts\/12883\/revisions\/12885"}],"wp:featuredmedia":[{"embeddable":true,"href":"https:\/\/serveiseducatius.xtec.cat\/altcamp\/wp-json\/wp\/v2\/media\/12884"}],"wp:attachment":[{"href":"https:\/\/serveiseducatius.xtec.cat\/altcamp\/wp-json\/wp\/v2\/media?parent=12883"}],"wp:term":[{"taxonomy":"category","embeddable":true,"href":"https:\/\/serveiseducatius.xtec.cat\/altcamp\/wp-json\/wp\/v2\/categories?post=12883"},{"taxonomy":"post_tag","embeddable":true,"href":"https:\/\/serveiseducatius.xtec.cat\/altcamp\/wp-json\/wp\/v2\/tags?post=12883"}],"curies":[{"name":"wp","href":"https:\/\/api.w.org\/{rel}","templated":true}]}}