{"id":12708,"date":"2022-07-04T13:48:43","date_gmt":"2022-07-04T11:48:43","guid":{"rendered":"https:\/\/serveiseducatius.xtec.cat\/altcamp\/?p=12708"},"modified":"2024-02-27T12:45:39","modified_gmt":"2024-02-27T11:45:39","slug":"ciencia-ciutadana-i-natura-un-repte-per-a-leducacio-per-a-la-sostenibilitat","status":"publish","type":"post","link":"https:\/\/serveiseducatius.xtec.cat\/altcamp\/actualitat\/ciencia-ciutadana-i-natura-un-repte-per-a-leducacio-per-a-la-sostenibilitat\/","title":{"rendered":"Ci\u00e8ncia ciutadana i natura: un repte per a l\u2019educaci\u00f3 per a la sostenibilitat"},"content":{"rendered":"<p><a href=\"https:\/\/mediambient.gencat.cat\/web\/.content\/home\/actualitat\/2022\/docs\/Guia-Ciencia-Ciutadana.pdf\" target=\"_blank\" rel=\"noopener\"><img loading=\"lazy\" decoding=\"async\" class=\"aligncenter wp-image-12709\" src=\"https:\/\/serveiseducatius.xtec.cat\/altcamp\/wp-content\/uploads\/usu1130\/2022\/07\/Guia-Ciencia-Ciutadana-1024x978.jpg\" alt=\"\" width=\"524\" height=\"500\" srcset=\"https:\/\/serveiseducatius.xtec.cat\/altcamp\/wp-content\/uploads\/usu1130\/2022\/07\/Guia-Ciencia-Ciutadana-1024x978.jpg 1024w, https:\/\/serveiseducatius.xtec.cat\/altcamp\/wp-content\/uploads\/usu1130\/2022\/07\/Guia-Ciencia-Ciutadana-300x287.jpg 300w, https:\/\/serveiseducatius.xtec.cat\/altcamp\/wp-content\/uploads\/usu1130\/2022\/07\/Guia-Ciencia-Ciutadana-768x734.jpg 768w, https:\/\/serveiseducatius.xtec.cat\/altcamp\/wp-content\/uploads\/usu1130\/2022\/07\/Guia-Ciencia-Ciutadana.jpg 1236w\" sizes=\"auto, (max-width: 524px) 100vw, 524px\" \/><\/a><\/p>\n<div class=\"imatge_amb_peu amb_text noticia clearfix col-sm-6\"><\/div>\n<div class=\"basic_text_peq pd-15 link-dotted\">\n<p>Impulsada i coordinada pel Servei d\u2019Educaci\u00f3 Ambiental del Departament i elaborada per la Fundaci\u00f3 Catalana de l\u2019Esplai, aquesta guia aborda les potencialitats i l\u2019impacte educatiu que tenen els projectes de ci\u00e8ncia ciutadana per descobrir i con\u00e8ixer la natura que ens envolta i per motivar i comprometre infants i joves en la protecci\u00f3 de la biodiversitat.<\/p>\n<p><span id=\"page17R_mcid115\" class=\"markedContent\"><span dir=\"ltr\" role=\"presentation\"> Aquesta <a href=\"https:\/\/mediambient.gencat.cat\/web\/.content\/home\/actualitat\/2022\/docs\/Guia-Ciencia-Ciutadana.pdf\" target=\"_blank\" rel=\"noopener\"><strong>guia<\/strong><\/a> vol apropar la<\/span><\/span><span id=\"page17R_mcid116\" class=\"markedContent\"><span dir=\"ltr\" role=\"presentation\"> pr\u00e0ctica cient\u00edfica i ciutadana als <\/span><\/span><span id=\"page17R_mcid117\" class=\"markedContent\"><span dir=\"ltr\" role=\"presentation\">centres educatius.<\/span><\/span><span id=\"page17R_mcid120\" class=\"markedContent\"><span dir=\"ltr\" role=\"presentation\"> La Guia pre<\/span><\/span><span id=\"page17R_mcid122\" class=\"markedContent\"><span dir=\"ltr\" role=\"presentation\">t\u00e9n ajudar els centres educatius a con<\/span><\/span><span id=\"page17R_mcid124\" class=\"markedContent\"><span dir=\"ltr\" role=\"presentation\">vertir els projectes de ci\u00e8ncia ciutadana <\/span><\/span><span id=\"page17R_mcid125\" class=\"markedContent\"><span dir=\"ltr\" role=\"presentation\">en veritables experi\u00e8ncies d\u2019aprenentatge <\/span><\/span><span id=\"page17R_mcid126\" class=\"markedContent\"><span dir=\"ltr\" role=\"presentation\">significatiu i vinculades al curr\u00edculum, tot <\/span><\/span><span id=\"page17R_mcid127\" class=\"markedContent\"><span dir=\"ltr\" role=\"presentation\">treballant-ne l\u2019estructuraci\u00f3 o la seq\u00fcen<\/span><\/span><span id=\"page17R_mcid129\" class=\"markedContent\"><span dir=\"ltr\" role=\"presentation\">ciaci\u00f3, el foment de la participaci\u00f3 activa <\/span><\/span><span id=\"page17R_mcid130\" class=\"markedContent\"><span dir=\"ltr\" role=\"presentation\">d\u2019infants i joves, o la revisi\u00f3 de metodo<\/span><\/span><span id=\"page17R_mcid131\" class=\"markedContent\"> <span dir=\"ltr\" role=\"presentation\">&#8211; <\/span><\/span><span id=\"page17R_mcid132\" class=\"markedContent\"><span dir=\"ltr\" role=\"presentation\">logies educatives.<\/span><\/span><\/p>\n<p><span id=\"page17R_mcid133\" class=\"markedContent\"><\/span><span id=\"page17R_mcid133\" class=\"markedContent\"><span dir=\"ltr\" role=\"presentation\">La Guia, doncs, aborda les potencialitats i <\/span><\/span><span id=\"page17R_mcid134\" class=\"markedContent\"><span dir=\"ltr\" role=\"presentation\">l\u2019impacte educatiu que tenen els projec<\/span><\/span><span id=\"page17R_mcid136\" class=\"markedContent\"><span dir=\"ltr\" role=\"presentation\">tes de ci\u00e8ncia ciutadana per descobrir i<\/span><\/span><span id=\"page17R_mcid137\" class=\"markedContent\"><br role=\"presentation\" \/><span dir=\"ltr\" role=\"presentation\">con\u00e8ixer la natura que ens envolta i per <\/span><\/span><span id=\"page17R_mcid138\" class=\"markedContent\"><span dir=\"ltr\" role=\"presentation\">motivar, apoderar i comprometre infants <\/span><\/span><span id=\"page17R_mcid139\" class=\"markedContent\"><span dir=\"ltr\" role=\"presentation\">i joves en la protecci\u00f3 de la biodiversitat<\/span><\/span><span id=\"page17R_mcid140\" class=\"markedContent\"><br role=\"presentation\" \/><span dir=\"ltr\" role=\"presentation\">a fi de fer-los m\u00e9s capa\u00e7os de mobilitzar <\/span><\/span><span id=\"page17R_mcid141\" class=\"markedContent\"><span dir=\"ltr\" role=\"presentation\">coneixements i prendre decisions perqu\u00e8 <\/span><\/span><span id=\"page17R_mcid142\" class=\"markedContent\"><span dir=\"ltr\" role=\"presentation\">actu\u00efn de manera m\u00e9s responsable i com<\/span><\/span><span id=\"page17R_mcid143\" class=\"markedContent\"><span dir=\"ltr\" role=\"presentation\">&#8211;<\/span><\/span><span id=\"page17R_mcid144\" class=\"markedContent\"><span dir=\"ltr\" role=\"presentation\"> promesa per a un m\u00f3n m\u00e9s sostenible.<\/span><\/span><\/p>\n<\/div>\n","protected":false},"excerpt":{"rendered":"<p>Impulsada i coordinada pel Servei d\u2019Educaci\u00f3 Ambiental del Departament i elaborada per la Fundaci\u00f3 Catalana de l\u2019Esplai, aquesta guia aborda les potencialitats i l\u2019impacte educatiu que tenen els projectes de ci\u00e8ncia ciutadana per descobrir i con\u00e8ixer la natura que ens envolta i per motivar i comprometre infants i joves en la protecci\u00f3 de la biodiversitat. [&hellip;]<\/p>\n","protected":false},"author":4,"featured_media":12709,"comment_status":"closed","ping_status":"closed","sticky":false,"template":"","format":"standard","meta":{"_bbp_topic_count":0,"_bbp_reply_count":0,"_bbp_total_topic_count":0,"_bbp_total_reply_count":0,"_bbp_voice_count":0,"_bbp_anonymous_reply_count":0,"_bbp_topic_count_hidden":0,"_bbp_reply_count_hidden":0,"_bbp_forum_subforum_count":0,"site-sidebar-layout":"default","site-content-layout":"","ast-site-content-layout":"","site-content-style":"default","site-sidebar-style":"default","ast-global-header-display":"","ast-banner-title-visibility":"","ast-main-header-display":"","ast-hfb-above-header-display":"","ast-hfb-below-header-display":"","ast-hfb-mobile-header-display":"","site-post-title":"","ast-breadcrumbs-content":"","ast-featured-img":"","footer-sml-layout":"","theme-transparent-header-meta":"","adv-header-id-meta":"","stick-header-meta":"","header-above-stick-meta":"","header-main-stick-meta":"","header-below-stick-meta":"","astra-migrate-meta-layouts":"default","ast-page-background-enabled":"default","ast-page-background-meta":{"desktop":{"background-color":"var(--ast-global-color-4)","background-image":"","background-repeat":"repeat","background-position":"center center","background-size":"auto","background-attachment":"scroll","background-type":"","background-media":"","overlay-type":"","overlay-color":"","overlay-opacity":"","overlay-gradient":""},"tablet":{"background-color":"","background-image":"","background-repeat":"repeat","background-position":"center center","background-size":"auto","background-attachment":"scroll","background-type":"","background-media":"","overlay-type":"","overlay-color":"","overlay-opacity":"","overlay-gradient":""},"mobile":{"background-color":"","background-image":"","background-repeat":"repeat","background-position":"center center","background-size":"auto","background-attachment":"scroll","background-type":"","background-media":"","overlay-type":"","overlay-color":"","overlay-opacity":"","overlay-gradient":""}},"ast-content-background-meta":{"desktop":{"background-color":"var(--ast-global-color-5)","background-image":"","background-repeat":"repeat","background-position":"center center","background-size":"auto","background-attachment":"scroll","background-type":"","background-media":"","overlay-type":"","overlay-color":"","overlay-opacity":"","overlay-gradient":""},"tablet":{"background-color":"var(--ast-global-color-5)","background-image":"","background-repeat":"repeat","background-position":"center center","background-size":"auto","background-attachment":"scroll","background-type":"","background-media":"","overlay-type":"","overlay-color":"","overlay-opacity":"","overlay-gradient":""},"mobile":{"background-color":"var(--ast-global-color-5)","background-image":"","background-repeat":"repeat","background-position":"center center","background-size":"auto","background-attachment":"scroll","background-type":"","background-media":"","overlay-type":"","overlay-color":"","overlay-opacity":"","overlay-gradient":""}},"footnotes":""},"categories":[282,1512,287],"tags":[570,566,250,658,423,207,341],"class_list":["post-12708","post","type-post","status-publish","format-standard","has-post-thumbnail","hentry","category-actualitat","category-ods","category-recomanem","tag-biodiversitat","tag-centres-educatius","tag-ciencia","tag-ciencia-ciutadana","tag-natura","tag-professorat","tag-sostenibilitat"],"post_mailing_queue_ids":[],"_links":{"self":[{"href":"https:\/\/serveiseducatius.xtec.cat\/altcamp\/wp-json\/wp\/v2\/posts\/12708","targetHints":{"allow":["GET"]}}],"collection":[{"href":"https:\/\/serveiseducatius.xtec.cat\/altcamp\/wp-json\/wp\/v2\/posts"}],"about":[{"href":"https:\/\/serveiseducatius.xtec.cat\/altcamp\/wp-json\/wp\/v2\/types\/post"}],"author":[{"embeddable":true,"href":"https:\/\/serveiseducatius.xtec.cat\/altcamp\/wp-json\/wp\/v2\/users\/4"}],"replies":[{"embeddable":true,"href":"https:\/\/serveiseducatius.xtec.cat\/altcamp\/wp-json\/wp\/v2\/comments?post=12708"}],"version-history":[{"count":1,"href":"https:\/\/serveiseducatius.xtec.cat\/altcamp\/wp-json\/wp\/v2\/posts\/12708\/revisions"}],"predecessor-version":[{"id":12710,"href":"https:\/\/serveiseducatius.xtec.cat\/altcamp\/wp-json\/wp\/v2\/posts\/12708\/revisions\/12710"}],"wp:featuredmedia":[{"embeddable":true,"href":"https:\/\/serveiseducatius.xtec.cat\/altcamp\/wp-json\/wp\/v2\/media\/12709"}],"wp:attachment":[{"href":"https:\/\/serveiseducatius.xtec.cat\/altcamp\/wp-json\/wp\/v2\/media?parent=12708"}],"wp:term":[{"taxonomy":"category","embeddable":true,"href":"https:\/\/serveiseducatius.xtec.cat\/altcamp\/wp-json\/wp\/v2\/categories?post=12708"},{"taxonomy":"post_tag","embeddable":true,"href":"https:\/\/serveiseducatius.xtec.cat\/altcamp\/wp-json\/wp\/v2\/tags?post=12708"}],"curies":[{"name":"wp","href":"https:\/\/api.w.org\/{rel}","templated":true}]}}