{"id":12696,"date":"2022-07-01T09:14:45","date_gmt":"2022-07-01T07:14:45","guid":{"rendered":"https:\/\/serveiseducatius.xtec.cat\/altcamp\/?p=12696"},"modified":"2022-07-01T09:14:45","modified_gmt":"2022-07-01T07:14:45","slug":"ep-escolta-i-parla-curs-oral-de-catala","status":"publish","type":"post","link":"https:\/\/serveiseducatius.xtec.cat\/altcamp\/actualitat\/ep-escolta-i-parla-curs-oral-de-catala\/","title":{"rendered":"Ep! Escolta i Parla. Curs oral de catal\u00e0"},"content":{"rendered":"<p><a href=\"https:\/\/llengua.gencat.cat\/ca\/serveis\/aprendre_catala\/ep-curs-oral-catala\/\" target=\"_blank\" rel=\"noopener\"><img loading=\"lazy\" decoding=\"async\" class=\"aligncenter wp-image-12697 size-full\" src=\"https:\/\/serveiseducatius.xtec.cat\/altcamp\/wp-content\/uploads\/usu1130\/2022\/07\/Ep-parla-escolta.jpg\" alt=\"\" width=\"832\" height=\"496\" srcset=\"https:\/\/serveiseducatius.xtec.cat\/altcamp\/wp-content\/uploads\/usu1130\/2022\/07\/Ep-parla-escolta.jpg 832w, https:\/\/serveiseducatius.xtec.cat\/altcamp\/wp-content\/uploads\/usu1130\/2022\/07\/Ep-parla-escolta-300x179.jpg 300w, https:\/\/serveiseducatius.xtec.cat\/altcamp\/wp-content\/uploads\/usu1130\/2022\/07\/Ep-parla-escolta-768x458.jpg 768w\" sizes=\"auto, (max-width: 832px) 100vw, 832px\" \/><\/a><\/p>\n<p>La Secretaria de Pol\u00edtica Ling\u00fc\u00edstica i el Consorci per a la Normalitzaci\u00f3 Ling\u00fc\u00edstica han creat el curs oral de catal\u00e0<strong><a href=\"https:\/\/llengua.gencat.cat\/ca\/serveis\/aprendre_catala\/ep-curs-oral-catala\/\" target=\"_blank\" rel=\"noopener\"> Ep! Escolta i Parla<\/a><\/strong>.<\/p>\n<p>Aquest <a href=\"https:\/\/llengua.gencat.cat\/ca\/serveis\/aprendre_catala\/ep-curs-oral-catala\/\" target=\"_blank\" rel=\"noopener\"><strong>curs<\/strong><\/a> s\u2019adre\u00e7a a persones adultes no alfabetitzades o amb poc bagatge acad\u00e8mic amb l\u2019objectiu que puguin resoldre les necessitats b\u00e0siques de la vida quotidiana en catal\u00e0. Es preveu que els aprenents que cursin l\u2019Ep! Escolta i Parla podran tenir la mateixa compet\u00e8ncia oral que els alumnes que hagin acabat el nivell A2 del Marc Europeu Com\u00fa de Refer\u00e8ncia.<\/p>\n<p>El Consorci per a la Normalitzaci\u00f3 Ling\u00fc\u00edstica ampliar\u00e0, a partir del proper curs, l\u2019oferta de cursos de catal\u00e0 amb la incorporaci\u00f3 de l\u2019Ep! Escolta i Parla.<\/p>\n<p>El curs est\u00e0 organitzat en tres m\u00f2duls i treballa nou temes relacionats amb la vida quotidiana. A cada m\u00f2dul es repassa el contingut treballat i se n\u2019afegeix de nou.<\/p>\n<p>La metodologia que es proposa \u00e9s significativa i comunicativa, amb activitats que demanen moviment, joc i participaci\u00f3.<\/p>\n","protected":false},"excerpt":{"rendered":"<p>La Secretaria de Pol\u00edtica Ling\u00fc\u00edstica i el Consorci per a la Normalitzaci\u00f3 Ling\u00fc\u00edstica han creat el curs oral de catal\u00e0 Ep! Escolta i Parla. Aquest curs s\u2019adre\u00e7a a persones adultes no alfabetitzades o amb poc bagatge acad\u00e8mic amb l\u2019objectiu que puguin resoldre les necessitats b\u00e0siques de la vida quotidiana en catal\u00e0. Es preveu que els [&hellip;]<\/p>\n","protected":false},"author":4,"featured_media":12697,"comment_status":"closed","ping_status":"closed","sticky":false,"template":"","format":"standard","meta":{"_bbp_topic_count":0,"_bbp_reply_count":0,"_bbp_total_topic_count":0,"_bbp_total_reply_count":0,"_bbp_voice_count":0,"_bbp_anonymous_reply_count":0,"_bbp_topic_count_hidden":0,"_bbp_reply_count_hidden":0,"_bbp_forum_subforum_count":0,"site-sidebar-layout":"default","site-content-layout":"","ast-site-content-layout":"","site-content-style":"default","site-sidebar-style":"default","ast-global-header-display":"","ast-banner-title-visibility":"","ast-main-header-display":"","ast-hfb-above-header-display":"","ast-hfb-below-header-display":"","ast-hfb-mobile-header-display":"","site-post-title":"","ast-breadcrumbs-content":"","ast-featured-img":"","footer-sml-layout":"","theme-transparent-header-meta":"","adv-header-id-meta":"","stick-header-meta":"","header-above-stick-meta":"","header-main-stick-meta":"","header-below-stick-meta":"","astra-migrate-meta-layouts":"default","ast-page-background-enabled":"default","ast-page-background-meta":{"desktop":{"background-color":"var(--ast-global-color-4)","background-image":"","background-repeat":"repeat","background-position":"center center","background-size":"auto","background-attachment":"scroll","background-type":"","background-media":"","overlay-type":"","overlay-color":"","overlay-opacity":"","overlay-gradient":""},"tablet":{"background-color":"","background-image":"","background-repeat":"repeat","background-position":"center center","background-size":"auto","background-attachment":"scroll","background-type":"","background-media":"","overlay-type":"","overlay-color":"","overlay-opacity":"","overlay-gradient":""},"mobile":{"background-color":"","background-image":"","background-repeat":"repeat","background-position":"center center","background-size":"auto","background-attachment":"scroll","background-type":"","background-media":"","overlay-type":"","overlay-color":"","overlay-opacity":"","overlay-gradient":""}},"ast-content-background-meta":{"desktop":{"background-color":"var(--ast-global-color-5)","background-image":"","background-repeat":"repeat","background-position":"center center","background-size":"auto","background-attachment":"scroll","background-type":"","background-media":"","overlay-type":"","overlay-color":"","overlay-opacity":"","overlay-gradient":""},"tablet":{"background-color":"var(--ast-global-color-5)","background-image":"","background-repeat":"repeat","background-position":"center center","background-size":"auto","background-attachment":"scroll","background-type":"","background-media":"","overlay-type":"","overlay-color":"","overlay-opacity":"","overlay-gradient":""},"mobile":{"background-color":"var(--ast-global-color-5)","background-image":"","background-repeat":"repeat","background-position":"center center","background-size":"auto","background-attachment":"scroll","background-type":"","background-media":"","overlay-type":"","overlay-color":"","overlay-opacity":"","overlay-gradient":""}},"footnotes":""},"categories":[282,287],"tags":[581,346,236],"class_list":["post-12696","post","type-post","status-publish","format-standard","has-post-thumbnail","hentry","category-actualitat","category-recomanem","tag-comunicacio-oral","tag-educacio-dadults","tag-llengua-catalana"],"post_mailing_queue_ids":[],"_links":{"self":[{"href":"https:\/\/serveiseducatius.xtec.cat\/altcamp\/wp-json\/wp\/v2\/posts\/12696","targetHints":{"allow":["GET"]}}],"collection":[{"href":"https:\/\/serveiseducatius.xtec.cat\/altcamp\/wp-json\/wp\/v2\/posts"}],"about":[{"href":"https:\/\/serveiseducatius.xtec.cat\/altcamp\/wp-json\/wp\/v2\/types\/post"}],"author":[{"embeddable":true,"href":"https:\/\/serveiseducatius.xtec.cat\/altcamp\/wp-json\/wp\/v2\/users\/4"}],"replies":[{"embeddable":true,"href":"https:\/\/serveiseducatius.xtec.cat\/altcamp\/wp-json\/wp\/v2\/comments?post=12696"}],"version-history":[{"count":1,"href":"https:\/\/serveiseducatius.xtec.cat\/altcamp\/wp-json\/wp\/v2\/posts\/12696\/revisions"}],"predecessor-version":[{"id":12698,"href":"https:\/\/serveiseducatius.xtec.cat\/altcamp\/wp-json\/wp\/v2\/posts\/12696\/revisions\/12698"}],"wp:featuredmedia":[{"embeddable":true,"href":"https:\/\/serveiseducatius.xtec.cat\/altcamp\/wp-json\/wp\/v2\/media\/12697"}],"wp:attachment":[{"href":"https:\/\/serveiseducatius.xtec.cat\/altcamp\/wp-json\/wp\/v2\/media?parent=12696"}],"wp:term":[{"taxonomy":"category","embeddable":true,"href":"https:\/\/serveiseducatius.xtec.cat\/altcamp\/wp-json\/wp\/v2\/categories?post=12696"},{"taxonomy":"post_tag","embeddable":true,"href":"https:\/\/serveiseducatius.xtec.cat\/altcamp\/wp-json\/wp\/v2\/tags?post=12696"}],"curies":[{"name":"wp","href":"https:\/\/api.w.org\/{rel}","templated":true}]}}