{"id":12639,"date":"2022-06-15T14:06:50","date_gmt":"2022-06-15T12:06:50","guid":{"rendered":"https:\/\/serveiseducatius.xtec.cat\/altcamp\/?p=12639"},"modified":"2023-02-20T12:30:12","modified_gmt":"2023-02-20T11:30:12","slug":"guia-hem-de-parlar-de-porno","status":"publish","type":"post","link":"https:\/\/serveiseducatius.xtec.cat\/altcamp\/actualitat\/guia-hem-de-parlar-de-porno\/","title":{"rendered":"Guia &#8220;Hem de parlar de porno&#8221;"},"content":{"rendered":"<p><a href=\"https:\/\/www.savethechildren.es\/sites\/default\/files\/2020-09\/Guia_Hem_de_parlar_del_porno_2020.pdf\" target=\"_blank\" rel=\"noopener\"><img loading=\"lazy\" decoding=\"async\" class=\"wp-image-12640 aligncenter\" src=\"https:\/\/serveiseducatius.xtec.cat\/altcamp\/wp-content\/uploads\/usu1130\/2022\/06\/Guia-Hem-de-parlar-del-porno.jpg\" alt=\"\" width=\"465\" height=\"438\" srcset=\"https:\/\/serveiseducatius.xtec.cat\/altcamp\/wp-content\/uploads\/usu1130\/2022\/06\/Guia-Hem-de-parlar-del-porno.jpg 772w, https:\/\/serveiseducatius.xtec.cat\/altcamp\/wp-content\/uploads\/usu1130\/2022\/06\/Guia-Hem-de-parlar-del-porno-300x283.jpg 300w, https:\/\/serveiseducatius.xtec.cat\/altcamp\/wp-content\/uploads\/usu1130\/2022\/06\/Guia-Hem-de-parlar-del-porno-768x723.jpg 768w\" sizes=\"auto, (max-width: 465px) 100vw, 465px\" \/><\/a><\/p>\n<p><span id=\"page13R_mcid27\" class=\"markedContent\"><span dir=\"ltr\" role=\"presentation\">L\u2019adolesc\u00e8ncia \u00e9s una etapa de la vida complexa<\/span><\/span><span id=\"page13R_mcid28\" class=\"markedContent\"> <span dir=\"ltr\" role=\"presentation\">per la quantitat de <\/span><\/span><span id=\"page13R_mcid29\" class=\"markedContent\"><span dir=\"ltr\" role=\"presentation\">canvis f\u00edsics, psicol\u00f2gics i socials que succeeixen i que tamb\u00e9 inclouen tots <\/span><\/span><span id=\"page13R_mcid30\" class=\"markedContent\"><span dir=\"ltr\" role=\"presentation\">els relacionats amb la sexualitat.<\/span><\/span><\/p>\n<p><span id=\"page13R_mcid31\" class=\"markedContent\"><span dir=\"ltr\" role=\"presentation\">El m\u00f3n actual on viuen els adolescents presenta diversos factors que de<\/span><\/span><span id=\"page13R_mcid33\" class=\"markedContent\"><span dir=\"ltr\" role=\"presentation\">fineixen el seu desenvolupament sexual, com l\u2019avan\u00e7 de les noves tecnolo<\/span><\/span><span id=\"page13R_mcid35\" class=\"markedContent\"><span dir=\"ltr\" role=\"presentation\">gies, la falta d\u2019educaci\u00f3 sexual en el curr\u00edculum educatiu, les desigualtats <\/span><\/span><span id=\"page13R_mcid36\" class=\"markedContent\"><span dir=\"ltr\" role=\"presentation\">socials i la viol\u00e8ncia de g\u00e8nere. En aquest marc apareix la \u00abnova pornogra<\/span><\/span><span id=\"page13R_mcid38\" class=\"markedContent\"><span dir=\"ltr\" role=\"presentation\">fia\u00bb accessible, il\u00b7limitada tant en quantitat com en continguts, an\u00f2nima i <\/span><\/span><span id=\"page13R_mcid39\" class=\"markedContent\"><span dir=\"ltr\" role=\"presentation\">interactiva. Es tracta d\u2019una pe\u00e7a clau en el desenvolupament sexual adoles<\/span><\/span><span id=\"page13R_mcid41\" class=\"markedContent\"><span dir=\"ltr\" role=\"presentation\">cent que impacta en la seva manera d\u2019entendre la sexualitat i en les seves <\/span><\/span><span id=\"page13R_mcid42\" class=\"markedContent\"><span dir=\"ltr\" role=\"presentation\">relacions, i que pot desembocar en comportaments de risc.<\/span><\/span><\/p>\n<p><span id=\"page13R_mcid43\" class=\"markedContent\"><\/span><strong><span id=\"page13R_mcid43\" class=\"markedContent\"><span dir=\"ltr\" role=\"presentation\">L\u2019adolesc\u00e8ncia consumeix pornografia? La prenen com a refer\u00e8ncia en les<\/span><\/span><span id=\"page13R_mcid44\" class=\"markedContent\"><span dir=\"ltr\" role=\"presentation\">seves relacions? Els agrada el que veuen? Consideren que hi ha viol\u00e8ncia <\/span><\/span><span id=\"page13R_mcid45\" class=\"markedContent\"><span dir=\"ltr\" role=\"presentation\">o desigualtat en el seu contingut? Per qu\u00e8 la busquen? Com la descobre<\/span><\/span><span id=\"page13R_mcid47\" class=\"markedContent\"><span dir=\"ltr\" role=\"presentation\">ixen? Hi est\u00e0 representat el col\u00b7lectiu LGTBI? Hi ha difer\u00e8ncies de g\u00e8nere? <\/span><\/span><span id=\"page13R_mcid48\" class=\"markedContent\"><span dir=\"ltr\" role=\"presentation\">L\u2019educaci\u00f3 sexual que reben els \u00e9s suficient? Consideren que en necessiten <\/span><\/span><span id=\"page13R_mcid49\" class=\"markedContent\"><span dir=\"ltr\" role=\"presentation\">saber m\u00e9s?<\/span><\/span><\/strong><span id=\"page13R_mcid50\" class=\"markedContent\"><\/span><\/p>\n<p><span id=\"page13R_mcid50\" class=\"markedContent\"><br role=\"presentation\" \/><span dir=\"ltr\" role=\"presentation\">Aquestes s\u00f3n les preguntes que ens hem fet a Save the Children amb la <\/span><\/span><span id=\"page13R_mcid51\" class=\"markedContent\"><span dir=\"ltr\" role=\"presentation\">finalitat d\u2019afrontar aquesta realitat sense tab\u00fas, per poder oferir respostes <\/span><\/span><span id=\"page13R_mcid52\" class=\"markedContent\"><span dir=\"ltr\" role=\"presentation\">ajustades a les necessitats de la inf\u00e0ncia i l\u2019adolesc\u00e8ncia que garanteixin el <\/span><\/span><span id=\"page13R_mcid53\" class=\"markedContent\"><span dir=\"ltr\" role=\"presentation\">seu benestar i el desenvolupament integral de la seva identitat. Com a re<\/span><\/span><span id=\"page13R_mcid55\" class=\"markedContent\"><span dir=\"ltr\" role=\"presentation\">sultat, hem elaborat<\/span><\/span><span id=\"page13R_mcid56\" class=\"markedContent\"> <span dir=\"ltr\" role=\"presentation\">l\u2019informe \u00ab(Des)informaci\u00f3 sexual: pornografia<\/span><\/span><span id=\"page13R_mcid57\" class=\"markedContent\"><br role=\"presentation\" \/><span dir=\"ltr\" role=\"presentation\">i adolesc\u00e8ncia\u00bb<\/span><\/span><span id=\"page13R_mcid58\" class=\"markedContent\"> <span dir=\"ltr\" role=\"presentation\">i aquesta guia per a fam\u00edlies.<\/span><\/span><\/p>\n<p><span id=\"page13R_mcid59\" class=\"markedContent\"><span dir=\"ltr\" role=\"presentation\">Amb <a href=\"https:\/\/www.savethechildren.es\/sites\/default\/files\/2020-09\/Guia_Hem_de_parlar_del_porno_2020.pdf\" target=\"_blank\" rel=\"noopener\">aquesta guia<\/a> pretenem aportar<\/span><\/span><span id=\"page13R_mcid60\" class=\"markedContent\"> <span dir=\"ltr\" role=\"presentation\">claus perqu\u00e8 les fam\u00edlies puguin <\/span><\/span><span id=\"page13R_mcid61\" class=\"markedContent\"><span dir=\"ltr\" role=\"presentation\">ajudar les seves filles i els seus fills a formar-se una visi\u00f3 cr\u00edtica <\/span><\/span><span id=\"page13R_mcid62\" class=\"markedContent\"><span dir=\"ltr\" role=\"presentation\">i realista sobre la pornografia.<\/span><\/span><span id=\"page13R_mcid63\" class=\"markedContent\"><\/span><\/p>\n<p><span id=\"page33R_mcid112\" class=\"markedContent\"><span dir=\"ltr\" role=\"presentation\">La major part de recerques, i tamb\u00e9 dels testimoniatges de moltes fam\u00edlies, <\/span><\/span><span id=\"page33R_mcid113\" class=\"markedContent\"><span dir=\"ltr\" role=\"presentation\">alerten que els primers contactes amb la pornografia comencen a oc\u00f3rrer <\/span><\/span><span id=\"page33R_mcid114\" class=\"markedContent\"><span dir=\"ltr\" role=\"presentation\">entorn dels 9 i 11 anys.<\/span><\/span><\/p>\n<p><span id=\"page1R_mcid21\" class=\"markedContent\"><span dir=\"ltr\" role=\"presentation\">Aquesta guia ha estat elaborada per la Direcci\u00f3 de Pol\u00edtiques <\/span><\/span><span id=\"page1R_mcid22\" class=\"markedContent\"><span dir=\"ltr\" role=\"presentation\">d\u2019Inf\u00e0ncia i Sensibilitzaci\u00f3 de Save the Children sobre la base<\/span><\/span><span id=\"page1R_mcid23\" class=\"markedContent\"><br role=\"presentation\" \/><span dir=\"ltr\" role=\"presentation\">d\u2019una guia de Daniel Santacruz, psic\u00f2leg i sex\u00f2leg.<\/span><\/span><\/p>\n","protected":false},"excerpt":{"rendered":"<p>L\u2019adolesc\u00e8ncia \u00e9s una etapa de la vida complexa per la quantitat de canvis f\u00edsics, psicol\u00f2gics i socials que succeeixen i que tamb\u00e9 inclouen tots els relacionats amb la sexualitat. El m\u00f3n actual on viuen els adolescents presenta diversos factors que defineixen el seu desenvolupament sexual, com l\u2019avan\u00e7 de les noves tecnologies, la falta d\u2019educaci\u00f3 sexual [&hellip;]<\/p>\n","protected":false},"author":4,"featured_media":12640,"comment_status":"closed","ping_status":"closed","sticky":false,"template":"","format":"standard","meta":{"_bbp_topic_count":0,"_bbp_reply_count":0,"_bbp_total_topic_count":0,"_bbp_total_reply_count":0,"_bbp_voice_count":0,"_bbp_anonymous_reply_count":0,"_bbp_topic_count_hidden":0,"_bbp_reply_count_hidden":0,"_bbp_forum_subforum_count":0,"site-sidebar-layout":"default","site-content-layout":"","ast-site-content-layout":"","site-content-style":"default","site-sidebar-style":"default","ast-global-header-display":"","ast-banner-title-visibility":"","ast-main-header-display":"","ast-hfb-above-header-display":"","ast-hfb-below-header-display":"","ast-hfb-mobile-header-display":"","site-post-title":"","ast-breadcrumbs-content":"","ast-featured-img":"","footer-sml-layout":"","theme-transparent-header-meta":"","adv-header-id-meta":"","stick-header-meta":"","header-above-stick-meta":"","header-main-stick-meta":"","header-below-stick-meta":"","astra-migrate-meta-layouts":"default","ast-page-background-enabled":"default","ast-page-background-meta":{"desktop":{"background-color":"var(--ast-global-color-4)","background-image":"","background-repeat":"repeat","background-position":"center center","background-size":"auto","background-attachment":"scroll","background-type":"","background-media":"","overlay-type":"","overlay-color":"","overlay-opacity":"","overlay-gradient":""},"tablet":{"background-color":"","background-image":"","background-repeat":"repeat","background-position":"center center","background-size":"auto","background-attachment":"scroll","background-type":"","background-media":"","overlay-type":"","overlay-color":"","overlay-opacity":"","overlay-gradient":""},"mobile":{"background-color":"","background-image":"","background-repeat":"repeat","background-position":"center center","background-size":"auto","background-attachment":"scroll","background-type":"","background-media":"","overlay-type":"","overlay-color":"","overlay-opacity":"","overlay-gradient":""}},"ast-content-background-meta":{"desktop":{"background-color":"var(--ast-global-color-5)","background-image":"","background-repeat":"repeat","background-position":"center center","background-size":"auto","background-attachment":"scroll","background-type":"","background-media":"","overlay-type":"","overlay-color":"","overlay-opacity":"","overlay-gradient":""},"tablet":{"background-color":"var(--ast-global-color-5)","background-image":"","background-repeat":"repeat","background-position":"center center","background-size":"auto","background-attachment":"scroll","background-type":"","background-media":"","overlay-type":"","overlay-color":"","overlay-opacity":"","overlay-gradient":""},"mobile":{"background-color":"var(--ast-global-color-5)","background-image":"","background-repeat":"repeat","background-position":"center center","background-size":"auto","background-attachment":"scroll","background-type":"","background-media":"","overlay-type":"","overlay-color":"","overlay-opacity":"","overlay-gradient":""}},"footnotes":""},"categories":[282,287,1237],"tags":[393,392,312,410,1058,306],"class_list":["post-12639","post","type-post","status-publish","format-standard","has-post-thumbnail","hentry","category-actualitat","category-recomanem","category-sexualitat","tag-adolescencia","tag-educacio-afectiva-i-sexual","tag-familia","tag-infancia","tag-pornografia","tag-sexualitat"],"post_mailing_queue_ids":[],"_links":{"self":[{"href":"https:\/\/serveiseducatius.xtec.cat\/altcamp\/wp-json\/wp\/v2\/posts\/12639","targetHints":{"allow":["GET"]}}],"collection":[{"href":"https:\/\/serveiseducatius.xtec.cat\/altcamp\/wp-json\/wp\/v2\/posts"}],"about":[{"href":"https:\/\/serveiseducatius.xtec.cat\/altcamp\/wp-json\/wp\/v2\/types\/post"}],"author":[{"embeddable":true,"href":"https:\/\/serveiseducatius.xtec.cat\/altcamp\/wp-json\/wp\/v2\/users\/4"}],"replies":[{"embeddable":true,"href":"https:\/\/serveiseducatius.xtec.cat\/altcamp\/wp-json\/wp\/v2\/comments?post=12639"}],"version-history":[{"count":1,"href":"https:\/\/serveiseducatius.xtec.cat\/altcamp\/wp-json\/wp\/v2\/posts\/12639\/revisions"}],"predecessor-version":[{"id":12641,"href":"https:\/\/serveiseducatius.xtec.cat\/altcamp\/wp-json\/wp\/v2\/posts\/12639\/revisions\/12641"}],"wp:featuredmedia":[{"embeddable":true,"href":"https:\/\/serveiseducatius.xtec.cat\/altcamp\/wp-json\/wp\/v2\/media\/12640"}],"wp:attachment":[{"href":"https:\/\/serveiseducatius.xtec.cat\/altcamp\/wp-json\/wp\/v2\/media?parent=12639"}],"wp:term":[{"taxonomy":"category","embeddable":true,"href":"https:\/\/serveiseducatius.xtec.cat\/altcamp\/wp-json\/wp\/v2\/categories?post=12639"},{"taxonomy":"post_tag","embeddable":true,"href":"https:\/\/serveiseducatius.xtec.cat\/altcamp\/wp-json\/wp\/v2\/tags?post=12639"}],"curies":[{"name":"wp","href":"https:\/\/api.w.org\/{rel}","templated":true}]}}