{"id":12546,"date":"2022-05-24T13:37:29","date_gmt":"2022-05-24T11:37:29","guid":{"rendered":"https:\/\/serveiseducatius.xtec.cat\/altcamp\/?p=12546"},"modified":"2022-06-08T10:42:30","modified_gmt":"2022-06-08T08:42:30","slug":"la-importancia-de-la-inversio-en-letapa-0-3","status":"publish","type":"post","link":"https:\/\/serveiseducatius.xtec.cat\/altcamp\/actualitat\/la-importancia-de-la-inversio-en-letapa-0-3\/","title":{"rendered":"La import\u00e0ncia de la inversi\u00f3 en l&#8217;etapa 0-3"},"content":{"rendered":"<p><a href=\"https:\/\/www.diba.cat\/documents\/94105123\/345092107\/IC-Inversio03.pdf\/b27dc790-2854-a674-a86d-0313c42a820b?t=1614942284904\" target=\"_blank\" rel=\"noopener\"><img loading=\"lazy\" decoding=\"async\" class=\"alignnone wp-image-12547\" src=\"https:\/\/serveiseducatius.xtec.cat\/altcamp\/wp-content\/uploads\/usu1130\/2022\/05\/inversio-0-3.jpg\" alt=\"\" width=\"697\" height=\"632\" srcset=\"https:\/\/serveiseducatius.xtec.cat\/altcamp\/wp-content\/uploads\/usu1130\/2022\/05\/inversio-0-3.jpg 938w, https:\/\/serveiseducatius.xtec.cat\/altcamp\/wp-content\/uploads\/usu1130\/2022\/05\/inversio-0-3-300x272.jpg 300w, https:\/\/serveiseducatius.xtec.cat\/altcamp\/wp-content\/uploads\/usu1130\/2022\/05\/inversio-0-3-768x696.jpg 768w\" sizes=\"auto, (max-width: 697px) 100vw, 697px\" \/><\/a><\/p>\n<p><span id=\"page181R_mcid7\" class=\"markedContent\"><span dir=\"ltr\" role=\"presentation\">La pand\u00e8mia ha agreujat el ja elevat nivell de desigualtat resultant de la crisi del 2008 i ha tingut m\u00e9s incid\u00e8ncia<\/span><\/span><span id=\"page181R_mcid8\" class=\"markedContent\"><br role=\"presentation\" \/><span dir=\"ltr\" role=\"presentation\">encara en els infants: <strong>154.000 llars viuen actualment en situaci\u00f3 de pobresa severa a Catalunya.<\/strong><\/span><\/span><span id=\"page181R_mcid9\" class=\"markedContent\"><\/span><\/p>\n<p><span id=\"page181R_mcid9\" class=\"markedContent\"><br role=\"presentation\" \/><span dir=\"ltr\" role=\"presentation\">\u2022<\/span><\/span><span id=\"page181R_mcid10\" class=\"markedContent\"> <span dir=\"ltr\" role=\"presentation\">Existeix, doncs, una polaritzaci\u00f3 d\u2019inf\u00e0ncies que requereix una aposta pol\u00edtica decidida en termes d\u2019inversi\u00f3 en<\/span><\/span><span id=\"page181R_mcid11\" class=\"markedContent\"><br role=\"presentation\" \/><span dir=\"ltr\" role=\"presentation\">pol\u00edtiques de reducci\u00f3 de la pobresa i d\u2019educaci\u00f3 en la primera inf\u00e0ncia de qualitat.<\/span><\/span><span id=\"page181R_mcid12\" class=\"markedContent\"><br role=\"presentation\" \/><span dir=\"ltr\" role=\"presentation\">\u2022<\/span><\/span><span id=\"page181R_mcid13\" class=\"markedContent\"> <span dir=\"ltr\" role=\"presentation\">Les escoles bressol, com a espais indiscutibles de contenci\u00f3 dels efectes de les desigualtats i de generaci\u00f3<\/span><\/span><span id=\"page181R_mcid14\" class=\"markedContent\"><br role=\"presentation\" \/><span dir=\"ltr\" role=\"presentation\">d\u2019oportunitats, han de ser un pilar fonamental d\u2019una pol\u00edtica p\u00fablica d\u2019atenci\u00f3 a la inf\u00e0ncia fonamentada en els drets<\/span><\/span><span id=\"page181R_mcid15\" class=\"markedContent\"><br role=\"presentation\" \/><span dir=\"ltr\" role=\"presentation\">dels infants.<\/span><\/span><\/p>\n<p><strong><span id=\"page1R_mcid33\" class=\"markedContent\"><span dir=\"ltr\" role=\"presentation\">L\u2019escola bressol com a ascensor social<\/span><\/span><\/strong><span id=\"page1R_mcid34\" class=\"markedContent\"><\/span><\/p>\n<p><span id=\"page1R_mcid34\" class=\"markedContent\"><br role=\"presentation\" \/><span dir=\"ltr\" role=\"presentation\">\u2022<\/span><\/span><span id=\"page1R_mcid35\" class=\"markedContent\"> <span dir=\"ltr\" role=\"presentation\">L\u2019escola bressol ha demostrat tenir una important funci\u00f3 igualadora, ja que genera oportunitats per a tots els infants, i<\/span><\/span><span id=\"page1R_mcid36\" class=\"markedContent\"><br role=\"presentation\" \/><span dir=\"ltr\" role=\"presentation\">t\u00e9 especial impacte en els que provenen d\u2019entorns m\u00e9s vulnerables.<\/span><\/span><span id=\"page1R_mcid37\" class=\"markedContent\"><br role=\"presentation\" \/><span dir=\"ltr\" role=\"presentation\">\u2022<\/span><\/span><span id=\"page1R_mcid38\" class=\"markedContent\"> <span dir=\"ltr\" role=\"presentation\">La primera inf\u00e0ncia \u00e9s una etapa determinant pel desenvolupament del cervell hum\u00e0. Una intervenci\u00f3 de qualitat<\/span><\/span><span id=\"page1R_mcid39\" class=\"markedContent\"><br role=\"presentation\" \/><span dir=\"ltr\" role=\"presentation\">esdev\u00e9 clau per adquirir capacitat d\u2019iniciativa, habilitats creatives, mem\u00f2ria, etc.<\/span><\/span><span id=\"page1R_mcid40\" class=\"markedContent\"><br role=\"presentation\" \/><span dir=\"ltr\" role=\"presentation\">\u2022<\/span><\/span><span id=\"page1R_mcid41\" class=\"markedContent\"> <span dir=\"ltr\" role=\"presentation\">En aquest sentit, l\u2019educaci\u00f3 en la primera inf\u00e0ncia t\u00e9 un potencial transformador capa\u00e7 d\u2019alterar les traject\u00f2ries dels<\/span><\/span><span id=\"page1R_mcid42\" class=\"markedContent\"><br role=\"presentation\" \/><span dir=\"ltr\" role=\"presentation\">infants: com m\u00e9s anys d\u2019educaci\u00f3 de qualitat, menys possibilitats de frac\u00e0s escolar (OCDE, 2019).<\/span><\/span><\/p>\n<div class=\"ast-oembed-container \" style=\"height: 100%;\"><iframe loading=\"lazy\" title=\"La import\u00e0ncia de la inversi\u00f3 en l&#039;etapa 0-3:  vers una educaci\u00f3 universal i gratu\u00efta\" width=\"500\" height=\"281\" src=\"https:\/\/www.youtube.com\/embed\/9VlLsrPRxMA?feature=oembed\" frameborder=\"0\" allow=\"accelerometer; autoplay; clipboard-write; encrypted-media; gyroscope; picture-in-picture; web-share\" referrerpolicy=\"strict-origin-when-cross-origin\" allowfullscreen><\/iframe><\/div>\n","protected":false},"excerpt":{"rendered":"<p>La pand\u00e8mia ha agreujat el ja elevat nivell de desigualtat resultant de la crisi del 2008 i ha tingut m\u00e9s incid\u00e8nciaencara en els infants: 154.000 llars viuen actualment en situaci\u00f3 de pobresa severa a Catalunya. \u2022 Existeix, doncs, una polaritzaci\u00f3 d\u2019inf\u00e0ncies que requereix una aposta pol\u00edtica decidida en termes d\u2019inversi\u00f3 enpol\u00edtiques de reducci\u00f3 de la [&hellip;]<\/p>\n","protected":false},"author":4,"featured_media":12547,"comment_status":"closed","ping_status":"closed","sticky":false,"template":"","format":"standard","meta":{"_bbp_topic_count":0,"_bbp_reply_count":0,"_bbp_total_topic_count":0,"_bbp_total_reply_count":0,"_bbp_voice_count":0,"_bbp_anonymous_reply_count":0,"_bbp_topic_count_hidden":0,"_bbp_reply_count_hidden":0,"_bbp_forum_subforum_count":0,"site-sidebar-layout":"default","site-content-layout":"","ast-site-content-layout":"","site-content-style":"default","site-sidebar-style":"default","ast-global-header-display":"","ast-banner-title-visibility":"","ast-main-header-display":"","ast-hfb-above-header-display":"","ast-hfb-below-header-display":"","ast-hfb-mobile-header-display":"","site-post-title":"","ast-breadcrumbs-content":"","ast-featured-img":"","footer-sml-layout":"","theme-transparent-header-meta":"","adv-header-id-meta":"","stick-header-meta":"","header-above-stick-meta":"","header-main-stick-meta":"","header-below-stick-meta":"","astra-migrate-meta-layouts":"default","ast-page-background-enabled":"default","ast-page-background-meta":{"desktop":{"background-color":"var(--ast-global-color-4)","background-image":"","background-repeat":"repeat","background-position":"center center","background-size":"auto","background-attachment":"scroll","background-type":"","background-media":"","overlay-type":"","overlay-color":"","overlay-opacity":"","overlay-gradient":""},"tablet":{"background-color":"","background-image":"","background-repeat":"repeat","background-position":"center center","background-size":"auto","background-attachment":"scroll","background-type":"","background-media":"","overlay-type":"","overlay-color":"","overlay-opacity":"","overlay-gradient":""},"mobile":{"background-color":"","background-image":"","background-repeat":"repeat","background-position":"center center","background-size":"auto","background-attachment":"scroll","background-type":"","background-media":"","overlay-type":"","overlay-color":"","overlay-opacity":"","overlay-gradient":""}},"ast-content-background-meta":{"desktop":{"background-color":"var(--ast-global-color-5)","background-image":"","background-repeat":"repeat","background-position":"center center","background-size":"auto","background-attachment":"scroll","background-type":"","background-media":"","overlay-type":"","overlay-color":"","overlay-opacity":"","overlay-gradient":""},"tablet":{"background-color":"var(--ast-global-color-5)","background-image":"","background-repeat":"repeat","background-position":"center center","background-size":"auto","background-attachment":"scroll","background-type":"","background-media":"","overlay-type":"","overlay-color":"","overlay-opacity":"","overlay-gradient":""},"mobile":{"background-color":"var(--ast-global-color-5)","background-image":"","background-repeat":"repeat","background-position":"center center","background-size":"auto","background-attachment":"scroll","background-type":"","background-media":"","overlay-type":"","overlay-color":"","overlay-opacity":"","overlay-gradient":""}},"footnotes":""},"categories":[282,287],"tags":[1034,1024,163,588,410,589,984],"class_list":["post-12546","post","type-post","status-publish","format-standard","has-post-thumbnail","hentry","category-actualitat","category-recomanem","tag-0-3","tag-drets-de-la-infancia","tag-educacio-infantil","tag-escola-bressol","tag-infancia","tag-llars-dinfants","tag-politiques-educatives"],"post_mailing_queue_ids":[],"_links":{"self":[{"href":"https:\/\/serveiseducatius.xtec.cat\/altcamp\/wp-json\/wp\/v2\/posts\/12546","targetHints":{"allow":["GET"]}}],"collection":[{"href":"https:\/\/serveiseducatius.xtec.cat\/altcamp\/wp-json\/wp\/v2\/posts"}],"about":[{"href":"https:\/\/serveiseducatius.xtec.cat\/altcamp\/wp-json\/wp\/v2\/types\/post"}],"author":[{"embeddable":true,"href":"https:\/\/serveiseducatius.xtec.cat\/altcamp\/wp-json\/wp\/v2\/users\/4"}],"replies":[{"embeddable":true,"href":"https:\/\/serveiseducatius.xtec.cat\/altcamp\/wp-json\/wp\/v2\/comments?post=12546"}],"version-history":[{"count":1,"href":"https:\/\/serveiseducatius.xtec.cat\/altcamp\/wp-json\/wp\/v2\/posts\/12546\/revisions"}],"predecessor-version":[{"id":12548,"href":"https:\/\/serveiseducatius.xtec.cat\/altcamp\/wp-json\/wp\/v2\/posts\/12546\/revisions\/12548"}],"wp:featuredmedia":[{"embeddable":true,"href":"https:\/\/serveiseducatius.xtec.cat\/altcamp\/wp-json\/wp\/v2\/media\/12547"}],"wp:attachment":[{"href":"https:\/\/serveiseducatius.xtec.cat\/altcamp\/wp-json\/wp\/v2\/media?parent=12546"}],"wp:term":[{"taxonomy":"category","embeddable":true,"href":"https:\/\/serveiseducatius.xtec.cat\/altcamp\/wp-json\/wp\/v2\/categories?post=12546"},{"taxonomy":"post_tag","embeddable":true,"href":"https:\/\/serveiseducatius.xtec.cat\/altcamp\/wp-json\/wp\/v2\/tags?post=12546"}],"curies":[{"name":"wp","href":"https:\/\/api.w.org\/{rel}","templated":true}]}}