{"id":12453,"date":"2022-05-09T10:08:22","date_gmt":"2022-05-09T08:08:22","guid":{"rendered":"https:\/\/serveiseducatius.xtec.cat\/altcamp\/?p=12453"},"modified":"2022-05-09T10:11:20","modified_gmt":"2022-05-09T08:11:20","slug":"convocatoria-per-participar-a-cinema-en-curs-2022-23","status":"publish","type":"post","link":"https:\/\/serveiseducatius.xtec.cat\/altcamp\/general\/convocatoria-per-participar-a-cinema-en-curs-2022-23\/","title":{"rendered":"Convocat\u00f2ria per participar a Cinema en curs 2022-23"},"content":{"rendered":"<p><a href=\"http:\/\/xtec.gencat.cat\/ca\/agenda\/Convocatoria-per-participar-a-Cinema-en-curs-2022-2023\" target=\"_blank\" rel=\"noopener\"><img loading=\"lazy\" decoding=\"async\" class=\"wp-image-12454 alignleft\" src=\"https:\/\/serveiseducatius.xtec.cat\/altcamp\/wp-content\/uploads\/usu1130\/2022\/05\/cinema-en-curs.jpg\" alt=\"\" width=\"415\" height=\"415\" srcset=\"https:\/\/serveiseducatius.xtec.cat\/altcamp\/wp-content\/uploads\/usu1130\/2022\/05\/cinema-en-curs.jpg 640w, https:\/\/serveiseducatius.xtec.cat\/altcamp\/wp-content\/uploads\/usu1130\/2022\/05\/cinema-en-curs-300x300.jpg 300w, https:\/\/serveiseducatius.xtec.cat\/altcamp\/wp-content\/uploads\/usu1130\/2022\/05\/cinema-en-curs-150x150.jpg 150w\" sizes=\"auto, (max-width: 415px) 100vw, 415px\" \/><\/a><\/p>\n<p>S\u2019obre la<a href=\"http:\/\/xtec.gencat.cat\/ca\/agenda\/Convocatoria-per-participar-a-Cinema-en-curs-2022-2023\"><strong> convocat\u00f2ria<\/strong><\/a> per participar en la 18a edici\u00f3 de Cinema en curs, programa de pedagogia del cinema a escoles i instituts. La inscripci\u00f3 est\u00e0 oberta\u00a0<strong>fins al 27 de maig.<\/strong><\/p>\n<p>Cinema en curs \u00e9s un programa de pedagogia del cinema i amb el cinema a escoles i instituts.<\/p>\n<p>Cinema en curs t\u00e9 dos grans objectius:<\/p>\n<p>\u2013 Propiciar el descobriment per part de nens i joves del cinema ent\u00e8s com a art, creaci\u00f3 i cultura.<br \/>\n\u2013 Desenvolupar les pot\u00e8ncies pedag\u00f2giques de la creaci\u00f3 cinematogr\u00e0fica en el context educatiu.<\/p>\n<p><span id=\"page1R_mcid3\" class=\"markedContent\"><span dir=\"ltr\" role=\"presentation\">Partint<\/span> <span dir=\"ltr\" role=\"presentation\">del<\/span> <span dir=\"ltr\" role=\"presentation\">treball<\/span> <span dir=\"ltr\" role=\"presentation\">conjunt<\/span> <span dir=\"ltr\" role=\"presentation\">de<\/span> <span dir=\"ltr\" role=\"presentation\">docents<\/span> <span dir=\"ltr\" role=\"presentation\">i<\/span> <span dir=\"ltr\" role=\"presentation\">cineastes<\/span> <span dir=\"ltr\" role=\"presentation\">en<\/span> <span dir=\"ltr\" role=\"presentation\">el <\/span><span dir=\"ltr\" role=\"presentation\">desenvolupame<\/span><span dir=\"ltr\" role=\"presentation\">nt dels tallers, es proposa un acostament al cinema ent\u00e8s com a art, cultura i <\/span><span dir=\"ltr\" role=\"presentation\">creaci\u00f3.<\/span><\/span><span id=\"page1R_mcid4\" class=\"markedContent\"><\/span><\/p>\n<p><span id=\"page1R_mcid4\" class=\"markedContent\"><span dir=\"ltr\" role=\"presentation\">Es treballen especialment l<\/span><span dir=\"ltr\" role=\"presentation\">es compet\u00e8ncies ling\u00fc\u00edstiques i art\u00edstiques, la posada en valor <\/span><span dir=\"ltr\" role=\"presentation\">de l\u2019entorn, l\u2019observaci\u00f3 i l\u2019atenci\u00f3, l\u2019autonomia,<\/span> <span dir=\"ltr\" role=\"presentation\">la perseveran\u00e7a i la flexibilitat, el comprom\u00eds i la <\/span><span dir=\"ltr\" role=\"presentation\">responsabilitat individual i col<\/span><span dir=\"ltr\" role=\"presentation\">\u00b7<\/span><span dir=\"ltr\" role=\"presentation\">lectiva.<\/span><\/span><span id=\"page1R_mcid5\" class=\"markedContent\"><br role=\"presentation\" \/><span dir=\"ltr\" role=\"presentation\">El programa<\/span> <span dir=\"ltr\" role=\"presentation\">s&#8217;estructura en<\/span><strong> <span dir=\"ltr\" role=\"presentation\">tres<\/span> <span dir=\"ltr\" role=\"presentation\">grans eixos<\/span> <\/strong><span dir=\"ltr\" role=\"presentation\"><strong>de treball<\/strong>:<\/span><\/span><span id=\"page1R_mcid6\" class=\"markedContent\"><br role=\"presentation\" \/><span dir=\"ltr\" role=\"presentation\">&#8211;<\/span> <span dir=\"ltr\" role=\"presentation\">E<\/span><span dir=\"ltr\" role=\"presentation\">ls<\/span><strong> <span dir=\"ltr\" role=\"presentation\">tallers<\/span><\/strong><span dir=\"ltr\" role=\"presentation\">, impartits conjuntament per docents i un\/a cineasta amb grups d<\/span><span dir=\"ltr\" role=\"presentation\">e 5\u00e8<\/span> <span dir=\"ltr\" role=\"presentation\">de prim\u00e0ria a 1r de<\/span><br role=\"presentation\" \/><span dir=\"ltr\" role=\"presentation\">Batxillerat i<\/span> <span dir=\"ltr\" role=\"presentation\">Cicles formatius de grau mitj\u00e0 (excepte els vinculats a estudis d\u2019imatge i so).<\/span><\/span><span id=\"page1R_mcid7\" class=\"markedContent\"><br role=\"presentation\" \/><span dir=\"ltr\" role=\"presentation\">&#8211;<\/span> <span dir=\"ltr\" role=\"presentation\">L<\/span><span dir=\"ltr\" role=\"presentation\">a<\/span><strong> <span dir=\"ltr\" role=\"presentation\">formaci\u00f3<\/span> <span dir=\"ltr\" role=\"presentation\">dels<\/span> <span dir=\"ltr\" role=\"presentation\">i les<\/span> <\/strong><span dir=\"ltr\" role=\"presentation\"><strong>docents<\/strong>.<\/span><\/span><span id=\"page1R_mcid8\" class=\"markedContent\"><br role=\"presentation\" \/><span dir=\"ltr\" role=\"presentation\">&#8211;<\/span> <span dir=\"ltr\" role=\"presentation\">E<\/span><span dir=\"ltr\" role=\"presentation\">l desenvolu<\/span><span dir=\"ltr\" role=\"presentation\">pament d\u2019accions a nivell de centre per promoure que<\/span> <span dir=\"ltr\" role=\"presentation\">el cinema esdevingui un eix <\/span><span dir=\"ltr\" role=\"presentation\">transversal del projecte educatiu<\/span> <span dir=\"ltr\" role=\"presentation\">de les escoles i els instituts participants.<\/span><\/span><\/p>\n<p><strong><a href=\"http:\/\/xtec.gencat.cat\/ca\/agenda\/Convocatoria-per-participar-a-Cinema-en-curs-2022-2023\" target=\"_blank\" rel=\"noopener\">M\u00e9s informaci\u00f3<\/a><\/strong><\/p>\n<p><span id=\"page1R_mcid1\" class=\"markedContent\"><\/span><span id=\"page1R_mcid7\" class=\"markedContent\"><\/span><span id=\"page1R_mcid22\" class=\"markedContent\"><br role=\"presentation\" \/><span dir=\"ltr\" role=\"presentation\">Cinema en curs<\/span> <span dir=\"ltr\" role=\"presentation\">\u00e9s un programa de l\u2019Associaci\u00f3 A Bao A Qu que es porta a terme gr\u00e0cies al suport <\/span><span dir=\"ltr\" role=\"presentation\">de diverses institucions i entitats; entre elles<\/span><span dir=\"ltr\" role=\"presentation\">, a Catalunya<\/span><span dir=\"ltr\" role=\"presentation\">, els Departaments de Cultura,<\/span> <span dir=\"ltr\" role=\"presentation\">Educaci\u00f3<\/span> <span dir=\"ltr\" role=\"presentation\">i <\/span><span dir=\"ltr\" role=\"presentation\">Drets<\/span> <span dir=\"ltr\" role=\"presentation\">Social<\/span><span dir=\"ltr\" role=\"presentation\">s<\/span> <span dir=\"ltr\" role=\"presentation\">de<\/span> <span dir=\"ltr\" role=\"presentation\">la<\/span> <span dir=\"ltr\" role=\"presentation\">Generalitat<\/span> <span dir=\"ltr\" role=\"presentation\">de<\/span> <span dir=\"ltr\" role=\"presentation\">Catalunya,<\/span> <span dir=\"ltr\" role=\"presentation\">l\u2019Institut<\/span> <span dir=\"ltr\" role=\"presentation\">de<\/span> <span dir=\"ltr\" role=\"presentation\">Cultura<\/span> <span dir=\"ltr\" role=\"presentation\">de<\/span> <span dir=\"ltr\" role=\"presentation\">Barcelona<\/span><span dir=\"ltr\" role=\"presentation\">,<\/span> <span dir=\"ltr\" role=\"presentation\">el<\/span> <span dir=\"ltr\" role=\"presentation\">Consorci <\/span><span dir=\"ltr\" role=\"presentation\">d\u2019Educaci\u00f3 de Barcelona<\/span><span dir=\"ltr\" role=\"presentation\">, Europa Creativa Media<\/span> <span dir=\"ltr\" role=\"presentation\">i els ajuntaments dels municipis implicats. <\/span><\/span><span id=\"page1R_mcid23\" class=\"markedContent\"><span dir=\"ltr\" role=\"presentation\">En els darrers anys<\/span> <span dir=\"ltr\" role=\"presentation\">Cinema en curs<\/span> <span dir=\"ltr\" role=\"presentation\">ha esdevingut un programa internacional que tam<\/span><span dir=\"ltr\" role=\"presentation\">b\u00e9 es <\/span><span dir=\"ltr\" role=\"presentation\">desenvolupa<\/span> <span dir=\"ltr\" role=\"presentation\">a Gal\u00edcia, Madrid,<\/span> <span dir=\"ltr\" role=\"presentation\">Euskadi,<\/span> <span dir=\"ltr\" role=\"presentation\">Val\u00e8ncia,<\/span> <span dir=\"ltr\" role=\"presentation\">Alemanya<\/span><span dir=\"ltr\" role=\"presentation\">, M\u00e8xic<\/span> <span dir=\"ltr\" role=\"presentation\">i<\/span> <span dir=\"ltr\" role=\"presentation\">Xile.<\/span><\/span><\/p>\n","protected":false},"excerpt":{"rendered":"<p>S\u2019obre la convocat\u00f2ria per participar en la 18a edici\u00f3 de Cinema en curs, programa de pedagogia del cinema a escoles i instituts. La inscripci\u00f3 est\u00e0 oberta\u00a0fins al 27 de maig. Cinema en curs \u00e9s un programa de pedagogia del cinema i amb el cinema a escoles i instituts. Cinema en curs t\u00e9 dos grans objectius: [&hellip;]<\/p>\n","protected":false},"author":4,"featured_media":12454,"comment_status":"closed","ping_status":"closed","sticky":false,"template":"","format":"standard","meta":{"_bbp_topic_count":0,"_bbp_reply_count":0,"_bbp_total_topic_count":0,"_bbp_total_reply_count":0,"_bbp_voice_count":0,"_bbp_anonymous_reply_count":0,"_bbp_topic_count_hidden":0,"_bbp_reply_count_hidden":0,"_bbp_forum_subforum_count":0,"site-sidebar-layout":"default","site-content-layout":"","ast-site-content-layout":"","site-content-style":"default","site-sidebar-style":"default","ast-global-header-display":"","ast-banner-title-visibility":"","ast-main-header-display":"","ast-hfb-above-header-display":"","ast-hfb-below-header-display":"","ast-hfb-mobile-header-display":"","site-post-title":"","ast-breadcrumbs-content":"","ast-featured-img":"","footer-sml-layout":"","theme-transparent-header-meta":"","adv-header-id-meta":"","stick-header-meta":"","header-above-stick-meta":"","header-main-stick-meta":"","header-below-stick-meta":"","astra-migrate-meta-layouts":"default","ast-page-background-enabled":"default","ast-page-background-meta":{"desktop":{"background-color":"var(--ast-global-color-4)","background-image":"","background-repeat":"repeat","background-position":"center center","background-size":"auto","background-attachment":"scroll","background-type":"","background-media":"","overlay-type":"","overlay-color":"","overlay-opacity":"","overlay-gradient":""},"tablet":{"background-color":"","background-image":"","background-repeat":"repeat","background-position":"center center","background-size":"auto","background-attachment":"scroll","background-type":"","background-media":"","overlay-type":"","overlay-color":"","overlay-opacity":"","overlay-gradient":""},"mobile":{"background-color":"","background-image":"","background-repeat":"repeat","background-position":"center center","background-size":"auto","background-attachment":"scroll","background-type":"","background-media":"","overlay-type":"","overlay-color":"","overlay-opacity":"","overlay-gradient":""}},"ast-content-background-meta":{"desktop":{"background-color":"var(--ast-global-color-5)","background-image":"","background-repeat":"repeat","background-position":"center center","background-size":"auto","background-attachment":"scroll","background-type":"","background-media":"","overlay-type":"","overlay-color":"","overlay-opacity":"","overlay-gradient":""},"tablet":{"background-color":"var(--ast-global-color-5)","background-image":"","background-repeat":"repeat","background-position":"center center","background-size":"auto","background-attachment":"scroll","background-type":"","background-media":"","overlay-type":"","overlay-color":"","overlay-opacity":"","overlay-gradient":""},"mobile":{"background-color":"var(--ast-global-color-5)","background-image":"","background-repeat":"repeat","background-position":"center center","background-size":"auto","background-attachment":"scroll","background-type":"","background-media":"","overlay-type":"","overlay-color":"","overlay-opacity":"","overlay-gradient":""}},"footnotes":""},"categories":[282,1],"tags":[551,597,1018,249,1017,301,452,1019,292,447,207,425],"class_list":["post-12453","post","type-post","status-publish","format-standard","has-post-thumbnail","hentry","category-actualitat","category-general","tag-alumnat","tag-art","tag-audiuvisuals","tag-batxillerat","tag-cf","tag-cinema","tag-convocatories","tag-creacio","tag-eso","tag-primaria","tag-professorat","tag-transversal"],"post_mailing_queue_ids":[],"_links":{"self":[{"href":"https:\/\/serveiseducatius.xtec.cat\/altcamp\/wp-json\/wp\/v2\/posts\/12453","targetHints":{"allow":["GET"]}}],"collection":[{"href":"https:\/\/serveiseducatius.xtec.cat\/altcamp\/wp-json\/wp\/v2\/posts"}],"about":[{"href":"https:\/\/serveiseducatius.xtec.cat\/altcamp\/wp-json\/wp\/v2\/types\/post"}],"author":[{"embeddable":true,"href":"https:\/\/serveiseducatius.xtec.cat\/altcamp\/wp-json\/wp\/v2\/users\/4"}],"replies":[{"embeddable":true,"href":"https:\/\/serveiseducatius.xtec.cat\/altcamp\/wp-json\/wp\/v2\/comments?post=12453"}],"version-history":[{"count":2,"href":"https:\/\/serveiseducatius.xtec.cat\/altcamp\/wp-json\/wp\/v2\/posts\/12453\/revisions"}],"predecessor-version":[{"id":12456,"href":"https:\/\/serveiseducatius.xtec.cat\/altcamp\/wp-json\/wp\/v2\/posts\/12453\/revisions\/12456"}],"wp:featuredmedia":[{"embeddable":true,"href":"https:\/\/serveiseducatius.xtec.cat\/altcamp\/wp-json\/wp\/v2\/media\/12454"}],"wp:attachment":[{"href":"https:\/\/serveiseducatius.xtec.cat\/altcamp\/wp-json\/wp\/v2\/media?parent=12453"}],"wp:term":[{"taxonomy":"category","embeddable":true,"href":"https:\/\/serveiseducatius.xtec.cat\/altcamp\/wp-json\/wp\/v2\/categories?post=12453"},{"taxonomy":"post_tag","embeddable":true,"href":"https:\/\/serveiseducatius.xtec.cat\/altcamp\/wp-json\/wp\/v2\/tags?post=12453"}],"curies":[{"name":"wp","href":"https:\/\/api.w.org\/{rel}","templated":true}]}}