{"id":12445,"date":"2022-05-05T14:13:40","date_gmt":"2022-05-05T12:13:40","guid":{"rendered":"https:\/\/serveiseducatius.xtec.cat\/altcamp\/?p=12445"},"modified":"2022-05-05T14:26:01","modified_gmt":"2022-05-05T12:26:01","slug":"marx","status":"publish","type":"post","link":"https:\/\/serveiseducatius.xtec.cat\/altcamp\/recursos\/recomanem\/marx\/","title":{"rendered":"Marx"},"content":{"rendered":"<p><a href=\"https:\/\/www.rtve.es\/play\/videos\/this-is-philosophy\/programa-8-marx\/6399323\/\" target=\"_blank\" rel=\"noopener\"><img loading=\"lazy\" decoding=\"async\" class=\"alignleft wp-image-12446 size-full\" src=\"https:\/\/serveiseducatius.xtec.cat\/altcamp\/wp-content\/uploads\/usu1130\/2022\/05\/This-is-philosophy-Marxl.jpg\" alt=\"\" width=\"240\" height=\"360\" srcset=\"https:\/\/serveiseducatius.xtec.cat\/altcamp\/wp-content\/uploads\/usu1130\/2022\/05\/This-is-philosophy-Marxl.jpg 240w, https:\/\/serveiseducatius.xtec.cat\/altcamp\/wp-content\/uploads\/usu1130\/2022\/05\/This-is-philosophy-Marxl-200x300.jpg 200w\" sizes=\"auto, (max-width: 240px) 100vw, 240px\" \/><\/a><\/p>\n<p>Karl Marx va n\u00e9ixer el 5 de maig de 1818 a la ciutat de Tr\u00e8veris a la prov\u00edncia prusiana del Baix Rin en una fam\u00edlia jueva de classe mitjana\u00a0 convertida al protestantisme. Va estudiar filosofia a la Universitat de Berl\u00edn.<\/p>\n<p><strong>This is philosopy<\/strong><\/p>\n<p><a href=\"https:\/\/www.rtve.es\/play\/videos\/this-is-philosophy\/programa-8-marx\/6399323\/\" target=\"_blank\" rel=\"noopener\"><strong>Marx<\/strong><\/a><\/p>\n<p><em>Todos hemos o\u00eddo hablar de Marx y el marxismo. \u00bfPero sabemos realmente lo que aport\u00f3 a la filosof\u00eda? Marx focaliz\u00f3 su pensamiento en el ser humano, nos record\u00f3 que somos criaturas que necesitamos interactuar con el entorno, con los otros, con la naturaleza, es decir, criaturas que trabajamos; pero que este proceso de interacci\u00f3n est\u00e1 lleno de trampas que es preciso revertir. Su influencia ha sido determinante en el \u00e1mbito social y econ\u00f3mico. Nos acompa\u00f1ar\u00e1n Jos\u00e9 Manuel Bermudo, catedr\u00e1tico de Filosof\u00eda Pol\u00edtica y Joaqu\u00edn Estefan\u00eda, economista, periodista y escritor. This is Philosophy es un apasionante viaje por las ideas, el conocimiento y los pensadores m\u00e1s destacados de todos los tiempos, desde su nacimiento hasta nuestros d\u00edas. Una serie que aporta las claves para entender y disfrutar de la filosof\u00eda a trav\u00e9s de una propuesta audiovisual innovadora, con el asesoramiento de expertos acad\u00e9micos de prestigio y la participaci\u00f3n de fil\u00f3sofos y cient\u00edficos internacionales de primer nivel.<\/em><\/p>\n<hr \/>\n<p><strong>Unboxing Philosophy. Marx<br \/>\n<\/strong><\/p>\n<div class=\"ast-oembed-container \" style=\"height: 100%;\"><iframe loading=\"lazy\" title=\"Marx\" width=\"500\" height=\"281\" src=\"https:\/\/www.youtube.com\/embed\/41Y02E_41kM?feature=oembed\" frameborder=\"0\" allow=\"accelerometer; autoplay; clipboard-write; encrypted-media; gyroscope; picture-in-picture; web-share\" referrerpolicy=\"strict-origin-when-cross-origin\" allowfullscreen><\/iframe><\/div>\n<p><span class=\"style-scope yt-formatted-string\" dir=\"auto\">En este v\u00eddeo presentamos brevemente y de forma muy superficial, algunos puntos de la filosof\u00eda de Marx.\u00a0 <\/span><\/p>\n<p><span class=\"style-scope yt-formatted-string\" dir=\"auto\">Si necesit\u00e1is aclaraciones extra o quer\u00e9is que se ampl\u00ede algo, pod\u00e9is utilizar los comentarios. Como siempre digo, estos materiales son un complemento educativo que de ninguna manera puede sustituir vuestros materiales de estudio o el trabajo en el aula. <\/span><\/p>\n<p><span class=\"style-scope yt-formatted-string\" dir=\"auto\">Tengo que hacer una menci\u00f3n especial al profesor Luis Rodr\u00edguez, quien me ha facilitado material de primera calidad para preparar el v\u00eddeo. <\/span><a class=\"yt-simple-endpoint style-scope yt-formatted-string\" dir=\"auto\" spellcheck=\"false\" href=\"https:\/\/www.youtube.com\/redirect?event=video_description&amp;redir_token=QUFFLUhqbGhQUDl1Y2NnQjNsOWlMb1laWE9NUTZrRDRNd3xBQ3Jtc0trMTV2S2FwU1lDczBWYUtBVlplakJlZHJWZWN5N0JMaDN0cV9kaC1vVEZaM3dyYWo5VElRVHhkU25KWTVzS3lJd0ZudzY3bkVhdEU4b1otRHRTamt6R3dqZDBzcGZGOHRmSU9GRjY5ckNBZXR0ZzlXZw&amp;q=https%3A%2F%2Ftwitter.com%2FSegundaNave&amp;v=41Y02E_41kM\" target=\"_blank\" rel=\"nofollow noopener\">https:\/\/twitter.com\/SegundaNave<\/a><\/p>\n<p><span class=\"style-scope yt-formatted-string\" dir=\"auto\">La bibliograf\u00eda m\u00e1s utilizada ha sido: Emilio Lled\u00f3, Miguel \u00c1ngel Granada, Jos\u00e9 Luis Villaca\u00f1as, Manuel Cruz: Historia de la Filosof\u00eda, Segundo de Bachillerato. Grupo Santillana. En estas dos webs pod\u00e9is encontrar informaci\u00f3n de calidad: <\/span><a class=\"yt-simple-endpoint style-scope yt-formatted-string\" dir=\"auto\" spellcheck=\"false\" href=\"https:\/\/www.youtube.com\/redirect?event=video_description&amp;redir_token=QUFFLUhqa3VEZjBIMDQ2U2pmLURVOU1GN2tGSFdZXzNuQXxBQ3Jtc0ttX09uOFNyd1BodHZBRFF2NWNhN2xNTzd5VTJfck1PbHQtMDRQel9xaFdIMXNVVlp3UDhqSmhwVTR4OTgzTUo3VVhLX1h5Y01lYTd6bERIaWxQc2p0SXA4YTNoOE0xWlVlTXIyc19PYVg2UF9qMFhwMA&amp;q=http%3A%2F%2Fwww.webdianoia.com&amp;v=41Y02E_41kM\" target=\"_blank\" rel=\"nofollow noopener\">http:\/\/www.webdianoia.com<\/a> <a class=\"yt-simple-endpoint style-scope yt-formatted-string\" dir=\"auto\" spellcheck=\"false\" href=\"https:\/\/www.youtube.com\/redirect?event=video_description&amp;redir_token=QUFFLUhqazJ1T2FEa2ZNU1ozZ1c5bHhFRWtiaUpocEhfUXxBQ3Jtc0tuSzV3LUV6QjJfanJpMG1HOTBFVEgtNjRVMExmR3Zlc2Mtakk1aUhfTUNRaVRGT0trd3FtVEIyVGVWM2ZsaVM2eVpYaTYyMUx1SHUyeFVEUHZHNmdTLWVtbUhGdzJldTZ4OW94SEVFTXhadE1EV2JBYw&amp;q=http%3A%2F%2Fwww.e-torredebabel.com&amp;v=41Y02E_41kM\" target=\"_blank\" rel=\"nofollow noopener\">http:\/\/www.e-torredebabel.com<\/a><\/p>\n<hr \/>\n<p><strong><a href=\"http:\/\/www.scielo.org.co\/scielo.php?script=sci_arttext&amp;pid=S0121-24942017000100003\" target=\"_blank\" rel=\"noopener\">Pedagog\u00eda y Saberes<\/a><\/strong><\/p>\n<p>Pedagog\u00eda y Saberes\u00a0\u00a0no.46 Bogot\u00e1 Jan.\/June 2017<\/p>\n<div class=\"index,es\">\n<p align=\"center\"><a href=\"http:\/\/www.scielo.org.co\/scielo.php?script=sci_arttext&amp;pid=S0121-24942017000100003\" target=\"_blank\" rel=\"noopener\"><span style=\"font-size: large;\"><b>El educador necesita ser educado. Sobre Marx y la educaci\u00f3n<\/b><\/span><\/a><\/p>\n<p align=\"center\">Germ\u00e1n Carvajal Ahumada<sup>*<\/sup><\/p>\n<\/div>\n<p><b>Resumen<\/b><\/p>\n<p>El presente ensayo es un ejercicio de reflexi\u00f3n a partir de la lectura de algunos textos de Marx en los que aparecen referencias directas a la educaci\u00f3n. El objetivo del art\u00edculo es comprender cu\u00e1l es su pensamiento sobre este tema importante para la sociedad actual, y qu\u00e9 relaci\u00f3n de consistencia guarda con el conjunto de la teor\u00eda del materialismo hist\u00f3rico. La conclusi\u00f3n principal del ejercicio reflexivo se\u00f1ala la actualidad del pensamiento de Marx sobre la educaci\u00f3n, toda vez que las propias pol\u00edticas internacionales contempor\u00e1neas tienden a realizar lo que estaba en ciernes en el capitalismo del siglo XIX.<\/p>\n<p><b>Palabras clave<\/b>: Marx, educaci\u00f3n, capitalismo, pol\u00edticas, sociedad moderna.<\/p>\n<p><a href=\"http:\/\/www.scielo.org.co\/scielo.php?script=sci_arttext&amp;pid=S0121-24942017000100003\" target=\"_blank\" rel=\"noopener\">Article sencer<\/a><\/p>\n","protected":false},"excerpt":{"rendered":"<p>Karl Marx va n\u00e9ixer el 5 de maig de 1818 a la ciutat de Tr\u00e8veris a la prov\u00edncia prusiana del Baix Rin en una fam\u00edlia jueva de classe mitjana\u00a0 convertida al protestantisme. Va estudiar filosofia a la Universitat de Berl\u00edn. This is philosopy Marx Todos hemos o\u00eddo hablar de Marx y el marxismo. \u00bfPero sabemos [&hellip;]<\/p>\n","protected":false},"author":4,"featured_media":12447,"comment_status":"closed","ping_status":"closed","sticky":false,"template":"","format":"standard","meta":{"_bbp_topic_count":0,"_bbp_reply_count":0,"_bbp_total_topic_count":0,"_bbp_total_reply_count":0,"_bbp_voice_count":0,"_bbp_anonymous_reply_count":0,"_bbp_topic_count_hidden":0,"_bbp_reply_count_hidden":0,"_bbp_forum_subforum_count":0,"site-sidebar-layout":"default","site-content-layout":"","ast-site-content-layout":"","site-content-style":"default","site-sidebar-style":"default","ast-global-header-display":"","ast-banner-title-visibility":"","ast-main-header-display":"","ast-hfb-above-header-display":"","ast-hfb-below-header-display":"","ast-hfb-mobile-header-display":"","site-post-title":"","ast-breadcrumbs-content":"","ast-featured-img":"","footer-sml-layout":"","theme-transparent-header-meta":"","adv-header-id-meta":"","stick-header-meta":"","header-above-stick-meta":"","header-main-stick-meta":"","header-below-stick-meta":"","astra-migrate-meta-layouts":"default","ast-page-background-enabled":"default","ast-page-background-meta":{"desktop":{"background-color":"var(--ast-global-color-4)","background-image":"","background-repeat":"repeat","background-position":"center center","background-size":"auto","background-attachment":"scroll","background-type":"","background-media":"","overlay-type":"","overlay-color":"","overlay-opacity":"","overlay-gradient":""},"tablet":{"background-color":"","background-image":"","background-repeat":"repeat","background-position":"center center","background-size":"auto","background-attachment":"scroll","background-type":"","background-media":"","overlay-type":"","overlay-color":"","overlay-opacity":"","overlay-gradient":""},"mobile":{"background-color":"","background-image":"","background-repeat":"repeat","background-position":"center center","background-size":"auto","background-attachment":"scroll","background-type":"","background-media":"","overlay-type":"","overlay-color":"","overlay-opacity":"","overlay-gradient":""}},"ast-content-background-meta":{"desktop":{"background-color":"var(--ast-global-color-5)","background-image":"","background-repeat":"repeat","background-position":"center center","background-size":"auto","background-attachment":"scroll","background-type":"","background-media":"","overlay-type":"","overlay-color":"","overlay-opacity":"","overlay-gradient":""},"tablet":{"background-color":"var(--ast-global-color-5)","background-image":"","background-repeat":"repeat","background-position":"center center","background-size":"auto","background-attachment":"scroll","background-type":"","background-media":"","overlay-type":"","overlay-color":"","overlay-opacity":"","overlay-gradient":""},"mobile":{"background-color":"var(--ast-global-color-5)","background-image":"","background-repeat":"repeat","background-position":"center center","background-size":"auto","background-attachment":"scroll","background-type":"","background-media":"","overlay-type":"","overlay-color":"","overlay-opacity":"","overlay-gradient":""}},"footnotes":""},"categories":[287],"tags":[963,709,318,1016],"class_list":["post-12445","post","type-post","status-publish","format-standard","has-post-thumbnail","hentry","category-recomanem","tag-economia","tag-educacio","tag-filosofia","tag-marx"],"post_mailing_queue_ids":[],"_links":{"self":[{"href":"https:\/\/serveiseducatius.xtec.cat\/altcamp\/wp-json\/wp\/v2\/posts\/12445","targetHints":{"allow":["GET"]}}],"collection":[{"href":"https:\/\/serveiseducatius.xtec.cat\/altcamp\/wp-json\/wp\/v2\/posts"}],"about":[{"href":"https:\/\/serveiseducatius.xtec.cat\/altcamp\/wp-json\/wp\/v2\/types\/post"}],"author":[{"embeddable":true,"href":"https:\/\/serveiseducatius.xtec.cat\/altcamp\/wp-json\/wp\/v2\/users\/4"}],"replies":[{"embeddable":true,"href":"https:\/\/serveiseducatius.xtec.cat\/altcamp\/wp-json\/wp\/v2\/comments?post=12445"}],"version-history":[{"count":3,"href":"https:\/\/serveiseducatius.xtec.cat\/altcamp\/wp-json\/wp\/v2\/posts\/12445\/revisions"}],"predecessor-version":[{"id":12450,"href":"https:\/\/serveiseducatius.xtec.cat\/altcamp\/wp-json\/wp\/v2\/posts\/12445\/revisions\/12450"}],"wp:featuredmedia":[{"embeddable":true,"href":"https:\/\/serveiseducatius.xtec.cat\/altcamp\/wp-json\/wp\/v2\/media\/12447"}],"wp:attachment":[{"href":"https:\/\/serveiseducatius.xtec.cat\/altcamp\/wp-json\/wp\/v2\/media?parent=12445"}],"wp:term":[{"taxonomy":"category","embeddable":true,"href":"https:\/\/serveiseducatius.xtec.cat\/altcamp\/wp-json\/wp\/v2\/categories?post=12445"},{"taxonomy":"post_tag","embeddable":true,"href":"https:\/\/serveiseducatius.xtec.cat\/altcamp\/wp-json\/wp\/v2\/tags?post=12445"}],"curies":[{"name":"wp","href":"https:\/\/api.w.org\/{rel}","templated":true}]}}