{"id":12409,"date":"2022-05-03T17:22:57","date_gmt":"2022-05-03T15:22:57","guid":{"rendered":"https:\/\/serveiseducatius.xtec.cat\/altcamp\/?p=12409"},"modified":"2022-05-11T10:35:43","modified_gmt":"2022-05-11T08:35:43","slug":"conferencia-la-fortuna-de-la-vida","status":"publish","type":"post","link":"https:\/\/serveiseducatius.xtec.cat\/altcamp\/general\/conferencia-la-fortuna-de-la-vida\/","title":{"rendered":"Confer\u00e8ncia: La fortuna de la vida"},"content":{"rendered":"<p>El proper dimarts dia <b>17 de maig, a 2\/4 de 6 de la tarda,<\/b> al Teatre Principal de Valls, tindr\u00e0 lloc la confer\u00e8ncia <em><strong>La fortuna de la vida<\/strong><\/em><b><i>, <\/i><\/b>a c\u00e0rrec de Joan Anton Catal\u00e0.<\/p>\n<p><strong>La fortuna de la vida<\/strong><\/p>\n<p><em>Quantes mol\u00e8sties s&#8217;ha pres la natura per donar-nos vida!<\/em><\/p>\n<p><em>Celebrem la vida adonant-nos de quantes casualitats han hagut de coincidir perqu\u00e8 estiguem aqu\u00ed.<\/em><\/p>\n<p><em>Estem disposats a pagar pel pr\u00e9stec de l&#8217;univers?<\/em><\/p>\n<pre id=\"tw-target-text\" dir=\"ltr\" data-placeholder=\"Traducci\u00f3\"><span lang=\"ca\">\u00a0<\/span><\/pre>\n<p><strong>Joan Anton Catal\u00e0<\/strong><\/p>\n<p>M\u00e0ster en Astronomia i Astrof\u00edsica per la Universitat Internacional de Val\u00e8ncia, i llicenciat en Ci\u00e8ncies Qu\u00edmiques, especialitat en Qu\u00e0ntica, per la Universitat de Barcelona.<\/p>\n<p>Compagina la seva activitat professional en l\u2019\u00e0mbit de les organitzacions amb una intensa tasca divulgativa cient\u00edfica. Col\u00b7labora habitualment amb mitjans de comunicaci\u00f3, tant en premsa, r\u00e0dio i televisi\u00f3 i \u00e9s autor de diversos llibres.<\/p>\n<p>&nbsp;<\/p>\n<p><img loading=\"lazy\" decoding=\"async\" class=\"alignnone size-large wp-image-12410 aligncenter\" src=\"https:\/\/serveiseducatius.xtec.cat\/altcamp\/wp-content\/uploads\/usu1130\/2022\/05\/La-fortuna-de-la-vida-724x1024.jpg\" alt=\"\" width=\"724\" height=\"1024\" srcset=\"https:\/\/serveiseducatius.xtec.cat\/altcamp\/wp-content\/uploads\/usu1130\/2022\/05\/La-fortuna-de-la-vida-724x1024.jpg 724w, https:\/\/serveiseducatius.xtec.cat\/altcamp\/wp-content\/uploads\/usu1130\/2022\/05\/La-fortuna-de-la-vida-212x300.jpg 212w, https:\/\/serveiseducatius.xtec.cat\/altcamp\/wp-content\/uploads\/usu1130\/2022\/05\/La-fortuna-de-la-vida-768x1086.jpg 768w, https:\/\/serveiseducatius.xtec.cat\/altcamp\/wp-content\/uploads\/usu1130\/2022\/05\/La-fortuna-de-la-vida.jpg 1005w\" sizes=\"auto, (max-width: 724px) 100vw, 724px\" \/><\/p>\n","protected":false},"excerpt":{"rendered":"<p>El proper dimarts dia 17 de maig, a 2\/4 de 6 de la tarda, al Teatre Principal de Valls, tindr\u00e0 lloc la confer\u00e8ncia La fortuna de la vida, a c\u00e0rrec de Joan Anton Catal\u00e0. La fortuna de la vida Quantes mol\u00e8sties s&#8217;ha pres la natura per donar-nos vida! Celebrem la vida adonant-nos de quantes casualitats [&hellip;]<\/p>\n","protected":false},"author":4,"featured_media":12410,"comment_status":"closed","ping_status":"closed","sticky":false,"template":"","format":"standard","meta":{"_bbp_topic_count":0,"_bbp_reply_count":0,"_bbp_total_topic_count":0,"_bbp_total_reply_count":0,"_bbp_voice_count":0,"_bbp_anonymous_reply_count":0,"_bbp_topic_count_hidden":0,"_bbp_reply_count_hidden":0,"_bbp_forum_subforum_count":0,"site-sidebar-layout":"default","site-content-layout":"","ast-site-content-layout":"","site-content-style":"default","site-sidebar-style":"default","ast-global-header-display":"","ast-banner-title-visibility":"","ast-main-header-display":"","ast-hfb-above-header-display":"","ast-hfb-below-header-display":"","ast-hfb-mobile-header-display":"","site-post-title":"","ast-breadcrumbs-content":"","ast-featured-img":"","footer-sml-layout":"","theme-transparent-header-meta":"","adv-header-id-meta":"","stick-header-meta":"","header-above-stick-meta":"","header-main-stick-meta":"","header-below-stick-meta":"","astra-migrate-meta-layouts":"default","ast-page-background-enabled":"default","ast-page-background-meta":{"desktop":{"background-color":"var(--ast-global-color-4)","background-image":"","background-repeat":"repeat","background-position":"center center","background-size":"auto","background-attachment":"scroll","background-type":"","background-media":"","overlay-type":"","overlay-color":"","overlay-opacity":"","overlay-gradient":""},"tablet":{"background-color":"","background-image":"","background-repeat":"repeat","background-position":"center center","background-size":"auto","background-attachment":"scroll","background-type":"","background-media":"","overlay-type":"","overlay-color":"","overlay-opacity":"","overlay-gradient":""},"mobile":{"background-color":"","background-image":"","background-repeat":"repeat","background-position":"center center","background-size":"auto","background-attachment":"scroll","background-type":"","background-media":"","overlay-type":"","overlay-color":"","overlay-opacity":"","overlay-gradient":""}},"ast-content-background-meta":{"desktop":{"background-color":"var(--ast-global-color-5)","background-image":"","background-repeat":"repeat","background-position":"center center","background-size":"auto","background-attachment":"scroll","background-type":"","background-media":"","overlay-type":"","overlay-color":"","overlay-opacity":"","overlay-gradient":""},"tablet":{"background-color":"var(--ast-global-color-5)","background-image":"","background-repeat":"repeat","background-position":"center center","background-size":"auto","background-attachment":"scroll","background-type":"","background-media":"","overlay-type":"","overlay-color":"","overlay-opacity":"","overlay-gradient":""},"mobile":{"background-color":"var(--ast-global-color-5)","background-image":"","background-repeat":"repeat","background-position":"center center","background-size":"auto","background-attachment":"scroll","background-type":"","background-media":"","overlay-type":"","overlay-color":"","overlay-opacity":"","overlay-gradient":""}},"footnotes":""},"categories":[282,1],"tags":[250,401,386,207],"class_list":["post-12409","post","type-post","status-publish","format-standard","has-post-thumbnail","hentry","category-actualitat","category-general","tag-ciencia","tag-conferencia","tag-divulgacio-cientifica","tag-professorat"],"post_mailing_queue_ids":[],"_links":{"self":[{"href":"https:\/\/serveiseducatius.xtec.cat\/altcamp\/wp-json\/wp\/v2\/posts\/12409","targetHints":{"allow":["GET"]}}],"collection":[{"href":"https:\/\/serveiseducatius.xtec.cat\/altcamp\/wp-json\/wp\/v2\/posts"}],"about":[{"href":"https:\/\/serveiseducatius.xtec.cat\/altcamp\/wp-json\/wp\/v2\/types\/post"}],"author":[{"embeddable":true,"href":"https:\/\/serveiseducatius.xtec.cat\/altcamp\/wp-json\/wp\/v2\/users\/4"}],"replies":[{"embeddable":true,"href":"https:\/\/serveiseducatius.xtec.cat\/altcamp\/wp-json\/wp\/v2\/comments?post=12409"}],"version-history":[{"count":2,"href":"https:\/\/serveiseducatius.xtec.cat\/altcamp\/wp-json\/wp\/v2\/posts\/12409\/revisions"}],"predecessor-version":[{"id":12475,"href":"https:\/\/serveiseducatius.xtec.cat\/altcamp\/wp-json\/wp\/v2\/posts\/12409\/revisions\/12475"}],"wp:featuredmedia":[{"embeddable":true,"href":"https:\/\/serveiseducatius.xtec.cat\/altcamp\/wp-json\/wp\/v2\/media\/12410"}],"wp:attachment":[{"href":"https:\/\/serveiseducatius.xtec.cat\/altcamp\/wp-json\/wp\/v2\/media?parent=12409"}],"wp:term":[{"taxonomy":"category","embeddable":true,"href":"https:\/\/serveiseducatius.xtec.cat\/altcamp\/wp-json\/wp\/v2\/categories?post=12409"},{"taxonomy":"post_tag","embeddable":true,"href":"https:\/\/serveiseducatius.xtec.cat\/altcamp\/wp-json\/wp\/v2\/tags?post=12409"}],"curies":[{"name":"wp","href":"https:\/\/api.w.org\/{rel}","templated":true}]}}