{"id":12375,"date":"2022-04-25T11:25:59","date_gmt":"2022-04-25T09:25:59","guid":{"rendered":"https:\/\/serveiseducatius.xtec.cat\/altcamp\/?p=12375"},"modified":"2022-04-25T11:25:59","modified_gmt":"2022-04-25T09:25:59","slug":"joan-fuster-un-heterodox-entre-els-heterodoxos","status":"publish","type":"post","link":"https:\/\/serveiseducatius.xtec.cat\/altcamp\/general\/joan-fuster-un-heterodox-entre-els-heterodoxos\/","title":{"rendered":"Joan Fuster: un heterodox entre els heterodoxos"},"content":{"rendered":"<p><img loading=\"lazy\" decoding=\"async\" class=\" wp-image-12376 alignleft\" src=\"https:\/\/serveiseducatius.xtec.cat\/altcamp\/wp-content\/uploads\/usu1130\/2022\/04\/100-joan-fuster-548x1024.png\" alt=\"\" width=\"355\" height=\"664\" srcset=\"https:\/\/serveiseducatius.xtec.cat\/altcamp\/wp-content\/uploads\/usu1130\/2022\/04\/100-joan-fuster-548x1024.png 548w, https:\/\/serveiseducatius.xtec.cat\/altcamp\/wp-content\/uploads\/usu1130\/2022\/04\/100-joan-fuster-160x300.png 160w, https:\/\/serveiseducatius.xtec.cat\/altcamp\/wp-content\/uploads\/usu1130\/2022\/04\/100-joan-fuster.png 600w\" sizes=\"auto, (max-width: 355px) 100vw, 355px\" \/><\/p>\n<p>&nbsp;<\/p>\n<p><em><strong>Joan Fuster: un heterodox entre els heterodoxos<\/strong><\/em><br \/>\nConfer\u00e8ncia sobre l\u2019obra de Joan Fuster, en el centenari del seu naixement, a c\u00e0rrec del professor i escriptor Jordi Mart\u00ed Font.<\/p>\n<p>La segona part de l\u2019acte consistir\u00e0 en la lectura de fragments de l\u2019obra de Fuster, a c\u00e0rrec del Departament de Filologia Catalana de la Universitat Rovira i Virgili, l\u2019Associaci\u00f3 de Professionals en Llengua i Literatura Catalanes i l\u2019Escola de Lletres de Tarragona.<\/p>\n<p><strong>Dilluns 25 d&#8217;abril<\/strong> (aniversari de la batalla d\u2019Almansa).<\/p>\n<p><em>L\u2019acte inclour\u00e0 la lectura dels textos guanyadors del V Concurs \u00a0de Microrelats \u201cT\u2019estimo, no t\u2019estimo&#8230;\u201d, convocat pel Centre de Normalitzaci\u00f3 Ling\u00fc\u00edstica \u00a0de Tarragona.<\/em><\/p>\n<p><strong>19 h \/ Serveis Territorials de Cultura de la Generalitat a Tarragona\u00a0 (c. Major, 14) \/ Entrada lliure fins a completar l\u2019aforament<\/strong><\/p>\n","protected":false},"excerpt":{"rendered":"<p>&nbsp; Joan Fuster: un heterodox entre els heterodoxos Confer\u00e8ncia sobre l\u2019obra de Joan Fuster, en el centenari del seu naixement, a c\u00e0rrec del professor i escriptor Jordi Mart\u00ed Font. La segona part de l\u2019acte consistir\u00e0 en la lectura de fragments de l\u2019obra de Fuster, a c\u00e0rrec del Departament de Filologia Catalana de la Universitat Rovira [&hellip;]<\/p>\n","protected":false},"author":4,"featured_media":12376,"comment_status":"closed","ping_status":"closed","sticky":false,"template":"","format":"standard","meta":{"_bbp_topic_count":0,"_bbp_reply_count":0,"_bbp_total_topic_count":0,"_bbp_total_reply_count":0,"_bbp_voice_count":0,"_bbp_anonymous_reply_count":0,"_bbp_topic_count_hidden":0,"_bbp_reply_count_hidden":0,"_bbp_forum_subforum_count":0,"site-sidebar-layout":"default","site-content-layout":"","ast-site-content-layout":"","site-content-style":"default","site-sidebar-style":"default","ast-global-header-display":"","ast-banner-title-visibility":"","ast-main-header-display":"","ast-hfb-above-header-display":"","ast-hfb-below-header-display":"","ast-hfb-mobile-header-display":"","site-post-title":"","ast-breadcrumbs-content":"","ast-featured-img":"","footer-sml-layout":"","theme-transparent-header-meta":"","adv-header-id-meta":"","stick-header-meta":"","header-above-stick-meta":"","header-main-stick-meta":"","header-below-stick-meta":"","astra-migrate-meta-layouts":"default","ast-page-background-enabled":"default","ast-page-background-meta":{"desktop":{"background-color":"var(--ast-global-color-4)","background-image":"","background-repeat":"repeat","background-position":"center center","background-size":"auto","background-attachment":"scroll","background-type":"","background-media":"","overlay-type":"","overlay-color":"","overlay-opacity":"","overlay-gradient":""},"tablet":{"background-color":"","background-image":"","background-repeat":"repeat","background-position":"center center","background-size":"auto","background-attachment":"scroll","background-type":"","background-media":"","overlay-type":"","overlay-color":"","overlay-opacity":"","overlay-gradient":""},"mobile":{"background-color":"","background-image":"","background-repeat":"repeat","background-position":"center center","background-size":"auto","background-attachment":"scroll","background-type":"","background-media":"","overlay-type":"","overlay-color":"","overlay-opacity":"","overlay-gradient":""}},"ast-content-background-meta":{"desktop":{"background-color":"var(--ast-global-color-5)","background-image":"","background-repeat":"repeat","background-position":"center center","background-size":"auto","background-attachment":"scroll","background-type":"","background-media":"","overlay-type":"","overlay-color":"","overlay-opacity":"","overlay-gradient":""},"tablet":{"background-color":"var(--ast-global-color-5)","background-image":"","background-repeat":"repeat","background-position":"center center","background-size":"auto","background-attachment":"scroll","background-type":"","background-media":"","overlay-type":"","overlay-color":"","overlay-opacity":"","overlay-gradient":""},"mobile":{"background-color":"var(--ast-global-color-5)","background-image":"","background-repeat":"repeat","background-position":"center center","background-size":"auto","background-attachment":"scroll","background-type":"","background-media":"","overlay-type":"","overlay-color":"","overlay-opacity":"","overlay-gradient":""}},"footnotes":""},"categories":[282,1],"tags":[937,347,207],"class_list":["post-12375","post","type-post","status-publish","format-standard","has-post-thumbnail","hentry","category-actualitat","category-general","tag-joan-fuster","tag-literatura-catalana","tag-professorat"],"post_mailing_queue_ids":[],"_links":{"self":[{"href":"https:\/\/serveiseducatius.xtec.cat\/altcamp\/wp-json\/wp\/v2\/posts\/12375","targetHints":{"allow":["GET"]}}],"collection":[{"href":"https:\/\/serveiseducatius.xtec.cat\/altcamp\/wp-json\/wp\/v2\/posts"}],"about":[{"href":"https:\/\/serveiseducatius.xtec.cat\/altcamp\/wp-json\/wp\/v2\/types\/post"}],"author":[{"embeddable":true,"href":"https:\/\/serveiseducatius.xtec.cat\/altcamp\/wp-json\/wp\/v2\/users\/4"}],"replies":[{"embeddable":true,"href":"https:\/\/serveiseducatius.xtec.cat\/altcamp\/wp-json\/wp\/v2\/comments?post=12375"}],"version-history":[{"count":1,"href":"https:\/\/serveiseducatius.xtec.cat\/altcamp\/wp-json\/wp\/v2\/posts\/12375\/revisions"}],"predecessor-version":[{"id":12377,"href":"https:\/\/serveiseducatius.xtec.cat\/altcamp\/wp-json\/wp\/v2\/posts\/12375\/revisions\/12377"}],"wp:featuredmedia":[{"embeddable":true,"href":"https:\/\/serveiseducatius.xtec.cat\/altcamp\/wp-json\/wp\/v2\/media\/12376"}],"wp:attachment":[{"href":"https:\/\/serveiseducatius.xtec.cat\/altcamp\/wp-json\/wp\/v2\/media?parent=12375"}],"wp:term":[{"taxonomy":"category","embeddable":true,"href":"https:\/\/serveiseducatius.xtec.cat\/altcamp\/wp-json\/wp\/v2\/categories?post=12375"},{"taxonomy":"post_tag","embeddable":true,"href":"https:\/\/serveiseducatius.xtec.cat\/altcamp\/wp-json\/wp\/v2\/tags?post=12375"}],"curies":[{"name":"wp","href":"https:\/\/api.w.org\/{rel}","templated":true}]}}