{"id":12273,"date":"2022-03-24T13:16:05","date_gmt":"2022-03-24T12:16:05","guid":{"rendered":"https:\/\/serveiseducatius.xtec.cat\/altcamp\/?p=12273"},"modified":"2022-03-24T13:28:46","modified_gmt":"2022-03-24T12:28:46","slug":"la-coeducacio-a-catalunya-practiques-de-referencia-i-reptes","status":"publish","type":"post","link":"https:\/\/serveiseducatius.xtec.cat\/altcamp\/actualitat\/la-coeducacio-a-catalunya-practiques-de-referencia-i-reptes\/","title":{"rendered":"La Coeducaci\u00f3 a Catalunya, pr\u00e0ctiques de refer\u00e8ncia i reptes"},"content":{"rendered":"<p><a href=\"https:\/\/www.violenciadegenere.org\/sites\/default\/files\/2022\/1%20coeducacio_catalunya_final_baixa.pdf\" target=\"_blank\" rel=\"noopener\"><img loading=\"lazy\" decoding=\"async\" class=\"alignleft wp-image-12274 size-full\" src=\"https:\/\/serveiseducatius.xtec.cat\/altcamp\/wp-content\/uploads\/usu1130\/2022\/03\/Coeducacio-Edualter.jpg\" alt=\"\" width=\"620\" height=\"797\" srcset=\"https:\/\/serveiseducatius.xtec.cat\/altcamp\/wp-content\/uploads\/usu1130\/2022\/03\/Coeducacio-Edualter.jpg 620w, https:\/\/serveiseducatius.xtec.cat\/altcamp\/wp-content\/uploads\/usu1130\/2022\/03\/Coeducacio-Edualter-233x300.jpg 233w\" sizes=\"auto, (max-width: 620px) 100vw, 620px\" \/><\/a><\/p>\n<p>&nbsp;<\/p>\n<p style=\"font-weight: 400;\"><em>El projecte\u00a0<\/em><strong><em>\u201c<a href=\"http:\/\/nova.edualter.org\/ca\/recursos\/la-coeducacio-a-catalunya-practiques-de-referencia-i-reptes\" target=\"_blank\" rel=\"noopener\">La Coeducaci\u00f3 a Catalunya, pr\u00e0ctiques de refer\u00e8ncia i reptes<\/a>\u201d<\/em><\/strong><em>, desenvolupat durant el curs 2020-2021\u00a0de forma col\u00b7laborativa entre\u00a0<strong>l\u2019associaci\u00f3 EduAlter i el Grup d\u2019Educaci\u00f3 i G\u00e8nere (GEG-UAB)<\/strong>\u00a0de la Universitat Aut\u00f2noma de Barcelona\u00a0t\u00e9 com a\u00a0objectius la\u00a0visibilitzaci\u00f3 de\u00a0<strong>les\u00a0pr\u00e0ctiques de refer\u00e8ncia en mat\u00e8ria de coeducaci\u00f3\u00a0en centres d\u2019educaci\u00f3 secund\u00e0ria d\u2019arreu de Catalunya<\/strong>, des d\u2019un enfocament d\u2019Educaci\u00f3 per a la Just\u00edcia Global, i\u00a0fer incid\u00e8ncia en les pol\u00edtiques p\u00fabliques\u00a0a partir de generar una an\u00e0lisi cr\u00edtica de la normativa que funciona com a marc legislatiu d\u2019aquestes pr\u00e0ctiques en el context catal\u00e0.\u00a0Es tracta d&#8217;una recerca de\u00a0 naturalesa\u00a0 multi-modal que combina t\u00e8cniques pr\u00f2pies de les metodologies basades en les arts, i t\u00e8cniques participatives, amb una aproximaci\u00f3 eminentment qualitativa i emmarcada en la Investigaci\u00f3 Activista Feminista (IAF) sobre la Coeducaci\u00f3 a Catalunya.<\/em><strong><em>\u00a0<\/em><\/strong><\/p>\n<p style=\"font-weight: 400;\">Les presentacions del projecte, que seran presencials, tot i que diu que la inscripci\u00f3 es fins el 24 de mar\u00e7 es podr\u00e0 fer fins el <strong>31 de mar\u00e7.<\/strong><\/p>\n<p>Dates i inscripcions<\/p>\n<p>&#8211; Presentaci\u00f3 a Girona, 28 de mar\u00e7. 17:30h a 19:30h. Sala d&#8217;actes de l&#8217;Institut Santiago Sobrequ\u00e9s.<br \/>\n&#8211; Presentaci\u00f3 a Barcelona, 30 de mar\u00e7. 18:00 a 20:00h. Facultat de Ci\u00e8ncies de l&#8217;Educaci\u00f3, UAB<br \/>\n&#8211; Presentaci\u00f3 a Lleida, 4 d\u2019abril. 17:00 a 19:00h. Facultat d&#8217;Educaci\u00f3, Universitat de Lleida.<br \/>\n&#8211; Presentaci\u00f3 a Tortosa, Tarragona, 5 d&#8217;abril 17:00 a19:00h. Campus de les Terres de l&#8217;Ebre, Universitat Rovira i Virgili.<\/p>\n<p style=\"font-weight: 400;\">Enlla\u00e7 formulari d&#8217;inscripci\u00f3:\u00a0<a href=\"https:\/\/eur03.safelinks.protection.outlook.com\/?url=https%3A%2F%2Fbit.ly%2F35ni03i&amp;data=04%7C01%7Cmontserrat.payes%40gencat.cat%7C0b74c8fcacac495e2c1208da0c32e509%7C3b9427dcd30e43bc8c06ff7253676fec%7C1%7C0%7C637835710018947087%7CUnknown%7CTWFpbGZsb3d8eyJWIjoiMC4wLjAwMDAiLCJQIjoiV2luMzIiLCJBTiI6Ik1haWwiLCJXVCI6Mn0%3D%7C3000&amp;sdata=aMF%2Fh6noAvimhD02NL8thUQvQLW1tb4%2Fnbhna2fIMeU%3D&amp;reserved=0\" data-saferedirecturl=\"https:\/\/www.google.com\/url?q=https:\/\/eur03.safelinks.protection.outlook.com\/?url%3Dhttps%253A%252F%252Fbit.ly%252F35ni03i%26data%3D04%257C01%257Cmontserrat.payes%2540gencat.cat%257C0b74c8fcacac495e2c1208da0c32e509%257C3b9427dcd30e43bc8c06ff7253676fec%257C1%257C0%257C637835710018947087%257CUnknown%257CTWFpbGZsb3d8eyJWIjoiMC4wLjAwMDAiLCJQIjoiV2luMzIiLCJBTiI6Ik1haWwiLCJXVCI6Mn0%253D%257C3000%26sdata%3DaMF%252Fh6noAvimhD02NL8thUQvQLW1tb4%252Fnbhna2fIMeU%253D%26reserved%3D0&amp;source=gmail&amp;ust=1648208614418000&amp;usg=AOvVaw2K5up08X540oWPA5rZwiMS\">https:\/\/bit.ly\/35ni03i<\/a><\/p>\n<p style=\"font-weight: 400;\"><em>Les jornades tenen la intencionalitat de compartir els resultats i generar un espai per detectar quines accions educatives es desenvolupen de manera comunit\u00e0ria per a l\u2019enfortiment i l\u2019apoderament juvenil com a actors i actores de transformaci\u00f3 social als territoris de <strong>Girona, Barcelona, Lleida i Tarragona<\/strong>.\u00a0<\/em><em>Considerem de gran import\u00e0ncia que les representants de les institucions que lluiten per erradicar les viol\u00e8ncies masclistes del nostre territori, les docents dels centres educatius, les fam\u00edlies participants i les professionals del sector de l\u2019educaci\u00f3,\u00a0 assisteixin a la presentaci\u00f3 i puguin intervenir durant el torn de debat.<\/em><\/p>\n<p class=\"western\" align=\"justify\"><em>Partint del coneixement que aporten les pedagogies cr\u00edtiques feministes centrades en la presa de consci\u00e8ncia cr\u00edtica i el comprom\u00eds \u00e8tic per subvertir les desigualtats de g\u00e8nere (hooks, 1989), aquesta recerca t\u00e9 un doble objectiu. D\u2019una banda, (i) visibilitzar pr\u00e0ctiques de refer\u00e8ncia en mat\u00e8ria de coeducaci\u00f3 en centres d\u2019educaci\u00f3 secund\u00e0ria d\u2019arreu de Catalunya des d\u2019un enfocament d\u2019Educaci\u00f3 per a la Just\u00edcia Global i, de l\u2019altra, (ii) fer incid\u00e8ncia en les pol\u00edtiques p\u00fabliques a partir de generar una an\u00e0lisi cr\u00edtica entorn la normativa que funciona com a marc legislatiu d\u2019aquestes pr\u00e0ctiques en el context catal\u00e0.<\/em><\/p>\n<p class=\"western\" align=\"justify\"><em>El resultat de la recerca es presenta en aquests <a href=\"http:\/\/nova.edualter.org\/ca\/recursos\/la-coeducacio-a-catalunya-practiques-de-referencia-i-reptes\" target=\"_blank\" rel=\"noopener\"><strong>tres documents.<\/strong><\/a> <\/em><\/p>\n","protected":false},"excerpt":{"rendered":"<p>&nbsp; El projecte\u00a0\u201cLa Coeducaci\u00f3 a Catalunya, pr\u00e0ctiques de refer\u00e8ncia i reptes\u201d, desenvolupat durant el curs 2020-2021\u00a0de forma col\u00b7laborativa entre\u00a0l\u2019associaci\u00f3 EduAlter i el Grup d\u2019Educaci\u00f3 i G\u00e8nere (GEG-UAB)\u00a0de la Universitat Aut\u00f2noma de Barcelona\u00a0t\u00e9 com a\u00a0objectius la\u00a0visibilitzaci\u00f3 de\u00a0les\u00a0pr\u00e0ctiques de refer\u00e8ncia en mat\u00e8ria de coeducaci\u00f3\u00a0en centres d\u2019educaci\u00f3 secund\u00e0ria d\u2019arreu de Catalunya, des d\u2019un enfocament d\u2019Educaci\u00f3 per a la [&hellip;]<\/p>\n","protected":false},"author":4,"featured_media":12274,"comment_status":"closed","ping_status":"closed","sticky":false,"template":"","format":"standard","meta":{"_bbp_topic_count":0,"_bbp_reply_count":0,"_bbp_total_topic_count":0,"_bbp_total_reply_count":0,"_bbp_voice_count":0,"_bbp_anonymous_reply_count":0,"_bbp_topic_count_hidden":0,"_bbp_reply_count_hidden":0,"_bbp_forum_subforum_count":0,"site-sidebar-layout":"default","site-content-layout":"","ast-site-content-layout":"","site-content-style":"default","site-sidebar-style":"default","ast-global-header-display":"","ast-banner-title-visibility":"","ast-main-header-display":"","ast-hfb-above-header-display":"","ast-hfb-below-header-display":"","ast-hfb-mobile-header-display":"","site-post-title":"","ast-breadcrumbs-content":"","ast-featured-img":"","footer-sml-layout":"","theme-transparent-header-meta":"","adv-header-id-meta":"","stick-header-meta":"","header-above-stick-meta":"","header-main-stick-meta":"","header-below-stick-meta":"","astra-migrate-meta-layouts":"default","ast-page-background-enabled":"default","ast-page-background-meta":{"desktop":{"background-color":"var(--ast-global-color-4)","background-image":"","background-repeat":"repeat","background-position":"center center","background-size":"auto","background-attachment":"scroll","background-type":"","background-media":"","overlay-type":"","overlay-color":"","overlay-opacity":"","overlay-gradient":""},"tablet":{"background-color":"","background-image":"","background-repeat":"repeat","background-position":"center center","background-size":"auto","background-attachment":"scroll","background-type":"","background-media":"","overlay-type":"","overlay-color":"","overlay-opacity":"","overlay-gradient":""},"mobile":{"background-color":"","background-image":"","background-repeat":"repeat","background-position":"center center","background-size":"auto","background-attachment":"scroll","background-type":"","background-media":"","overlay-type":"","overlay-color":"","overlay-opacity":"","overlay-gradient":""}},"ast-content-background-meta":{"desktop":{"background-color":"var(--ast-global-color-5)","background-image":"","background-repeat":"repeat","background-position":"center center","background-size":"auto","background-attachment":"scroll","background-type":"","background-media":"","overlay-type":"","overlay-color":"","overlay-opacity":"","overlay-gradient":""},"tablet":{"background-color":"var(--ast-global-color-5)","background-image":"","background-repeat":"repeat","background-position":"center center","background-size":"auto","background-attachment":"scroll","background-type":"","background-media":"","overlay-type":"","overlay-color":"","overlay-opacity":"","overlay-gradient":""},"mobile":{"background-color":"var(--ast-global-color-5)","background-image":"","background-repeat":"repeat","background-position":"center center","background-size":"auto","background-attachment":"scroll","background-type":"","background-media":"","overlay-type":"","overlay-color":"","overlay-opacity":"","overlay-gradient":""}},"footnotes":""},"categories":[282,287],"tags":[339,692,358,207,601,480],"class_list":["post-12273","post","type-post","status-publish","format-standard","has-post-thumbnail","hentry","category-actualitat","category-recomanem","tag-centres","tag-coedudacio","tag-jornades","tag-professorat","tag-violencia-de-genere","tag-violencia-masclista"],"post_mailing_queue_ids":[],"_links":{"self":[{"href":"https:\/\/serveiseducatius.xtec.cat\/altcamp\/wp-json\/wp\/v2\/posts\/12273","targetHints":{"allow":["GET"]}}],"collection":[{"href":"https:\/\/serveiseducatius.xtec.cat\/altcamp\/wp-json\/wp\/v2\/posts"}],"about":[{"href":"https:\/\/serveiseducatius.xtec.cat\/altcamp\/wp-json\/wp\/v2\/types\/post"}],"author":[{"embeddable":true,"href":"https:\/\/serveiseducatius.xtec.cat\/altcamp\/wp-json\/wp\/v2\/users\/4"}],"replies":[{"embeddable":true,"href":"https:\/\/serveiseducatius.xtec.cat\/altcamp\/wp-json\/wp\/v2\/comments?post=12273"}],"version-history":[{"count":3,"href":"https:\/\/serveiseducatius.xtec.cat\/altcamp\/wp-json\/wp\/v2\/posts\/12273\/revisions"}],"predecessor-version":[{"id":12279,"href":"https:\/\/serveiseducatius.xtec.cat\/altcamp\/wp-json\/wp\/v2\/posts\/12273\/revisions\/12279"}],"wp:featuredmedia":[{"embeddable":true,"href":"https:\/\/serveiseducatius.xtec.cat\/altcamp\/wp-json\/wp\/v2\/media\/12274"}],"wp:attachment":[{"href":"https:\/\/serveiseducatius.xtec.cat\/altcamp\/wp-json\/wp\/v2\/media?parent=12273"}],"wp:term":[{"taxonomy":"category","embeddable":true,"href":"https:\/\/serveiseducatius.xtec.cat\/altcamp\/wp-json\/wp\/v2\/categories?post=12273"},{"taxonomy":"post_tag","embeddable":true,"href":"https:\/\/serveiseducatius.xtec.cat\/altcamp\/wp-json\/wp\/v2\/tags?post=12273"}],"curies":[{"name":"wp","href":"https:\/\/api.w.org\/{rel}","templated":true}]}}