{"id":12209,"date":"2022-03-08T17:33:12","date_gmt":"2022-03-08T16:33:12","guid":{"rendered":"https:\/\/serveiseducatius.xtec.cat\/altcamp\/?p=12209"},"modified":"2022-03-08T17:56:12","modified_gmt":"2022-03-08T16:56:12","slug":"el-treball-reproductiu-o-treball-de-la-reproduccio","status":"publish","type":"post","link":"https:\/\/serveiseducatius.xtec.cat\/altcamp\/actualitat\/el-treball-reproductiu-o-treball-de-la-reproduccio\/","title":{"rendered":"El treball reproductiu\u00a0o\u00a0treball de la reproducci\u00f3"},"content":{"rendered":"<p>&nbsp;<\/p>\n<p>El\u00a0<a href=\"https:\/\/ca.wikipedia.org\/wiki\/Treball_reproductiu\" target=\"_blank\" rel=\"noopener\"><b>treball reproductiu<\/b>\u00a0o\u00a0<b>treball de la reproducci\u00f3<\/b><\/a> es refereix tant al treball necessari per a la reproducci\u00f3 humana dut a terme per les dones al llarg de la hist\u00f2ria (l&#8217;embar\u00e0s, el part o la lact\u00e0ncia) com el conjunt d&#8217;atencions i cures necess\u00e0ries per al manteniment de la vida i la superviv\u00e8ncia humana: alimentaci\u00f3, cures f\u00edsiques i sanitaris, l&#8217;educaci\u00f3, les relacions socials, suport afectiu i psicol\u00f2gic o el manteniment dels espais i b\u00e9ns dom\u00e8stics<sup id=\"cite_ref-eustat_6-0\" class=\"reference\"><\/sup><\/p>\n<p>S&#8217;anomena<i>\u00a0treball reproductiu<\/i>\u00a0per diferenciar-ho del\u00a0<i>treball productiu<\/i>\u00a0dirigit a generar\u00a0b\u00e9ns\u00a0i serveis. Davant del treball productiu,\u00a0assalariat i reconegut socialment en les societats industrialitzades, el treball de reproducci\u00f3 no es reconeix ni econ\u00f2mica ni socialment. Els canvis socials en l&#8217;esfera productiva i reproductiva for\u00e7a a repensar la tradicional i desigual distribuci\u00f3 de les c\u00e0rregues entre les dones i els homes, aix\u00ed com el reconeixement social i econ\u00f2mic treball reproductiu.<sup id=\"cite_ref-9\" class=\"reference\"><\/sup><\/p>\n<p>(Article <a href=\"https:\/\/ca.wikipedia.org\/wiki\/Treball_reproductiu\" target=\"_blank\" rel=\"noopener\">Vikip\u00e8dia<\/a>)<\/p>\n<p>&nbsp;<\/p>\n<p>PROPOSTES PER A L\u2019AULA:<\/p>\n<p><a href=\"https:\/\/www.barcelona.cat\/museu-etnologic-culturesmon\/sites\/default\/files\/2020-10\/QUINA%20FEINADA.%20Propostes%20aula.%20ESO.pdf\" target=\"_blank\" rel=\"noopener\"><strong> Quina feinada!<\/strong><\/a><\/p>\n<p>( Museu Etnol\u00f2gic i de Cultures del M\u00f3n)<br \/>\nL\u2019objectiu central d\u2019aquesta activitat \u00e9s que l\u2019alumnat reflexioni sobre la difer\u00e8ncia entre necessitats b\u00e0siques i secund\u00e0ries dels grups humans i les activitats orientades a satisfer-les; aix\u00ed mateix, que es valori el paper de la dona.<\/p>\n<hr \/>\n<p><strong><a href=\"https:\/\/www.diba.cat\/c\/document_library\/get_file?uuid=32966707-a862-454a-8d74-d0df4986a5a9&amp;groupId=232140\" target=\"_blank\" rel=\"noopener\">Qui fa qu\u00e8?<\/a><\/strong><\/p>\n<p>El repartiment de tasques a la casa<\/p>\n<p>A tav\u00e9s d&#8217;un petit q\u00fcestionari els alumnes poden analitzar el repartiment de les tasques de la llar entre els progenitors, per despr\u00e9s debatre sobre la sobrec\u00e0rrega mental que comporta el treball reproductiu, del que sempre s\u2019ha responsabilitzat les dones.<\/p>\n<hr \/>\n<p><a href=\"https:\/\/sites.google.com\/a\/ieslamallola.cat\/8-de-marc-institut-la-mallola\/inici\/repartim-la-feina\" target=\"_blank\" rel=\"noopener\"><b><span lang=\"CA\">Treball productiu, treball reproductiu<\/span><\/b><\/a><\/p>\n<p>Institut La Mallola<\/p>\n<p>Webquest amb activitats, textos, recursos, etc. (ESO i BATX.)<\/p>\n<p><em><span lang=\"CA\">L\u2019objectiu \u00e9s ajudar a entendre la import\u00e0ncia i la necessitat del treball reproductiu, realitzat generalment per les dones.<\/span><\/em><\/p>\n<p><em><span lang=\"CA\">\u00c9s habitual que a les nostres societats anomenem treball el que es fa fora de casa: un taller, una oficina, una botiga, una obra\u2026, i gr\u00e0cies al qual s\u2019obt\u00e9 un sou. En canvi, les feines que es fan dins la llar, la neteja, la cuina, l\u2019endre\u00e7ament de la roba, la cura de determinades persones (menors, ancians, persones malaltes), l\u2019enorme nombre de tasques perqu\u00e8 tot funcioni, etc., com que no es retribueixen amb diners, no s\u00f3n considerades com a treball. Aquest \u00e9s el treball reproductiu. Per contra, el que es fa fora de casa, que \u00e9s objecte d\u2019intercanvi en el mercat i pel qual es rep un salari, \u00e9s el treball productiu. El treball reproductiu \u00e9s la base sobre la qual es realitza el treball productiu. Si no es fes el primer, no es podria realitzar el segon.<\/span><\/em><\/p>\n<hr \/>\n<h4><strong>M\u00e9s recursos d&#8217;informaci\u00f3:<\/strong><\/h4>\n<p><a href=\"https:\/\/www.elnacional.cat\/ca\/societat\/video-fills-precaritza-dones_663044_102.html\" target=\"_blank\" rel=\"noopener\"><strong>Per qu\u00e8 tenir fills precaritza les dones?<\/strong><\/a><\/p>\n<p><strong class=\"author\">Alba Domingo<\/strong><br \/>\nV\u00eddeo:\u00a0<strong>Mar Acero i Marc Ort\u00edn<\/strong><\/p>\n<p>La\u00a0<strong>bretxa de g\u00e8nere\u00a0<\/strong>que viuen les dones al mercat laboral s\u2019accentua molt quan decideixen tenir fills. Segons l\u2019informe d\u2019Impacte de G\u00e8nere de l\u2019Estat, en tenir criatures\u00a0<strong>la carrera professional de les dones s\u2019enfonsa<\/strong>\u00a0encara m\u00e9s en la precarietat, mentre que els homes reforcen les seves carreres. Si a aix\u00f2 hi sumem la precarietat juvenil, la crisi de l\u2019habitatge, que no hi ha mecanismes de conciliaci\u00f3 laboral, que gaireb\u00e9 no hi ha ajudes a la crian\u00e7a i la manca de corresponsabilitat en les tasques de cura, poques coses fan pensar que la maternitat no ser\u00e0 un obstacle en un m\u00f3n laboral i social tan fr\u00e0gil. I amb\u00a0tot aix\u00f2, encara es pregunta a\u00a0les dones per qu\u00e8 no tenen fills.<\/p>\n<p>Per qu\u00e8 la maternitat precaritza les dones?<\/p>\n<p>Les dades s\u00f3n clares i parlen per si soles: abans dels 25 anys la bretxa de g\u00e8nere \u00e9s evident que existeix, ja que les dones cobren de mitjana un\u00a016% menys per fer la mateixa feina, per\u00f2 \u00e9s\u00a0<strong>amb l\u2019arribada de la maternitat que es multipliquen les desigualtats.<\/strong><\/p>\n<div class=\"ast-oembed-container \" style=\"height: 100%;\"><iframe loading=\"lazy\" title=\"Per qu\u00e8 tenir fills precaritza les dones?\" width=\"500\" height=\"281\" src=\"https:\/\/www.youtube.com\/embed\/uYlVrtBZYrU?feature=oembed\" frameborder=\"0\" allow=\"accelerometer; autoplay; clipboard-write; encrypted-media; gyroscope; picture-in-picture; web-share\" referrerpolicy=\"strict-origin-when-cross-origin\" allowfullscreen><\/iframe><\/div>\n<hr \/>\n<p><strong><a title=\"Abre en nueva pesta\u00f1a\" href=\"https:\/\/www.sepg.pap.hacienda.gob.es\/sitios\/sepg\/es-ES\/Presupuestos\/DocumentacionEstadisticas\/Documentacion\/Documents\/INFORMES%20IMPACTO%20DE%20GENERO\/IIG_2021.pdf\" target=\"_blank\" rel=\"noopener\">\u200bInforme de impacto de g\u00e9nero 2021 (pdf)<\/a><\/strong><\/p>\n<p>Diagn\u00f3stico objetivo y cuantificado de la situaci\u00f3n de la sociedad espa\u00f1ola en aspectos primordiales de la situaci\u00f3n social contempor\u00e1nea, analizando como aspectos b\u00e1sicos de esta realidad siguen siendo sensibles al g\u00e9nero del ciudadano, tanto mujer como hombre.<br \/>\nEste informe presenta datos sobre ocho \u00e1reas concretas: Empleo,Salarios,Educaci\u00f3n,Salud, Empleo del tiempo y Conciliaci\u00f3n laboral, Ciencia y Tecnolog\u00eda,Violencia, y Poder yToma de decisiones<\/p>\n<hr \/>\n<p><a href=\"https:\/\/www.eldiario.es\/catalunya\/opinions\/els-temps-dones-pobresa-saturacio_132_3536778.html\" target=\"_blank\" rel=\"noopener\"><strong>Els temps de les dones: pobresa o saturaci\u00f3?<\/strong><\/a><\/p>\n<p class=\"authors\">Fina Rubio, <span class=\"place\">Presidenta de la Fundaci\u00f3 Surt\u00a0<\/span><\/p>\n<h2 style=\"box-sizing: inherit; margin-top: 0px; margin-bottom: 20px; font-variant-numeric: normal; font-variant-east-asian: normal; font-weight: 400; font-stretch: normal; font-size: 16px; line-height: 1.25; font-family: 'Encode Sans', Verdana; color: #090909;\"><em>Les pol\u00edtiques de conciliaci\u00f3 han fet recaure sobre les dones la responsabilitat de trobar solucions sense alterar el model social de divisi\u00f3 sexual del treball<\/em><\/h2>\n<p><em>Les dones dediquem gaireb\u00e9 quatre hores i mitja di\u00e0ries a les tasques de la llar i la fam\u00edlia, dues hores di\u00e0ries m\u00e9s que els homes.<\/em><\/p>\n<p><em>El nostre problema no est\u00e0 en no tenir temps suficient, sin\u00f3 en el fet que el temps que tenim est\u00e0 sobrecarregat, per haver de donar resposta, alhora, al temps productiu i al temps reproductiu en un model social que no valora les cures com a treball real.<\/em><\/p>\n<hr \/>\n<p id=\"titol-noticia\" class=\"entry-title h1\"><a href=\"https:\/\/www.vilaweb.cat\/noticies\/dona-no-es-sinonim-de-mare\/\" target=\"_blank\" rel=\"noopener\"><strong>Dona no \u00e9s sin\u00f2nim de mare<\/strong><\/a><\/p>\n<p class=\"subtitol-noticia\">La maternitat comen\u00e7a a definir-se com una opci\u00f3, q\u00fcestionant la visi\u00f3 tradicional que fa indestriables els conceptes de dona i mare.<\/p>\n<p><strong>&#8220;Cada cop s\u00f3n m\u00e9s les dones que no volen tenir descend\u00e8ncia<\/strong>, tot i que la idea de dona lligada a la maternitat encara perviu avui en dia. \u201cA les dones se\u2019ns exigeix que siguem joves eternes, treballadores lliurades, esposes complaents i a m\u00e9s, mares. No estic disposada a acceptar aquest plantejament de vida i el que n\u2019opini la societat m\u2019\u00e9s igual\u201d. \u201cSi algun dia volgu\u00e9s tenir fills, adoptaria. No entenc aquesta obsessi\u00f3 per tenir fills biol\u00f2gics, bastant malament est\u00e0 el m\u00f3n com per a continuar portant-hi criatures\u201d.<\/p>\n","protected":false},"excerpt":{"rendered":"<p>&nbsp; El\u00a0treball reproductiu\u00a0o\u00a0treball de la reproducci\u00f3 es refereix tant al treball necessari per a la reproducci\u00f3 humana dut a terme per les dones al llarg de la hist\u00f2ria (l&#8217;embar\u00e0s, el part o la lact\u00e0ncia) com el conjunt d&#8217;atencions i cures necess\u00e0ries per al manteniment de la vida i la superviv\u00e8ncia humana: alimentaci\u00f3, cures f\u00edsiques i [&hellip;]<\/p>\n","protected":false},"author":4,"featured_media":12210,"comment_status":"closed","ping_status":"closed","sticky":false,"template":"","format":"standard","meta":{"_bbp_topic_count":0,"_bbp_reply_count":0,"_bbp_total_topic_count":0,"_bbp_total_reply_count":0,"_bbp_voice_count":0,"_bbp_anonymous_reply_count":0,"_bbp_topic_count_hidden":0,"_bbp_reply_count_hidden":0,"_bbp_forum_subforum_count":0,"site-sidebar-layout":"default","site-content-layout":"","ast-site-content-layout":"","site-content-style":"default","site-sidebar-style":"default","ast-global-header-display":"","ast-banner-title-visibility":"","ast-main-header-display":"","ast-hfb-above-header-display":"","ast-hfb-below-header-display":"","ast-hfb-mobile-header-display":"","site-post-title":"","ast-breadcrumbs-content":"","ast-featured-img":"","footer-sml-layout":"","theme-transparent-header-meta":"","adv-header-id-meta":"","stick-header-meta":"","header-above-stick-meta":"","header-main-stick-meta":"","header-below-stick-meta":"","astra-migrate-meta-layouts":"default","ast-page-background-enabled":"default","ast-page-background-meta":{"desktop":{"background-color":"var(--ast-global-color-4)","background-image":"","background-repeat":"repeat","background-position":"center center","background-size":"auto","background-attachment":"scroll","background-type":"","background-media":"","overlay-type":"","overlay-color":"","overlay-opacity":"","overlay-gradient":""},"tablet":{"background-color":"","background-image":"","background-repeat":"repeat","background-position":"center center","background-size":"auto","background-attachment":"scroll","background-type":"","background-media":"","overlay-type":"","overlay-color":"","overlay-opacity":"","overlay-gradient":""},"mobile":{"background-color":"","background-image":"","background-repeat":"repeat","background-position":"center center","background-size":"auto","background-attachment":"scroll","background-type":"","background-media":"","overlay-type":"","overlay-color":"","overlay-opacity":"","overlay-gradient":""}},"ast-content-background-meta":{"desktop":{"background-color":"var(--ast-global-color-5)","background-image":"","background-repeat":"repeat","background-position":"center center","background-size":"auto","background-attachment":"scroll","background-type":"","background-media":"","overlay-type":"","overlay-color":"","overlay-opacity":"","overlay-gradient":""},"tablet":{"background-color":"var(--ast-global-color-5)","background-image":"","background-repeat":"repeat","background-position":"center center","background-size":"auto","background-attachment":"scroll","background-type":"","background-media":"","overlay-type":"","overlay-color":"","overlay-opacity":"","overlay-gradient":""},"mobile":{"background-color":"var(--ast-global-color-5)","background-image":"","background-repeat":"repeat","background-position":"center center","background-size":"auto","background-attachment":"scroll","background-type":"","background-media":"","overlay-type":"","overlay-color":"","overlay-opacity":"","overlay-gradient":""}},"footnotes":""},"categories":[282,287],"tags":[426,707,891,963,439,349,754,957],"class_list":["post-12209","post","type-post","status-publish","format-standard","has-post-thumbnail","hentry","category-actualitat","category-recomanem","tag-coeducacio","tag-drets","tag-drets-laborals","tag-economia","tag-feminisme","tag-igualtat-de-genere","tag-societat","tag-treball"],"post_mailing_queue_ids":[],"_links":{"self":[{"href":"https:\/\/serveiseducatius.xtec.cat\/altcamp\/wp-json\/wp\/v2\/posts\/12209","targetHints":{"allow":["GET"]}}],"collection":[{"href":"https:\/\/serveiseducatius.xtec.cat\/altcamp\/wp-json\/wp\/v2\/posts"}],"about":[{"href":"https:\/\/serveiseducatius.xtec.cat\/altcamp\/wp-json\/wp\/v2\/types\/post"}],"author":[{"embeddable":true,"href":"https:\/\/serveiseducatius.xtec.cat\/altcamp\/wp-json\/wp\/v2\/users\/4"}],"replies":[{"embeddable":true,"href":"https:\/\/serveiseducatius.xtec.cat\/altcamp\/wp-json\/wp\/v2\/comments?post=12209"}],"version-history":[{"count":3,"href":"https:\/\/serveiseducatius.xtec.cat\/altcamp\/wp-json\/wp\/v2\/posts\/12209\/revisions"}],"predecessor-version":[{"id":12213,"href":"https:\/\/serveiseducatius.xtec.cat\/altcamp\/wp-json\/wp\/v2\/posts\/12209\/revisions\/12213"}],"wp:featuredmedia":[{"embeddable":true,"href":"https:\/\/serveiseducatius.xtec.cat\/altcamp\/wp-json\/wp\/v2\/media\/12210"}],"wp:attachment":[{"href":"https:\/\/serveiseducatius.xtec.cat\/altcamp\/wp-json\/wp\/v2\/media?parent=12209"}],"wp:term":[{"taxonomy":"category","embeddable":true,"href":"https:\/\/serveiseducatius.xtec.cat\/altcamp\/wp-json\/wp\/v2\/categories?post=12209"},{"taxonomy":"post_tag","embeddable":true,"href":"https:\/\/serveiseducatius.xtec.cat\/altcamp\/wp-json\/wp\/v2\/tags?post=12209"}],"curies":[{"name":"wp","href":"https:\/\/api.w.org\/{rel}","templated":true}]}}