{"id":12161,"date":"2022-02-25T13:17:31","date_gmt":"2022-02-25T12:17:31","guid":{"rendered":"https:\/\/serveiseducatius.xtec.cat\/altcamp\/?p=12161"},"modified":"2022-02-25T13:17:31","modified_gmt":"2022-02-25T12:17:31","slug":"la-ciencia-i-el-seu-metode","status":"publish","type":"post","link":"https:\/\/serveiseducatius.xtec.cat\/altcamp\/recursos\/recomanem\/la-ciencia-i-el-seu-metode\/","title":{"rendered":"La ci\u00e8ncia i el seu m\u00e8tode"},"content":{"rendered":"<p><a href=\"https:\/\/www.mheducation.es\/bcv\/guide\/capitulo\/8448161610.pdf\" target=\"_blank\" rel=\"noopener\"><img loading=\"lazy\" decoding=\"async\" class=\"wp-image-12163 alignleft\" src=\"https:\/\/serveiseducatius.xtec.cat\/altcamp\/wp-content\/uploads\/usu1130\/2022\/02\/ciencia-i-metode-1.jpg\" alt=\"\" width=\"496\" height=\"448\" srcset=\"https:\/\/serveiseducatius.xtec.cat\/altcamp\/wp-content\/uploads\/usu1130\/2022\/02\/ciencia-i-metode-1.jpg 1000w, https:\/\/serveiseducatius.xtec.cat\/altcamp\/wp-content\/uploads\/usu1130\/2022\/02\/ciencia-i-metode-1-300x272.jpg 300w, https:\/\/serveiseducatius.xtec.cat\/altcamp\/wp-content\/uploads\/usu1130\/2022\/02\/ciencia-i-metode-1-768x695.jpg 768w\" sizes=\"auto, (max-width: 496px) 100vw, 496px\" \/><\/a><\/p>\n<p><a href=\"https:\/\/www.mheducation.es\/bcv\/guide\/capitulo\/8448161610.pdf\" target=\"_blank\" rel=\"noopener\"><strong>Proposta<\/strong><\/a> d&#8217;unitat did\u00e0ctica amb continguts i activitats per treballar el <strong>m\u00e8tode cient\u00edfic a l&#8217;aula<\/strong>.<\/p>\n<p><span dir=\"ltr\" role=\"presentation\">\u00abDe tots els tipus de conei<\/span><span dir=\"ltr\" role=\"presentation\">xement que Occident ha donat <\/span><span dir=\"ltr\" role=\"presentation\">al m\u00f3n, el m\u00e9s valu\u00f3s \u00e9s un <\/span><span dir=\"ltr\" role=\"presentation\">m\u00e8tode per adquirir nous co<\/span><span dir=\"ltr\" role=\"presentation\">neixements. Es va anomenar <\/span><span dir=\"ltr\" role=\"presentation\">\u201cm\u00e8tode cient\u00edfic\u201d i el va in<\/span><span dir=\"ltr\" role=\"presentation\">ventar una s\u00e8rie de pensadors <\/span><span dir=\"ltr\" role=\"presentation\">europeus entre el 1550 i el <\/span><span dir=\"ltr\" role=\"presentation\">1700.<\/span><br role=\"presentation\" \/><span dir=\"ltr\" role=\"presentation\">La g\u00e8nesi del m\u00e8tode cient\u00edfic <\/span><span dir=\"ltr\" role=\"presentation\">es remunta a la Gr\u00e8cia cl\u00e0s<\/span><span dir=\"ltr\" role=\"presentation\">sica. Com tots els regals que <\/span><span dir=\"ltr\" role=\"presentation\">ens llegaren els grecs, s\u2019ha de <\/span><span dir=\"ltr\" role=\"presentation\">contemplar amb una certa cau<\/span><span dir=\"ltr\" role=\"presentation\">tela. Per\u00f2, malgrat que el m\u00e8to<\/span><span dir=\"ltr\" role=\"presentation\">de cient\u00edfic a vegades sembla <\/span><span dir=\"ltr\" role=\"presentation\">tan perill\u00f3s com \u00fatil, ja no po<\/span><span dir=\"ltr\" role=\"presentation\">dem viure sense ell.\u00bb<\/span><\/p>\n<p><span dir=\"ltr\" role=\"presentation\">Breu hist\u00f2ria del saber<\/span><br role=\"presentation\" \/><span dir=\"ltr\" role=\"presentation\">Charles Van Doren<\/span><\/p>\n<p><span dir=\"ltr\" role=\"presentation\">La ci\u00e8ncia \u00e9s el tipus de coneixement m\u00e9s important que elabora l\u2019\u00e9sser hum\u00e0, si es <\/span><span dir=\"ltr\" role=\"presentation\">t\u00e9 en compte l\u2019enorme influx que exerceix sobre totes les \u00e0rees del saber i sobre molts <\/span><span dir=\"ltr\" role=\"presentation\">camps de la vida. En oferir una imatge rigorosa i contrastada de la realitat, la ci\u00e8ncia <\/span><span dir=\"ltr\" role=\"presentation\">pot inspirar diverses cosmovisions racionals en les societats m\u00e9s avan\u00e7ades, lliures i <\/span><span dir=\"ltr\" role=\"presentation\">democr\u00e0tiques. Tamb\u00e9 \u00e9s l\u2019origen dels notables aven\u00e7os tecnol\u00f2gics (medicina, informa<\/span><span dir=\"ltr\" role=\"presentation\">cions i comunicacions, transports, energies, etc.) que han anat apareixent sobretot en <\/span><span dir=\"ltr\" role=\"presentation\">els dos \u00faltims segles i que han fet m\u00e9s c\u00f2moda la vida, malgrat que, en alguns aspectes, <\/span><span dir=\"ltr\" role=\"presentation\">aquesta tamb\u00e9 s\u2019hagi \u00abcomplicat\u00bb enormement. Finalment, la ci\u00e8ncia \u00e9s possiblement <\/span><span dir=\"ltr\" role=\"presentation\">l\u2019\u00fanic component de la cultura humana actual veritablement universal, ja que el m\u00e8tode <\/span><span dir=\"ltr\" role=\"presentation\">cient\u00edfic \u2014el m\u00e8tode de comprovar les idees cient\u00edfiques\u2014 \u00e9s el mateix a tot el m\u00f3n,<\/span><br role=\"presentation\" \/><span dir=\"ltr\" role=\"presentation\">siguin quins siguin el pa\u00eds, la ra\u00e7a, el sistema pol\u00edtic o les creences religioses dels in<\/span><span dir=\"ltr\" role=\"presentation\">vestigadors que adopten aquest m\u00e8tode. S\u2019ha dit amb ra\u00f3 que el m\u00e8tode cient\u00edfic \u00e9s el <\/span><span dir=\"ltr\" role=\"presentation\">coneixement m\u00e9s valu\u00f3s que Occident ha llegat al m\u00f3n.<\/span><\/p>\n<p><strong>\u00cdndex<\/strong><\/p>\n<p><span dir=\"ltr\" role=\"presentation\">1. La ci\u00e8ncia<\/span><\/p>\n<p><span dir=\"ltr\" role=\"presentation\">La filosofia de la ci\u00e8ncia<\/span><\/p>\n<p><span dir=\"ltr\" role=\"presentation\">2. El coneixement cient\u00edfic de la realitat<\/span><\/p>\n<p><span dir=\"ltr\" role=\"presentation\">Caracter\u00edstiques del coneixement cient\u00edfic<\/span><\/p>\n<p>3. <span dir=\"ltr\" role=\"presentation\">Ci\u00e8ncies formals i ci\u00e8ncies f\u00e0ctiques<\/span><\/p>\n<p><span dir=\"ltr\" role=\"presentation\">4. El m\u00e8tode cient\u00edfic<\/span><\/p>\n<p><span dir=\"ltr\" role=\"presentation\">El m\u00e8tode hipoteticodeductiu<br \/>\nRefutaci\u00f3 o falsaci\u00f3 d\u2019una hip\u00f2tesi<br \/>\nConfirmaci\u00f3 o corroboraci\u00f3 d\u2019una hip\u00f2tesi<br \/>\n<\/span><\/p>\n<p><span dir=\"ltr\" role=\"presentation\">5.\u00a0 El problema de la demarcaci\u00f3<\/span><\/p>\n<p><span dir=\"ltr\" role=\"presentation\">\u00a0\u00a0\u00a0\u00a0 Ci\u00e8ncia i no-ci\u00e8ncia<br \/>\nLes pseudoci\u00e8ncies<br \/>\n<\/span><\/p>\n<p><span dir=\"ltr\" role=\"presentation\">6.\u00a0 El desenvolupament de la ci\u00e8ncia<\/span><\/p>\n<p><span dir=\"ltr\" role=\"presentation\">\u00a0\u00a0\u00a0\u00a0 Els paradigmes cient\u00edfics<br \/>\nCi\u00e8ncia norma<br \/>\nCanvi de paradigma<br \/>\n<\/span><\/p>\n<p><span dir=\"ltr\" role=\"presentation\">7. Ci\u00e8ncia i tecnologia<\/span><\/p>\n<p><span dir=\"ltr\" role=\"presentation\">Activitats d\u2019avaluaci\u00f3<\/span><\/p>\n<p><span dir=\"ltr\" role=\"presentation\">Textos per comentar<\/p>\n<p>Unitat de www.mheducation.es: <a href=\"https:\/\/www.mheducation.es\/bcv\/guide\/capitulo\/8448161610.pdf\" target=\"_blank\" rel=\"noopener\">https:\/\/www.mheducation.es\/bcv\/guide\/capitulo\/8448161610.pdf<\/a><br \/>\n<\/span><\/p>\n<p>&nbsp;<\/p>\n<p>&nbsp;<\/p>\n","protected":false},"excerpt":{"rendered":"<p>Proposta d&#8217;unitat did\u00e0ctica amb continguts i activitats per treballar el m\u00e8tode cient\u00edfic a l&#8217;aula. \u00abDe tots els tipus de coneixement que Occident ha donat al m\u00f3n, el m\u00e9s valu\u00f3s \u00e9s un m\u00e8tode per adquirir nous coneixements. Es va anomenar \u201cm\u00e8tode cient\u00edfic\u201d i el va inventar una s\u00e8rie de pensadors europeus entre el 1550 i el [&hellip;]<\/p>\n","protected":false},"author":4,"featured_media":12163,"comment_status":"closed","ping_status":"closed","sticky":false,"template":"","format":"standard","meta":{"_bbp_topic_count":0,"_bbp_reply_count":0,"_bbp_total_topic_count":0,"_bbp_total_reply_count":0,"_bbp_voice_count":0,"_bbp_anonymous_reply_count":0,"_bbp_topic_count_hidden":0,"_bbp_reply_count_hidden":0,"_bbp_forum_subforum_count":0,"site-sidebar-layout":"default","site-content-layout":"","ast-site-content-layout":"","site-content-style":"default","site-sidebar-style":"default","ast-global-header-display":"","ast-banner-title-visibility":"","ast-main-header-display":"","ast-hfb-above-header-display":"","ast-hfb-below-header-display":"","ast-hfb-mobile-header-display":"","site-post-title":"","ast-breadcrumbs-content":"","ast-featured-img":"","footer-sml-layout":"","theme-transparent-header-meta":"","adv-header-id-meta":"","stick-header-meta":"","header-above-stick-meta":"","header-main-stick-meta":"","header-below-stick-meta":"","astra-migrate-meta-layouts":"default","ast-page-background-enabled":"default","ast-page-background-meta":{"desktop":{"background-color":"var(--ast-global-color-4)","background-image":"","background-repeat":"repeat","background-position":"center center","background-size":"auto","background-attachment":"scroll","background-type":"","background-media":"","overlay-type":"","overlay-color":"","overlay-opacity":"","overlay-gradient":""},"tablet":{"background-color":"","background-image":"","background-repeat":"repeat","background-position":"center center","background-size":"auto","background-attachment":"scroll","background-type":"","background-media":"","overlay-type":"","overlay-color":"","overlay-opacity":"","overlay-gradient":""},"mobile":{"background-color":"","background-image":"","background-repeat":"repeat","background-position":"center center","background-size":"auto","background-attachment":"scroll","background-type":"","background-media":"","overlay-type":"","overlay-color":"","overlay-opacity":"","overlay-gradient":""}},"ast-content-background-meta":{"desktop":{"background-color":"var(--ast-global-color-5)","background-image":"","background-repeat":"repeat","background-position":"center center","background-size":"auto","background-attachment":"scroll","background-type":"","background-media":"","overlay-type":"","overlay-color":"","overlay-opacity":"","overlay-gradient":""},"tablet":{"background-color":"var(--ast-global-color-5)","background-image":"","background-repeat":"repeat","background-position":"center center","background-size":"auto","background-attachment":"scroll","background-type":"","background-media":"","overlay-type":"","overlay-color":"","overlay-opacity":"","overlay-gradient":""},"mobile":{"background-color":"var(--ast-global-color-5)","background-image":"","background-repeat":"repeat","background-position":"center center","background-size":"auto","background-attachment":"scroll","background-type":"","background-media":"","overlay-type":"","overlay-color":"","overlay-opacity":"","overlay-gradient":""}},"footnotes":""},"categories":[287],"tags":[551,250,959,292,318,958,772,743],"class_list":["post-12161","post","type-post","status-publish","format-standard","has-post-thumbnail","hentry","category-recomanem","tag-alumnat","tag-ciencia","tag-coneixem","tag-eso","tag-filosofia","tag-filosofia-de-la-ciencia","tag-metode-cientific","tag-pseudociencia"],"post_mailing_queue_ids":[],"_links":{"self":[{"href":"https:\/\/serveiseducatius.xtec.cat\/altcamp\/wp-json\/wp\/v2\/posts\/12161","targetHints":{"allow":["GET"]}}],"collection":[{"href":"https:\/\/serveiseducatius.xtec.cat\/altcamp\/wp-json\/wp\/v2\/posts"}],"about":[{"href":"https:\/\/serveiseducatius.xtec.cat\/altcamp\/wp-json\/wp\/v2\/types\/post"}],"author":[{"embeddable":true,"href":"https:\/\/serveiseducatius.xtec.cat\/altcamp\/wp-json\/wp\/v2\/users\/4"}],"replies":[{"embeddable":true,"href":"https:\/\/serveiseducatius.xtec.cat\/altcamp\/wp-json\/wp\/v2\/comments?post=12161"}],"version-history":[{"count":1,"href":"https:\/\/serveiseducatius.xtec.cat\/altcamp\/wp-json\/wp\/v2\/posts\/12161\/revisions"}],"predecessor-version":[{"id":12164,"href":"https:\/\/serveiseducatius.xtec.cat\/altcamp\/wp-json\/wp\/v2\/posts\/12161\/revisions\/12164"}],"wp:featuredmedia":[{"embeddable":true,"href":"https:\/\/serveiseducatius.xtec.cat\/altcamp\/wp-json\/wp\/v2\/media\/12163"}],"wp:attachment":[{"href":"https:\/\/serveiseducatius.xtec.cat\/altcamp\/wp-json\/wp\/v2\/media?parent=12161"}],"wp:term":[{"taxonomy":"category","embeddable":true,"href":"https:\/\/serveiseducatius.xtec.cat\/altcamp\/wp-json\/wp\/v2\/categories?post=12161"},{"taxonomy":"post_tag","embeddable":true,"href":"https:\/\/serveiseducatius.xtec.cat\/altcamp\/wp-json\/wp\/v2\/tags?post=12161"}],"curies":[{"name":"wp","href":"https:\/\/api.w.org\/{rel}","templated":true}]}}