{"id":12116,"date":"2022-02-15T17:22:59","date_gmt":"2022-02-15T16:22:59","guid":{"rendered":"https:\/\/serveiseducatius.xtec.cat\/altcamp\/?p=12116"},"modified":"2024-02-27T12:46:37","modified_gmt":"2024-02-27T11:46:37","slug":"guia-didactica-economia-solidaria-transformar-leconomia-per-transformar-el-nostre-mon","status":"publish","type":"post","link":"https:\/\/serveiseducatius.xtec.cat\/altcamp\/recursos\/recomanem\/guia-didactica-economia-solidaria-transformar-leconomia-per-transformar-el-nostre-mon\/","title":{"rendered":"Guia did\u00e0ctica. Economia solid\u00e0ria: transformar l&#8217;economia per transformar el nostre m\u00f3n"},"content":{"rendered":"<p><a href=\"https:\/\/www.economiasolidaria.org\/sites\/default\/files\/reaslibrary\/attachments\/2_propuesta_didactica.pdf\" target=\"_blank\" rel=\"noopener\"><img loading=\"lazy\" decoding=\"async\" class=\"alignleft wp-image-12117 \" src=\"https:\/\/serveiseducatius.xtec.cat\/altcamp\/wp-content\/uploads\/usu1130\/2022\/02\/economia-solidaria.jpg\" alt=\"\" width=\"516\" height=\"734\" srcset=\"https:\/\/serveiseducatius.xtec.cat\/altcamp\/wp-content\/uploads\/usu1130\/2022\/02\/economia-solidaria.jpg 624w, https:\/\/serveiseducatius.xtec.cat\/altcamp\/wp-content\/uploads\/usu1130\/2022\/02\/economia-solidaria-211x300.jpg 211w\" sizes=\"auto, (max-width: 516px) 100vw, 516px\" \/><\/a><\/p>\n<p>&nbsp;<\/p>\n<p>Aquest material est\u00e0 adre\u00e7at a persones i col\u00b7lectius que treballen a l&#8217;\u00e0mbit educatiu, tant formal com no formal, amb persones joves o adultes no familiaritzades amb aquestes tem\u00e0tiques.<\/p>\n<p>La <strong><a href=\"https:\/\/www.economiasolidaria.org\/sites\/default\/files\/reaslibrary\/attachments\/1_guia_contenidos.pdf\" target=\"_blank\" rel=\"noopener\">proposta de continguts<\/a><\/strong> comen\u00e7a amb una an\u00e0lisi sint\u00e8tica del funcionament de l&#8217;economia i dels seus l\u00edmits ambientals i socials, per passar, a partir de la presentaci\u00f3 general de les an\u00e0lisis econ\u00f2miques cr\u00edtiques, a relatar les principals propostes alternatives que presenta l&#8217;economia solid\u00e0ria als \u00e0mbits concrets de les finances, els treballs i les empreses, el mercat i el consum o les economies comunit\u00e0ries.<\/p>\n<p>La <a href=\"https:\/\/www.economiasolidaria.org\/sites\/default\/files\/reaslibrary\/attachments\/2_propuesta_didactica.pdf\" target=\"_blank\" rel=\"noopener\">proposta did\u00e0ctica<\/a> aporta activitats concretades per abordar aquestes q\u00fcestions, des d&#8217;una perspectiva d&#8217;aprenentatge vivencial i un enfocament educatiu cr\u00edtic i transformador.<\/p>\n<p>Esperem que aquesta aportaci\u00f3 serveixi com una eina per repensar, educar i construir una altra economia. Una altra economia per transformar el nostre m\u00f3n. Una altra economia per a unes vides millors.<\/p>\n<p>&#8220;Es un hecho incuestionable que actualmente la econom\u00eda \u2013un modo<br \/>\ndeterminado de entender la econom\u00eda, el capitalismo\u2013 condiciona la<br \/>\norganizaci\u00f3n pol\u00edtica y social, tanto local como globalmente. Y no s\u00f3lo eso,<br \/>\nsino que esta manera de entender y hacer econom\u00eda nos est\u00e1 colocando<br \/>\nante una situaci\u00f3n de insostenibilidad ambiental y social como nunca antes<br \/>\nhab\u00eda ocurrido en nuestro planeta. As\u00ed mismo, el capitalismo globalizado y<br \/>\nneoliberal, ha generado un pensamiento y una cultura basada en el af\u00e1n de<br \/>\nlucro, el individualismo, la competitividad y la mercantilizaci\u00f3n que est\u00e1n<br \/>\npresentes en todas las esferas sociales y que ha permeado lo m\u00e1s cotidiano<br \/>\nde la vida de las personas y de sus relaciones.<\/p>\n<p>La intenci\u00f3n de esta propuesta que presentamos es, precisamente,<br \/>\npartir de la necesidad de transformar la econom\u00eda, su pensamiento y sus<br \/>\npr\u00e1cticas con el objeto de transformar nuestro mundo. La econom\u00eda como<br \/>\nconstrucci\u00f3n humana, social e hist\u00f3rica puede y debe ser modificada para<br \/>\norientarse hacia el bienestar de las personas y las comunidades, colocando<br \/>\nen su centro la propia sostenibilidad de la vida.<\/p>\n<p>Por ello se\u00f1alamos la importancia de repensar la econom\u00eda, es decir,<br \/>\nfomentar un pensamiento y una mirada cr\u00edtica que nos haga analizarla<br \/>\ndesde criterios relacionados con el bien com\u00fan, el feminismo, la ecolog\u00eda o<br \/>\nla justicia. Criterios, en definitiva, que apunten a la construcci\u00f3n de nuevos<br \/>\nrelatos y propuestas econ\u00f3micas alternativas para un mundo mejor.<\/p>\n<p>As\u00ed mismo, consideramos indispensable contar con personas concienciadas<br \/>\ncapaces de poner en pr\u00e1ctica ese pensamiento cr\u00edtico. Se trata, por tanto,<br \/>\nde <strong>educar, fomentando el conocimiento, el desarrollo de actitudes y la<\/strong><br \/>\n<strong>elaboraci\u00f3n de un repertorio de pr\u00e1cticas personales y colectivas que<\/strong><br \/>\n<strong>transformen nuestra relaci\u00f3n con la econom\u00eda&#8221;.<\/strong><\/p>\n","protected":false},"excerpt":{"rendered":"<p>&nbsp; Aquest material est\u00e0 adre\u00e7at a persones i col\u00b7lectius que treballen a l&#8217;\u00e0mbit educatiu, tant formal com no formal, amb persones joves o adultes no familiaritzades amb aquestes tem\u00e0tiques. La proposta de continguts comen\u00e7a amb una an\u00e0lisi sint\u00e8tica del funcionament de l&#8217;economia i dels seus l\u00edmits ambientals i socials, per passar, a partir de la [&hellip;]<\/p>\n","protected":false},"author":4,"featured_media":12117,"comment_status":"closed","ping_status":"closed","sticky":false,"template":"","format":"standard","meta":{"_bbp_topic_count":0,"_bbp_reply_count":0,"_bbp_total_topic_count":0,"_bbp_total_reply_count":0,"_bbp_voice_count":0,"_bbp_anonymous_reply_count":0,"_bbp_topic_count_hidden":0,"_bbp_reply_count_hidden":0,"_bbp_forum_subforum_count":0,"site-sidebar-layout":"default","site-content-layout":"","ast-site-content-layout":"","site-content-style":"default","site-sidebar-style":"default","ast-global-header-display":"","ast-banner-title-visibility":"","ast-main-header-display":"","ast-hfb-above-header-display":"","ast-hfb-below-header-display":"","ast-hfb-mobile-header-display":"","site-post-title":"","ast-breadcrumbs-content":"","ast-featured-img":"","footer-sml-layout":"","theme-transparent-header-meta":"","adv-header-id-meta":"","stick-header-meta":"","header-above-stick-meta":"","header-main-stick-meta":"","header-below-stick-meta":"","astra-migrate-meta-layouts":"default","ast-page-background-enabled":"default","ast-page-background-meta":{"desktop":{"background-color":"var(--ast-global-color-4)","background-image":"","background-repeat":"repeat","background-position":"center center","background-size":"auto","background-attachment":"scroll","background-type":"","background-media":"","overlay-type":"","overlay-color":"","overlay-opacity":"","overlay-gradient":""},"tablet":{"background-color":"","background-image":"","background-repeat":"repeat","background-position":"center center","background-size":"auto","background-attachment":"scroll","background-type":"","background-media":"","overlay-type":"","overlay-color":"","overlay-opacity":"","overlay-gradient":""},"mobile":{"background-color":"","background-image":"","background-repeat":"repeat","background-position":"center center","background-size":"auto","background-attachment":"scroll","background-type":"","background-media":"","overlay-type":"","overlay-color":"","overlay-opacity":"","overlay-gradient":""}},"ast-content-background-meta":{"desktop":{"background-color":"var(--ast-global-color-5)","background-image":"","background-repeat":"repeat","background-position":"center center","background-size":"auto","background-attachment":"scroll","background-type":"","background-media":"","overlay-type":"","overlay-color":"","overlay-opacity":"","overlay-gradient":""},"tablet":{"background-color":"var(--ast-global-color-5)","background-image":"","background-repeat":"repeat","background-position":"center center","background-size":"auto","background-attachment":"scroll","background-type":"","background-media":"","overlay-type":"","overlay-color":"","overlay-opacity":"","overlay-gradient":""},"mobile":{"background-color":"var(--ast-global-color-5)","background-image":"","background-repeat":"repeat","background-position":"center center","background-size":"auto","background-attachment":"scroll","background-type":"","background-media":"","overlay-type":"","overlay-color":"","overlay-opacity":"","overlay-gradient":""}},"footnotes":""},"categories":[1512,287],"tags":[459,639,926,751,310,669,207,567,341],"class_list":["post-12116","post","type-post","status-publish","format-standard","has-post-thumbnail","hentry","category-ods","category-recomanem","tag-ciencies-socials","tag-consum","tag-cultura-i-valors","tag-desenvolupament-sostenible","tag-medi-ambient","tag-model-social-i-economic","tag-professorat","tag-solidaritat","tag-sostenibilitat"],"post_mailing_queue_ids":[],"_links":{"self":[{"href":"https:\/\/serveiseducatius.xtec.cat\/altcamp\/wp-json\/wp\/v2\/posts\/12116","targetHints":{"allow":["GET"]}}],"collection":[{"href":"https:\/\/serveiseducatius.xtec.cat\/altcamp\/wp-json\/wp\/v2\/posts"}],"about":[{"href":"https:\/\/serveiseducatius.xtec.cat\/altcamp\/wp-json\/wp\/v2\/types\/post"}],"author":[{"embeddable":true,"href":"https:\/\/serveiseducatius.xtec.cat\/altcamp\/wp-json\/wp\/v2\/users\/4"}],"replies":[{"embeddable":true,"href":"https:\/\/serveiseducatius.xtec.cat\/altcamp\/wp-json\/wp\/v2\/comments?post=12116"}],"version-history":[{"count":2,"href":"https:\/\/serveiseducatius.xtec.cat\/altcamp\/wp-json\/wp\/v2\/posts\/12116\/revisions"}],"predecessor-version":[{"id":12119,"href":"https:\/\/serveiseducatius.xtec.cat\/altcamp\/wp-json\/wp\/v2\/posts\/12116\/revisions\/12119"}],"wp:featuredmedia":[{"embeddable":true,"href":"https:\/\/serveiseducatius.xtec.cat\/altcamp\/wp-json\/wp\/v2\/media\/12117"}],"wp:attachment":[{"href":"https:\/\/serveiseducatius.xtec.cat\/altcamp\/wp-json\/wp\/v2\/media?parent=12116"}],"wp:term":[{"taxonomy":"category","embeddable":true,"href":"https:\/\/serveiseducatius.xtec.cat\/altcamp\/wp-json\/wp\/v2\/categories?post=12116"},{"taxonomy":"post_tag","embeddable":true,"href":"https:\/\/serveiseducatius.xtec.cat\/altcamp\/wp-json\/wp\/v2\/tags?post=12116"}],"curies":[{"name":"wp","href":"https:\/\/api.w.org\/{rel}","templated":true}]}}