{"id":12076,"date":"2022-02-11T12:45:58","date_gmt":"2022-02-11T11:45:58","guid":{"rendered":"https:\/\/serveiseducatius.xtec.cat\/altcamp\/?p=12076"},"modified":"2022-06-08T10:43:45","modified_gmt":"2022-06-08T08:43:45","slug":"coeducar-des-de-lescola-bressol-eines-reflexions-i-molts-contes","status":"publish","type":"post","link":"https:\/\/serveiseducatius.xtec.cat\/altcamp\/actualitat\/coeducar-des-de-lescola-bressol-eines-reflexions-i-molts-contes\/","title":{"rendered":"Coeducar des de l\u2019escola bressol. Eines, reflexions i molts contes"},"content":{"rendered":"<p><a href=\"https:\/\/web.sabadell.cat\/images\/DretsCivils\/Genere\/guiacoeducacio_w.pdf\" target=\"_blank\" rel=\"noopener\"><img loading=\"lazy\" decoding=\"async\" class=\"alignleft wp-image-12078\" src=\"https:\/\/serveiseducatius.xtec.cat\/altcamp\/wp-content\/uploads\/usu1130\/2022\/02\/Coeducar-de-de-lescola-bressol-1-738x1024.jpg\" alt=\"\" width=\"498\" height=\"691\" srcset=\"https:\/\/serveiseducatius.xtec.cat\/altcamp\/wp-content\/uploads\/usu1130\/2022\/02\/Coeducar-de-de-lescola-bressol-1-738x1024.jpg 738w, https:\/\/serveiseducatius.xtec.cat\/altcamp\/wp-content\/uploads\/usu1130\/2022\/02\/Coeducar-de-de-lescola-bressol-1-216x300.jpg 216w, https:\/\/serveiseducatius.xtec.cat\/altcamp\/wp-content\/uploads\/usu1130\/2022\/02\/Coeducar-de-de-lescola-bressol-1-768x1065.jpg 768w, https:\/\/serveiseducatius.xtec.cat\/altcamp\/wp-content\/uploads\/usu1130\/2022\/02\/Coeducar-de-de-lescola-bressol-1.jpg 1078w\" sizes=\"auto, (max-width: 498px) 100vw, 498px\" \/><\/a><\/p>\n<h6 class=\"pos-title\">Guia amb recursos pedag\u00f2gics per fomentar la coeducaci\u00f3 a l\u2019escola bressol<\/h6>\n<div>\n<p>L\u2019Ajuntament de Sabadell, en el marc de les pol\u00edtiques d\u2019igualtat de g\u00e8nere i educatives, ha editat la guia\u00a0<strong><a href=\"https:\/\/web.sabadell.cat\/images\/DretsCivils\/Genere\/guiacoeducacio_w.pdf\" target=\"_blank\" rel=\"noopener\"><em>Coeducar des de l\u2019escola bressol. Eines, reflexions i molts contes<\/em><\/a><\/strong>, amb propostes adre\u00e7ades especialment als equips professionals implicats en l\u2019educaci\u00f3 de la primera inf\u00e0ncia.<\/p>\n<\/div>\n<div>\n<p>En els primers anys de vida, en qu\u00e8 fam\u00edlia, escola i entorn juguen un paper clau en l\u2019aprenentatge dels infants, \u00e9s especialment important promoure i refor\u00e7ar un model d\u2019escola coeducativa, que adopti els mecanismes per superar el sexisme i les desigualtats per raons de g\u00e8nere i que potenci\u00ef un enfocament equitatiu dels continguts, dels m\u00e8todes, del llenguatge, de les relacions, de l\u2019organitzaci\u00f3 i de tota din\u00e0mica generada en la pr\u00e0ctica educativa.<\/p>\n<p>La guia <strong><a href=\"https:\/\/web.sabadell.cat\/images\/DretsCivils\/Genere\/guiacoeducacio_w.pdf\" target=\"_blank\" rel=\"noopener\"><em>Coeducar des de l\u2019escola bressol. Eines, reflexions i molts contes<\/em><\/a><\/strong>, elaborada per l\u2019Ajuntament de Sabadell i Coeducacci\u00f3 Cooperativa, \u00e9s un recull de recursos per donar suport a la tasca socioeducativa dels i les educadores infantils. Estructurada en diferents cap\u00edtols, cada un comen\u00e7a amb la veu d\u2018un infant imaginari que des que neix observa i es fa preguntes sobre el seu entorn i all\u00f2 que sent. A continuaci\u00f3, els cap\u00edtols continuen amb una breu explicaci\u00f3 que emmarca en l\u2019\u00e0mbit m\u00e9s te\u00f2ric els sistemes i mecanismes que condicionen l\u2019aprenentatge de l\u2019infant i tot seguit es presenten contes i activitats per treballar amb els infants i l\u2019equip educatiu del centre.<\/p>\n<\/div>\n<p>L\u2019etapa dels 0 als 3 anys \u00e9s fonamental per al desenvolupament de les capacitats emocionals dels infants. Prenen consci\u00e8ncia pr\u00f2pia i de l\u2019entorn, i comencen a relacionar-se amb altres persones, infants i adults, sempre amb els contes i els jocs acompanyant-los en aquest proc\u00e9s.<br \/>\nAquesta guia \u00e9s un recurs m\u00e9s pels qui treballen en l\u2019educaci\u00f3 de la primera inf\u00e0ncia.<\/p>\n","protected":false},"excerpt":{"rendered":"<p>Guia amb recursos pedag\u00f2gics per fomentar la coeducaci\u00f3 a l\u2019escola bressol L\u2019Ajuntament de Sabadell, en el marc de les pol\u00edtiques d\u2019igualtat de g\u00e8nere i educatives, ha editat la guia\u00a0Coeducar des de l\u2019escola bressol. Eines, reflexions i molts contes, amb propostes adre\u00e7ades especialment als equips professionals implicats en l\u2019educaci\u00f3 de la primera inf\u00e0ncia. En els primers [&hellip;]<\/p>\n","protected":false},"author":4,"featured_media":12078,"comment_status":"closed","ping_status":"closed","sticky":false,"template":"","format":"standard","meta":{"_bbp_topic_count":0,"_bbp_reply_count":0,"_bbp_total_topic_count":0,"_bbp_total_reply_count":0,"_bbp_voice_count":0,"_bbp_anonymous_reply_count":0,"_bbp_topic_count_hidden":0,"_bbp_reply_count_hidden":0,"_bbp_forum_subforum_count":0,"site-sidebar-layout":"default","site-content-layout":"","ast-site-content-layout":"","site-content-style":"default","site-sidebar-style":"default","ast-global-header-display":"","ast-banner-title-visibility":"","ast-main-header-display":"","ast-hfb-above-header-display":"","ast-hfb-below-header-display":"","ast-hfb-mobile-header-display":"","site-post-title":"","ast-breadcrumbs-content":"","ast-featured-img":"","footer-sml-layout":"","theme-transparent-header-meta":"","adv-header-id-meta":"","stick-header-meta":"","header-above-stick-meta":"","header-main-stick-meta":"","header-below-stick-meta":"","astra-migrate-meta-layouts":"default","ast-page-background-enabled":"default","ast-page-background-meta":{"desktop":{"background-color":"var(--ast-global-color-4)","background-image":"","background-repeat":"repeat","background-position":"center center","background-size":"auto","background-attachment":"scroll","background-type":"","background-media":"","overlay-type":"","overlay-color":"","overlay-opacity":"","overlay-gradient":""},"tablet":{"background-color":"","background-image":"","background-repeat":"repeat","background-position":"center center","background-size":"auto","background-attachment":"scroll","background-type":"","background-media":"","overlay-type":"","overlay-color":"","overlay-opacity":"","overlay-gradient":""},"mobile":{"background-color":"","background-image":"","background-repeat":"repeat","background-position":"center center","background-size":"auto","background-attachment":"scroll","background-type":"","background-media":"","overlay-type":"","overlay-color":"","overlay-opacity":"","overlay-gradient":""}},"ast-content-background-meta":{"desktop":{"background-color":"var(--ast-global-color-5)","background-image":"","background-repeat":"repeat","background-position":"center center","background-size":"auto","background-attachment":"scroll","background-type":"","background-media":"","overlay-type":"","overlay-color":"","overlay-opacity":"","overlay-gradient":""},"tablet":{"background-color":"var(--ast-global-color-5)","background-image":"","background-repeat":"repeat","background-position":"center center","background-size":"auto","background-attachment":"scroll","background-type":"","background-media":"","overlay-type":"","overlay-color":"","overlay-opacity":"","overlay-gradient":""},"mobile":{"background-color":"var(--ast-global-color-5)","background-image":"","background-repeat":"repeat","background-position":"center center","background-size":"auto","background-attachment":"scroll","background-type":"","background-media":"","overlay-type":"","overlay-color":"","overlay-opacity":"","overlay-gradient":""}},"footnotes":""},"categories":[282,874,287],"tags":[426,163,588],"class_list":["post-12076","post","type-post","status-publish","format-standard","has-post-thumbnail","hentry","category-actualitat","category-coeducacio","category-recomanem","tag-coeducacio","tag-educacio-infantil","tag-escola-bressol"],"post_mailing_queue_ids":[],"_links":{"self":[{"href":"https:\/\/serveiseducatius.xtec.cat\/altcamp\/wp-json\/wp\/v2\/posts\/12076","targetHints":{"allow":["GET"]}}],"collection":[{"href":"https:\/\/serveiseducatius.xtec.cat\/altcamp\/wp-json\/wp\/v2\/posts"}],"about":[{"href":"https:\/\/serveiseducatius.xtec.cat\/altcamp\/wp-json\/wp\/v2\/types\/post"}],"author":[{"embeddable":true,"href":"https:\/\/serveiseducatius.xtec.cat\/altcamp\/wp-json\/wp\/v2\/users\/4"}],"replies":[{"embeddable":true,"href":"https:\/\/serveiseducatius.xtec.cat\/altcamp\/wp-json\/wp\/v2\/comments?post=12076"}],"version-history":[{"count":1,"href":"https:\/\/serveiseducatius.xtec.cat\/altcamp\/wp-json\/wp\/v2\/posts\/12076\/revisions"}],"predecessor-version":[{"id":12079,"href":"https:\/\/serveiseducatius.xtec.cat\/altcamp\/wp-json\/wp\/v2\/posts\/12076\/revisions\/12079"}],"wp:featuredmedia":[{"embeddable":true,"href":"https:\/\/serveiseducatius.xtec.cat\/altcamp\/wp-json\/wp\/v2\/media\/12078"}],"wp:attachment":[{"href":"https:\/\/serveiseducatius.xtec.cat\/altcamp\/wp-json\/wp\/v2\/media?parent=12076"}],"wp:term":[{"taxonomy":"category","embeddable":true,"href":"https:\/\/serveiseducatius.xtec.cat\/altcamp\/wp-json\/wp\/v2\/categories?post=12076"},{"taxonomy":"post_tag","embeddable":true,"href":"https:\/\/serveiseducatius.xtec.cat\/altcamp\/wp-json\/wp\/v2\/tags?post=12076"}],"curies":[{"name":"wp","href":"https:\/\/api.w.org\/{rel}","templated":true}]}}