{"id":11969,"date":"2022-01-12T17:19:24","date_gmt":"2022-01-12T16:19:24","guid":{"rendered":"https:\/\/serveiseducatius.xtec.cat\/altcamp\/?p=11969"},"modified":"2022-01-12T17:19:24","modified_gmt":"2022-01-12T16:19:24","slug":"activitats-educatives-a-lentorn-de-gabriel-ferrater","status":"publish","type":"post","link":"https:\/\/serveiseducatius.xtec.cat\/altcamp\/general\/activitats-educatives-a-lentorn-de-gabriel-ferrater\/","title":{"rendered":"Activitats educatives a l&#8217;entorn de Gabriel Ferrater"},"content":{"rendered":"<p><a href=\"https:\/\/aplicacions.gestioeducativa.gencat.cat\/pls\/soloas\/pk_for_mod_ins.p_for_exhaustiu_activitat?p_header=Detall%20d%27activitat^pk_for_mod_ins.p_for_detall_activitat?p_codi=7021791702%26p_curs=2021-2022%26p_es_inscr=S&amp;p_codi=7021791702&amp;p_curs=2021-2022&amp;p_es_inscr=S\" target=\"_blank\" rel=\"noopener\"><img loading=\"lazy\" decoding=\"async\" class=\"alignleft wp-image-11970\" src=\"https:\/\/serveiseducatius.xtec.cat\/altcamp\/wp-content\/uploads\/usu1130\/2022\/01\/Gabriel-Ferrater.jpg\" alt=\"\" width=\"592\" height=\"591\" srcset=\"https:\/\/serveiseducatius.xtec.cat\/altcamp\/wp-content\/uploads\/usu1130\/2022\/01\/Gabriel-Ferrater.jpg 680w, https:\/\/serveiseducatius.xtec.cat\/altcamp\/wp-content\/uploads\/usu1130\/2022\/01\/Gabriel-Ferrater-300x300.jpg 300w, https:\/\/serveiseducatius.xtec.cat\/altcamp\/wp-content\/uploads\/usu1130\/2022\/01\/Gabriel-Ferrater-150x150.jpg 150w\" sizes=\"auto, (max-width: 592px) 100vw, 592px\" \/><\/a><\/p>\n<p><span style=\"font-family: arial, helvetica, geneva; font-size: small;\">Coincidint amb la commemoraci\u00f3 del centenari del naixement del poeta i intel\u00b7lectual reusenc Gabriel Ferrater (1922-1972), els companys del CRP del Baix Camp han organitzat aquest curs de formaci\u00f3:<\/span><\/p>\n<p><b><span style=\"font-family: arial, helvetica, geneva; font-size: small;\">7021791702 <a href=\"https:\/\/aplicacions.gestioeducativa.gencat.cat\/pls\/soloas\/pk_for_mod_ins.p_for_exhaustiu_activitat?p_header=Detall%20d%27activitat^pk_for_mod_ins.p_for_detall_activitat?p_codi=7021791702%26p_curs=2021-2022%26p_es_inscr=S&amp;p_codi=7021791702&amp;p_curs=2021-2022&amp;p_es_inscr=S\" target=\"_blank\" rel=\"noopener\">Activitats educatives a l&#8217;entorn de Gabriel Ferrater: \u00c9s a ser lliure que em vull h\u00e0bil<\/a><\/span><\/b><\/p>\n<p><span style=\"font-family: arial, helvetica, geneva; font-size: small;\">Taller a centre. 15 hores<\/span><\/p>\n<p><b><span style=\"font-family: arial, helvetica, geneva; font-size: small;\">Objectius<\/span><\/b><\/p>\n<p><span style=\"font-family: arial, helvetica, geneva; font-size: small;\">Proporcionar diversos recursos i estrat\u00e8gies als docents de secund\u00e0ria per tal de facilitar-los el treball a l\u2019aula i que l\u2019alumnat pugui con\u00e8ixer de manera amena la seva obra.<\/span><\/p>\n<table border=\"0\" cellspacing=\"0\" cellpadding=\"0\">\n<tbody>\n<tr>\n<td align=\"RIGHT\" valign=\"TOP\"><b><span style=\"font-family: arial, helvetica, geneva; font-size: small;\">Continguts\u00a0\u00a0<\/span><\/b><\/td>\n<td valign=\"TOP\"><span style=\"font-family: arial, helvetica, geneva; font-size: small;\">1. Presentaci\u00f3 del curs. Recursos (bibliografia, webs i altres enlla\u00e7os, fons documental digitalitzat, exposici\u00f3 itinerant&#8230;). Introducci\u00f3 a la biografia i l\u2019obra de GF. (Fina Masd\u00e9u i Marta Vidal o Montserrat de Anciola)<br \/>\n2. Ruta Gabriel Ferrater (procurarem que tamb\u00e9 hi hagi la possibilitat de veure els quadres a l\u2019INS GF) per diversos indrets de Reus. (Fina Masd\u00e9u i Montserrat de Anciola)<br \/>\n3. Lectura i comentari del poema \u201cIn memoriam\u201d. (David Figueres)<br \/>\n4. Lectura i aproximaci\u00f3 a diferents tem\u00e0tiques de &#8220;Les dones i els dies&#8221; (selecci\u00f3). (Fina Masd\u00e9u i David Figueres)<br \/>\n5. Lectura i comentari de \u201cPoema inacabat\u201d (Pau Ferran)<br \/>\n6. Com organitzar un club de lectura sobre l\u2019obra de GF per a alumnes de secund\u00e0ria. (Montserrat de Anciola i Marta Vidal)<\/span><\/td>\n<\/tr>\n<tr>\n<td><\/td>\n<td><\/td>\n<\/tr>\n<tr>\n<td align=\"RIGHT\" valign=\"TOP\"><b><span style=\"font-family: arial, helvetica, geneva; font-size: small;\">Formador\/a\u00a0\u00a0<\/span><\/b><\/td>\n<td valign=\"TOP\"><span style=\"font-family: arial, helvetica, geneva; font-size: small;\">Fina Masdeu<\/span><\/td>\n<\/tr>\n<tr>\n<td><\/td>\n<td><\/td>\n<\/tr>\n<tr>\n<td align=\"RIGHT\" valign=\"TOP\"><b><span style=\"font-family: arial, helvetica, geneva; font-size: small;\">Organitzaci\u00f3\u00a0\u00a0<\/span><\/b><\/td>\n<td valign=\"TOP\"><span style=\"font-family: arial, helvetica, geneva; font-size: small;\">Servei Educatiu Baix Camp<\/span><\/td>\n<\/tr>\n<\/tbody>\n<\/table>\n<p><strong><a href=\"https:\/\/aplicacions.gestioeducativa.gencat.cat\/pls\/soloas\/pk_for_mod_ins.p_for_exhaustiu_activitat?p_header=Detall%20d%27activitat^pk_for_mod_ins.p_for_detall_activitat?p_codi=7021791702%26p_curs=2021-2022%26p_es_inscr=S&amp;p_codi=7021791702&amp;p_curs=2021-2022&amp;p_es_inscr=S\" target=\"_blank\" rel=\"noopener\">Inscripci\u00f3<\/a><\/strong> oberta fins el dia 18 de gener<\/p>\n<p><a href=\"https:\/\/biblioteques.reus.cat\/programa-proleg-any-gabriel-ferrater\" target=\"_blank\" rel=\"noopener\">Programa pr\u00f2leg Any Gabriel Ferrater<\/a><\/p>\n","protected":false},"excerpt":{"rendered":"<p>Coincidint amb la commemoraci\u00f3 del centenari del naixement del poeta i intel\u00b7lectual reusenc Gabriel Ferrater (1922-1972), els companys del CRP del Baix Camp han organitzat aquest curs de formaci\u00f3: 7021791702 Activitats educatives a l&#8217;entorn de Gabriel Ferrater: \u00c9s a ser lliure que em vull h\u00e0bil Taller a centre. 15 hores Objectius Proporcionar diversos recursos i [&hellip;]<\/p>\n","protected":false},"author":4,"featured_media":11970,"comment_status":"closed","ping_status":"closed","sticky":false,"template":"","format":"standard","meta":{"_bbp_topic_count":0,"_bbp_reply_count":0,"_bbp_total_topic_count":0,"_bbp_total_reply_count":0,"_bbp_voice_count":0,"_bbp_anonymous_reply_count":0,"_bbp_topic_count_hidden":0,"_bbp_reply_count_hidden":0,"_bbp_forum_subforum_count":0,"site-sidebar-layout":"default","site-content-layout":"","ast-site-content-layout":"","site-content-style":"default","site-sidebar-style":"default","ast-global-header-display":"","ast-banner-title-visibility":"","ast-main-header-display":"","ast-hfb-above-header-display":"","ast-hfb-below-header-display":"","ast-hfb-mobile-header-display":"","site-post-title":"","ast-breadcrumbs-content":"","ast-featured-img":"","footer-sml-layout":"","theme-transparent-header-meta":"","adv-header-id-meta":"","stick-header-meta":"","header-above-stick-meta":"","header-main-stick-meta":"","header-below-stick-meta":"","astra-migrate-meta-layouts":"default","ast-page-background-enabled":"default","ast-page-background-meta":{"desktop":{"background-color":"var(--ast-global-color-4)","background-image":"","background-repeat":"repeat","background-position":"center center","background-size":"auto","background-attachment":"scroll","background-type":"","background-media":"","overlay-type":"","overlay-color":"","overlay-opacity":"","overlay-gradient":""},"tablet":{"background-color":"","background-image":"","background-repeat":"repeat","background-position":"center center","background-size":"auto","background-attachment":"scroll","background-type":"","background-media":"","overlay-type":"","overlay-color":"","overlay-opacity":"","overlay-gradient":""},"mobile":{"background-color":"","background-image":"","background-repeat":"repeat","background-position":"center center","background-size":"auto","background-attachment":"scroll","background-type":"","background-media":"","overlay-type":"","overlay-color":"","overlay-opacity":"","overlay-gradient":""}},"ast-content-background-meta":{"desktop":{"background-color":"var(--ast-global-color-5)","background-image":"","background-repeat":"repeat","background-position":"center center","background-size":"auto","background-attachment":"scroll","background-type":"","background-media":"","overlay-type":"","overlay-color":"","overlay-opacity":"","overlay-gradient":""},"tablet":{"background-color":"var(--ast-global-color-5)","background-image":"","background-repeat":"repeat","background-position":"center center","background-size":"auto","background-attachment":"scroll","background-type":"","background-media":"","overlay-type":"","overlay-color":"","overlay-opacity":"","overlay-gradient":""},"mobile":{"background-color":"var(--ast-global-color-5)","background-image":"","background-repeat":"repeat","background-position":"center center","background-size":"auto","background-attachment":"scroll","background-type":"","background-media":"","overlay-type":"","overlay-color":"","overlay-opacity":"","overlay-gradient":""}},"footnotes":""},"categories":[282,1],"tags":[226,915,374,347,366,207],"class_list":["post-11969","post","type-post","status-publish","format-standard","has-post-thumbnail","hentry","category-actualitat","category-general","tag-formacio","tag-gabriel-ferrater","tag-literatura","tag-literatura-catalana","tag-poesia","tag-professorat"],"post_mailing_queue_ids":[],"_links":{"self":[{"href":"https:\/\/serveiseducatius.xtec.cat\/altcamp\/wp-json\/wp\/v2\/posts\/11969","targetHints":{"allow":["GET"]}}],"collection":[{"href":"https:\/\/serveiseducatius.xtec.cat\/altcamp\/wp-json\/wp\/v2\/posts"}],"about":[{"href":"https:\/\/serveiseducatius.xtec.cat\/altcamp\/wp-json\/wp\/v2\/types\/post"}],"author":[{"embeddable":true,"href":"https:\/\/serveiseducatius.xtec.cat\/altcamp\/wp-json\/wp\/v2\/users\/4"}],"replies":[{"embeddable":true,"href":"https:\/\/serveiseducatius.xtec.cat\/altcamp\/wp-json\/wp\/v2\/comments?post=11969"}],"version-history":[{"count":1,"href":"https:\/\/serveiseducatius.xtec.cat\/altcamp\/wp-json\/wp\/v2\/posts\/11969\/revisions"}],"predecessor-version":[{"id":11971,"href":"https:\/\/serveiseducatius.xtec.cat\/altcamp\/wp-json\/wp\/v2\/posts\/11969\/revisions\/11971"}],"wp:featuredmedia":[{"embeddable":true,"href":"https:\/\/serveiseducatius.xtec.cat\/altcamp\/wp-json\/wp\/v2\/media\/11970"}],"wp:attachment":[{"href":"https:\/\/serveiseducatius.xtec.cat\/altcamp\/wp-json\/wp\/v2\/media?parent=11969"}],"wp:term":[{"taxonomy":"category","embeddable":true,"href":"https:\/\/serveiseducatius.xtec.cat\/altcamp\/wp-json\/wp\/v2\/categories?post=11969"},{"taxonomy":"post_tag","embeddable":true,"href":"https:\/\/serveiseducatius.xtec.cat\/altcamp\/wp-json\/wp\/v2\/tags?post=11969"}],"curies":[{"name":"wp","href":"https:\/\/api.w.org\/{rel}","templated":true}]}}