{"id":11965,"date":"2022-01-12T13:09:39","date_gmt":"2022-01-12T12:09:39","guid":{"rendered":"https:\/\/serveiseducatius.xtec.cat\/altcamp\/?p=11965"},"modified":"2022-01-12T13:11:22","modified_gmt":"2022-01-12T12:11:22","slug":"calendari-cientific-escolar-2022","status":"publish","type":"post","link":"https:\/\/serveiseducatius.xtec.cat\/altcamp\/actualitat\/calendari-cientific-escolar-2022\/","title":{"rendered":"Calendari cient\u00edfic escolar 2022"},"content":{"rendered":"<p><a href=\"http:\/\/www.igm.ule-csic.es\/calendario-cientifico\" target=\"_blank\" rel=\"noopener\"><img loading=\"lazy\" decoding=\"async\" class=\"wp-image-11966 aligncenter\" src=\"https:\/\/serveiseducatius.xtec.cat\/altcamp\/wp-content\/uploads\/usu1130\/2022\/01\/Calendari-cientific-escolar-22-1024x721.jpg\" alt=\"\" width=\"746\" height=\"525\" srcset=\"https:\/\/serveiseducatius.xtec.cat\/altcamp\/wp-content\/uploads\/usu1130\/2022\/01\/Calendari-cientific-escolar-22-1024x721.jpg 1024w, https:\/\/serveiseducatius.xtec.cat\/altcamp\/wp-content\/uploads\/usu1130\/2022\/01\/Calendari-cientific-escolar-22-300x211.jpg 300w, https:\/\/serveiseducatius.xtec.cat\/altcamp\/wp-content\/uploads\/usu1130\/2022\/01\/Calendari-cientific-escolar-22-768x540.jpg 768w, https:\/\/serveiseducatius.xtec.cat\/altcamp\/wp-content\/uploads\/usu1130\/2022\/01\/Calendari-cientific-escolar-22.jpg 1117w\" sizes=\"auto, (max-width: 746px) 100vw, 746px\" \/><\/a><\/p>\n<p>El &#8220;<strong><a href=\"https:\/\/digital.csic.es\/handle\/10261\/256427\" target=\"_blank\" rel=\"noopener\">Calendari Cient\u00edfic Escolar 2022<\/a><\/strong>&#8221; est\u00e0 dirigit principalment a l&#8217;<strong>alumnat d&#8217;educaci\u00f3 prim\u00e0ria i secund\u00e0ria obligat\u00f2ria<\/strong>. Cada dia s&#8217;ha reconegut un aniversari cient\u00edfic o tecnol\u00f2gic com, per exemple, naixements de persones d&#8217;aquests \u00e0mbits o commemoracions de troballes destacables.<\/p>\n<p>El calendari s&#8217;acompanya d&#8217;una <strong>guia did\u00e0ctica<\/strong> amb orientacions per al seu aprofitament educatiu transversal a les classes. Aquestes propostes did\u00e0ctiques parteixen dels principis d&#8217;inclusi\u00f3, normalitzaci\u00f3 i equitat i s&#8217;acompanyen de pautes generals d&#8217;accessibilitat. Per fer-ho, es proporcionen tasques variades que inclouen un ampli rang d&#8217;habilitats i nivells de dificultat i que, desenvolupades de manera cooperativa, permeten fer a tot l&#8217;alumnat aportacions \u00fatils i rellevants. A m\u00e9s, s&#8217;aporta un annex amb una selecci\u00f3 d&#8217;efem\u00e8rides amb una redacci\u00f3 senzilla a mode de referent per treballar amb l&#8217;alumnat m\u00e9s petit amb dificultats comunicatives. Seguint els principis d&#8217;accessibilitat i disseny universal, el contingut del calendari tamb\u00e9 ofereix en un format accessible (text pla) per a la seva entrega mitjan\u00e7ant TTS, lectors de pantalla, l\u00ednies Braille, etc.<\/p>\n<p>El calendari i les guies estan disponibles en obert per a la desc\u00e0rrega gratu\u00efta a la <strong><a href=\"https:\/\/digital.csic.es\/handle\/10261\/256427\" target=\"_blank\" rel=\"noopener\">p\u00e0gina web de l&#8217;IGM<\/a><\/strong>. (<a href=\"http:\/\/www.igm.ule-csic.es\/calendario-cientifico\" target=\"_blank\" rel=\"noopener\">www.igm.ule-csic.es\/calendario-cientifico<\/a>)<\/p>\n<p><a href=\"http:\/\/www.igm.ule-csic.es\/calendario-cientifico\" target=\"_blank\" rel=\"noopener\"><em><span style=\"font-size: medium;\">Proyecto FECYT &#8211; FCT-20-16375<\/span><\/em><\/a><\/p>\n<p><strong>Calendari cient\u00edfic escolar 2022 (catal\u00e0)<\/strong><\/p>\n<p>&nbsp;<\/p>\n","protected":false},"excerpt":{"rendered":"<p>El &#8220;Calendari Cient\u00edfic Escolar 2022&#8221; est\u00e0 dirigit principalment a l&#8217;alumnat d&#8217;educaci\u00f3 prim\u00e0ria i secund\u00e0ria obligat\u00f2ria. Cada dia s&#8217;ha reconegut un aniversari cient\u00edfic o tecnol\u00f2gic com, per exemple, naixements de persones d&#8217;aquests \u00e0mbits o commemoracions de troballes destacables. El calendari s&#8217;acompanya d&#8217;una guia did\u00e0ctica amb orientacions per al seu aprofitament educatiu transversal a les classes. Aquestes [&hellip;]<\/p>\n","protected":false},"author":4,"featured_media":11966,"comment_status":"closed","ping_status":"closed","sticky":false,"template":"","format":"standard","meta":{"_bbp_topic_count":0,"_bbp_reply_count":0,"_bbp_total_topic_count":0,"_bbp_total_reply_count":0,"_bbp_voice_count":0,"_bbp_anonymous_reply_count":0,"_bbp_topic_count_hidden":0,"_bbp_reply_count_hidden":0,"_bbp_forum_subforum_count":0,"site-sidebar-layout":"default","site-content-layout":"","ast-site-content-layout":"","site-content-style":"default","site-sidebar-style":"default","ast-global-header-display":"","ast-banner-title-visibility":"","ast-main-header-display":"","ast-hfb-above-header-display":"","ast-hfb-below-header-display":"","ast-hfb-mobile-header-display":"","site-post-title":"","ast-breadcrumbs-content":"","ast-featured-img":"","footer-sml-layout":"","theme-transparent-header-meta":"","adv-header-id-meta":"","stick-header-meta":"","header-above-stick-meta":"","header-main-stick-meta":"","header-below-stick-meta":"","astra-migrate-meta-layouts":"default","ast-page-background-enabled":"default","ast-page-background-meta":{"desktop":{"background-color":"var(--ast-global-color-4)","background-image":"","background-repeat":"repeat","background-position":"center center","background-size":"auto","background-attachment":"scroll","background-type":"","background-media":"","overlay-type":"","overlay-color":"","overlay-opacity":"","overlay-gradient":""},"tablet":{"background-color":"","background-image":"","background-repeat":"repeat","background-position":"center center","background-size":"auto","background-attachment":"scroll","background-type":"","background-media":"","overlay-type":"","overlay-color":"","overlay-opacity":"","overlay-gradient":""},"mobile":{"background-color":"","background-image":"","background-repeat":"repeat","background-position":"center center","background-size":"auto","background-attachment":"scroll","background-type":"","background-media":"","overlay-type":"","overlay-color":"","overlay-opacity":"","overlay-gradient":""}},"ast-content-background-meta":{"desktop":{"background-color":"var(--ast-global-color-5)","background-image":"","background-repeat":"repeat","background-position":"center center","background-size":"auto","background-attachment":"scroll","background-type":"","background-media":"","overlay-type":"","overlay-color":"","overlay-opacity":"","overlay-gradient":""},"tablet":{"background-color":"var(--ast-global-color-5)","background-image":"","background-repeat":"repeat","background-position":"center center","background-size":"auto","background-attachment":"scroll","background-type":"","background-media":"","overlay-type":"","overlay-color":"","overlay-opacity":"","overlay-gradient":""},"mobile":{"background-color":"var(--ast-global-color-5)","background-image":"","background-repeat":"repeat","background-position":"center center","background-size":"auto","background-attachment":"scroll","background-type":"","background-media":"","overlay-type":"","overlay-color":"","overlay-opacity":"","overlay-gradient":""}},"footnotes":""},"categories":[282,287],"tags":[551,250,292,462,447,207,384,304],"class_list":["post-11965","post","type-post","status-publish","format-standard","has-post-thumbnail","hentry","category-actualitat","category-recomanem","tag-alumnat","tag-ciencia","tag-eso","tag-families","tag-primaria","tag-professorat","tag-steam","tag-tecnologia"],"post_mailing_queue_ids":[],"_links":{"self":[{"href":"https:\/\/serveiseducatius.xtec.cat\/altcamp\/wp-json\/wp\/v2\/posts\/11965","targetHints":{"allow":["GET"]}}],"collection":[{"href":"https:\/\/serveiseducatius.xtec.cat\/altcamp\/wp-json\/wp\/v2\/posts"}],"about":[{"href":"https:\/\/serveiseducatius.xtec.cat\/altcamp\/wp-json\/wp\/v2\/types\/post"}],"author":[{"embeddable":true,"href":"https:\/\/serveiseducatius.xtec.cat\/altcamp\/wp-json\/wp\/v2\/users\/4"}],"replies":[{"embeddable":true,"href":"https:\/\/serveiseducatius.xtec.cat\/altcamp\/wp-json\/wp\/v2\/comments?post=11965"}],"version-history":[{"count":2,"href":"https:\/\/serveiseducatius.xtec.cat\/altcamp\/wp-json\/wp\/v2\/posts\/11965\/revisions"}],"predecessor-version":[{"id":11968,"href":"https:\/\/serveiseducatius.xtec.cat\/altcamp\/wp-json\/wp\/v2\/posts\/11965\/revisions\/11968"}],"wp:featuredmedia":[{"embeddable":true,"href":"https:\/\/serveiseducatius.xtec.cat\/altcamp\/wp-json\/wp\/v2\/media\/11966"}],"wp:attachment":[{"href":"https:\/\/serveiseducatius.xtec.cat\/altcamp\/wp-json\/wp\/v2\/media?parent=11965"}],"wp:term":[{"taxonomy":"category","embeddable":true,"href":"https:\/\/serveiseducatius.xtec.cat\/altcamp\/wp-json\/wp\/v2\/categories?post=11965"},{"taxonomy":"post_tag","embeddable":true,"href":"https:\/\/serveiseducatius.xtec.cat\/altcamp\/wp-json\/wp\/v2\/tags?post=11965"}],"curies":[{"name":"wp","href":"https:\/\/api.w.org\/{rel}","templated":true}]}}