{"id":11877,"date":"2021-12-09T10:01:12","date_gmt":"2021-12-09T09:01:12","guid":{"rendered":"https:\/\/serveiseducatius.xtec.cat\/altcamp\/?p=11877"},"modified":"2024-03-04T11:28:52","modified_gmt":"2024-03-04T10:28:52","slug":"4-petites-decisions-per-promoure-la-llibertat-de-genere-en-la-crianca","status":"publish","type":"post","link":"https:\/\/serveiseducatius.xtec.cat\/altcamp\/actualitat\/4-petites-decisions-per-promoure-la-llibertat-de-genere-en-la-crianca\/","title":{"rendered":"&#8220;4 petites decisions per promoure la llibertat de g\u00e8nere en la crian\u00e7a&#8221;"},"content":{"rendered":"<p>&nbsp;<\/p>\n<p>El <a href=\"https:\/\/www.terrassa.cat\/sai-dasig\" target=\"_blank\" rel=\"noopener\">Servei d&#8217;Atenci\u00f3 Integral a la Diversitat Afectiva de l&#8217;Ajuntament de Terrassa<\/a> presenta el v\u00eddeo &#8220;<a href=\"https:\/\/www.youtube.com\/watch?v=0nn9_oL1fUc\" target=\"_blank\" rel=\"noopener\">4 petites decisions per promoure la llibertat de g\u00e8nere en la crian\u00e7a<\/a>&#8220;, una eina que ens permet reflexionar i eixamplar l&#8217;imaginari del g\u00e8nere de les criatures, afavorint el seu creixement i el seu desenvolupament f\u00edsic, mental, moral, i social d&#8217;una manera sana i en condicions de llibertat i dignitat.<\/p>\n<p>&#8220;4 petites decisions per promoure la llibertat de g\u00e8nere en la crian\u00e7a&#8221; ha estat encarregat pel Servei LGTBI+ de l&#8217;Ajuntament de Terrassa al soci\u00f2leg i activista trans <a href=\"http:\/\/www.miguelmisse.com\/\" target=\"_blank\" rel=\"noopener\">Miquel Miss\u00e9<\/a>.<\/p>\n<p><a href=\"https:\/\/www.terrassa.cat\/documents\/12006\/23248874\/cartell_4PD.pdf\/091797bd-4999-4e34-9ad7-fa5a12abc78e\" target=\"_blank\" rel=\"noopener\"><img decoding=\"async\" src=\"https:\/\/www.terrassa.cat\/documents\/12006\/47621176\/cartell_%24PD.jpg\/979b8070-0b3f-4cee-90de-625296a1f523?t=1636024548279\" alt=\"\" \/><\/a><\/p>\n<p>Us podeu descarregar el cartell, imprimir-lo i penjar-lo al vostre centre de treball, escola, institut&#8230; Escanejant el QR des del m\u00f2bil podreu veure el v\u00eddeo.<\/p>\n<p>&nbsp;<\/p>\n","protected":false},"excerpt":{"rendered":"<p>&nbsp; El Servei d&#8217;Atenci\u00f3 Integral a la Diversitat Afectiva de l&#8217;Ajuntament de Terrassa presenta el v\u00eddeo &#8220;4 petites decisions per promoure la llibertat de g\u00e8nere en la crian\u00e7a&#8220;, una eina que ens permet reflexionar i eixamplar l&#8217;imaginari del g\u00e8nere de les criatures, afavorint el seu creixement i el seu desenvolupament f\u00edsic, mental, moral, i social [&hellip;]<\/p>\n","protected":false},"author":4,"featured_media":11878,"comment_status":"closed","ping_status":"closed","sticky":false,"template":"","format":"standard","meta":{"_bbp_topic_count":0,"_bbp_reply_count":0,"_bbp_total_topic_count":0,"_bbp_total_reply_count":0,"_bbp_voice_count":0,"_bbp_anonymous_reply_count":0,"_bbp_topic_count_hidden":0,"_bbp_reply_count_hidden":0,"_bbp_forum_subforum_count":0,"site-sidebar-layout":"default","site-content-layout":"","ast-site-content-layout":"","site-content-style":"default","site-sidebar-style":"default","ast-global-header-display":"","ast-banner-title-visibility":"","ast-main-header-display":"","ast-hfb-above-header-display":"","ast-hfb-below-header-display":"","ast-hfb-mobile-header-display":"","site-post-title":"","ast-breadcrumbs-content":"","ast-featured-img":"","footer-sml-layout":"","theme-transparent-header-meta":"","adv-header-id-meta":"","stick-header-meta":"","header-above-stick-meta":"","header-main-stick-meta":"","header-below-stick-meta":"","astra-migrate-meta-layouts":"default","ast-page-background-enabled":"default","ast-page-background-meta":{"desktop":{"background-color":"var(--ast-global-color-4)","background-image":"","background-repeat":"repeat","background-position":"center center","background-size":"auto","background-attachment":"scroll","background-type":"","background-media":"","overlay-type":"","overlay-color":"","overlay-opacity":"","overlay-gradient":""},"tablet":{"background-color":"","background-image":"","background-repeat":"repeat","background-position":"center center","background-size":"auto","background-attachment":"scroll","background-type":"","background-media":"","overlay-type":"","overlay-color":"","overlay-opacity":"","overlay-gradient":""},"mobile":{"background-color":"","background-image":"","background-repeat":"repeat","background-position":"center center","background-size":"auto","background-attachment":"scroll","background-type":"","background-media":"","overlay-type":"","overlay-color":"","overlay-opacity":"","overlay-gradient":""}},"ast-content-background-meta":{"desktop":{"background-color":"var(--ast-global-color-5)","background-image":"","background-repeat":"repeat","background-position":"center center","background-size":"auto","background-attachment":"scroll","background-type":"","background-media":"","overlay-type":"","overlay-color":"","overlay-opacity":"","overlay-gradient":""},"tablet":{"background-color":"var(--ast-global-color-5)","background-image":"","background-repeat":"repeat","background-position":"center center","background-size":"auto","background-attachment":"scroll","background-type":"","background-media":"","overlay-type":"","overlay-color":"","overlay-opacity":"","overlay-gradient":""},"mobile":{"background-color":"var(--ast-global-color-5)","background-image":"","background-repeat":"repeat","background-position":"center center","background-size":"auto","background-attachment":"scroll","background-type":"","background-media":"","overlay-type":"","overlay-color":"","overlay-opacity":"","overlay-gradient":""}},"footnotes":""},"categories":[282,874,287],"tags":[566,900,694,327,499,500],"class_list":["post-11877","post","type-post","status-publish","format-standard","has-post-thumbnail","hentry","category-actualitat","category-coeducacio","category-recomanem","tag-centres-educatius","tag-crianca","tag-diversitat-sexual","tag-genere","tag-respecte","tag-tolerancia"],"post_mailing_queue_ids":[],"_links":{"self":[{"href":"https:\/\/serveiseducatius.xtec.cat\/altcamp\/wp-json\/wp\/v2\/posts\/11877","targetHints":{"allow":["GET"]}}],"collection":[{"href":"https:\/\/serveiseducatius.xtec.cat\/altcamp\/wp-json\/wp\/v2\/posts"}],"about":[{"href":"https:\/\/serveiseducatius.xtec.cat\/altcamp\/wp-json\/wp\/v2\/types\/post"}],"author":[{"embeddable":true,"href":"https:\/\/serveiseducatius.xtec.cat\/altcamp\/wp-json\/wp\/v2\/users\/4"}],"replies":[{"embeddable":true,"href":"https:\/\/serveiseducatius.xtec.cat\/altcamp\/wp-json\/wp\/v2\/comments?post=11877"}],"version-history":[{"count":1,"href":"https:\/\/serveiseducatius.xtec.cat\/altcamp\/wp-json\/wp\/v2\/posts\/11877\/revisions"}],"predecessor-version":[{"id":11879,"href":"https:\/\/serveiseducatius.xtec.cat\/altcamp\/wp-json\/wp\/v2\/posts\/11877\/revisions\/11879"}],"wp:featuredmedia":[{"embeddable":true,"href":"https:\/\/serveiseducatius.xtec.cat\/altcamp\/wp-json\/wp\/v2\/media\/11878"}],"wp:attachment":[{"href":"https:\/\/serveiseducatius.xtec.cat\/altcamp\/wp-json\/wp\/v2\/media?parent=11877"}],"wp:term":[{"taxonomy":"category","embeddable":true,"href":"https:\/\/serveiseducatius.xtec.cat\/altcamp\/wp-json\/wp\/v2\/categories?post=11877"},{"taxonomy":"post_tag","embeddable":true,"href":"https:\/\/serveiseducatius.xtec.cat\/altcamp\/wp-json\/wp\/v2\/tags?post=11877"}],"curies":[{"name":"wp","href":"https:\/\/api.w.org\/{rel}","templated":true}]}}