{"id":11653,"date":"2021-10-19T11:32:43","date_gmt":"2021-10-19T09:32:43","guid":{"rendered":"https:\/\/serveiseducatius.xtec.cat\/altcamp\/?p=11653"},"modified":"2021-11-23T16:35:12","modified_gmt":"2021-11-23T15:35:12","slug":"sessio-1-territorial","status":"publish","type":"post","link":"https:\/\/serveiseducatius.xtec.cat\/altcamp\/coordinacio-digital-de-centre\/sessio-1-territorial\/","title":{"rendered":"Sessi\u00f3 1: seminari territorial"},"content":{"rendered":"<p><img loading=\"lazy\" decoding=\"async\" class=\"size-full wp-image-11654 alignleft\" src=\"https:\/\/serveiseducatius.xtec.cat\/altcamp\/wp-content\/uploads\/usu1130\/2021\/10\/sessio-1-CDC.jpg\" alt=\"\" width=\"553\" height=\"311\" srcset=\"https:\/\/serveiseducatius.xtec.cat\/altcamp\/wp-content\/uploads\/usu1130\/2021\/10\/sessio-1-CDC.jpg 553w, https:\/\/serveiseducatius.xtec.cat\/altcamp\/wp-content\/uploads\/usu1130\/2021\/10\/sessio-1-CDC-300x169.jpg 300w\" sizes=\"auto, (max-width: 553px) 100vw, 553px\" \/><\/p>\n<p>Dia: 22 de novembre<\/p>\n<p>Tema 1. Nodes de la coordinaci\u00f3 digital<\/p>\n<p><a href=\"https:\/\/comunitat.edigital.cat\/t\/idees-per-la-sessio-territorial-1\/4562#tema-2-nus-de-la-coordinaci-digital-2\" target=\"_blank\" rel=\"noopener\" name=\"m_-4215156562251462977_tema-2-nus-de-la-coordinaci-digital-2\" data-saferedirecturl=\"https:\/\/www.google.com\/url?q=https:\/\/comunitat.edigital.cat\/t\/idees-per-la-sessio-territorial-1\/4562%23tema-2-nus-de-la-coordinaci-digital-2&amp;source=gmail&amp;ust=1634711189047000&amp;usg=AFQjCNHzt2dNzcY6MZ4CaNgTprDwVGScuQ\"><\/a>Tema 2. Nus de la coordinaci\u00f3 digital<\/p>\n<p><a href=\"https:\/\/comunitat.edigital.cat\/t\/idees-per-la-sessio-territorial-1\/4562#tema-3-compartici-dexperincies-dinteracci-amb-el-sau-3\" target=\"_blank\" rel=\"noopener\" name=\"m_-4215156562251462977_tema-3-compartici-dexperincies-dinteracci-amb-el-sau-3\" data-saferedirecturl=\"https:\/\/www.google.com\/url?q=https:\/\/comunitat.edigital.cat\/t\/idees-per-la-sessio-territorial-1\/4562%23tema-3-compartici-dexperincies-dinteracci-amb-el-sau-3&amp;source=gmail&amp;ust=1634711189048000&amp;usg=AFQjCNHENKKNCH7y4Gpz6vXgryJpID6giQ\"><\/a>Tema 3. Compartici\u00f3 d\u2019experi\u00e8ncies d\u2019interacci\u00f3 amb el SAU<\/p>\n<p><a href=\"https:\/\/comunitat.edigital.cat\/t\/idees-per-la-sessio-territorial-1\/4562#tema-4-experincies-dxit-de-centre-4\" target=\"_blank\" rel=\"noopener\" name=\"m_-4215156562251462977_tema-4-experincies-dxit-de-centre-4\" data-saferedirecturl=\"https:\/\/www.google.com\/url?q=https:\/\/comunitat.edigital.cat\/t\/idees-per-la-sessio-territorial-1\/4562%23tema-4-experincies-dxit-de-centre-4&amp;source=gmail&amp;ust=1634711189048000&amp;usg=AFQjCNEJVMntN-redBTI-YS3T8I0t7SCdw\"><\/a>Tema 4. Experi\u00e8ncies d`\u00e8xit de centre<\/p>\n<p>#sub-cdc-sessi\u00f31<\/p>\n<p>&nbsp;<\/p>\n<p>El dilluns dia 22 de novembre es va dur a terme la primera sessi\u00f3 territorial de la subxarxa de coordinadors i coordinadores digitals de centre de l\u2019Alt Camp.<\/p>\n<p>Aquesta sessi\u00f3 complementava la que es va fer el dia 21 d\u2019octubre en format de seminari web per parlar de diferents aspectes relacionats amb el maquinari i la seva gesti\u00f3, aix\u00ed com una introducci\u00f3 a l\u2019estrat\u00e8gia digital que hauran de dur a terme els centres.<\/p>\n<p>En la sessi\u00f3 territorial es van compartir experi\u00e8ncies sobre diferents aspectes com ara la gesti\u00f3 de les incid\u00e8ncies digitals, el desplegament i gesti\u00f3 dels port\u00e0tils de docents i alumnat. Tamb\u00e9 es van resoldre alguns dubtes relacionats amb les diferents subxarxes.<\/p>\n<p>Volem agrair a totes les persones la seva participaci\u00f3 i les aportacions que es van realitzar.<\/p>\n<p><img loading=\"lazy\" decoding=\"async\" class=\"alignnone size-large wp-image-11843\" src=\"https:\/\/serveiseducatius.xtec.cat\/altcamp\/wp-content\/uploads\/usu1130\/2021\/10\/imatge-subxarxa-1024x458.jpg\" alt=\"\" width=\"1024\" height=\"458\" srcset=\"https:\/\/serveiseducatius.xtec.cat\/altcamp\/wp-content\/uploads\/usu1130\/2021\/10\/imatge-subxarxa-1024x458.jpg 1024w, https:\/\/serveiseducatius.xtec.cat\/altcamp\/wp-content\/uploads\/usu1130\/2021\/10\/imatge-subxarxa-300x134.jpg 300w, https:\/\/serveiseducatius.xtec.cat\/altcamp\/wp-content\/uploads\/usu1130\/2021\/10\/imatge-subxarxa-768x343.jpg 768w, https:\/\/serveiseducatius.xtec.cat\/altcamp\/wp-content\/uploads\/usu1130\/2021\/10\/imatge-subxarxa.jpg 1364w\" sizes=\"auto, (max-width: 1024px) 100vw, 1024px\" \/><\/p>\n<p>&nbsp;<\/p>\n","protected":false},"excerpt":{"rendered":"<p>Dia: 22 de novembre Tema 1. Nodes de la coordinaci\u00f3 digital Tema 2. Nus de la coordinaci\u00f3 digital Tema 3. Compartici\u00f3 d\u2019experi\u00e8ncies d\u2019interacci\u00f3 amb el SAU Tema 4. Experi\u00e8ncies d`\u00e8xit de centre #sub-cdc-sessi\u00f31 &nbsp; El dilluns dia 22 de novembre es va dur a terme la primera sessi\u00f3 territorial de la subxarxa de coordinadors i [&hellip;]<\/p>\n","protected":false},"author":4,"featured_media":11654,"comment_status":"closed","ping_status":"closed","sticky":false,"template":"","format":"standard","meta":{"_bbp_topic_count":0,"_bbp_reply_count":0,"_bbp_total_topic_count":0,"_bbp_total_reply_count":0,"_bbp_voice_count":0,"_bbp_anonymous_reply_count":0,"_bbp_topic_count_hidden":0,"_bbp_reply_count_hidden":0,"_bbp_forum_subforum_count":0,"site-sidebar-layout":"default","site-content-layout":"","ast-site-content-layout":"","site-content-style":"default","site-sidebar-style":"default","ast-global-header-display":"","ast-banner-title-visibility":"","ast-main-header-display":"","ast-hfb-above-header-display":"","ast-hfb-below-header-display":"","ast-hfb-mobile-header-display":"","site-post-title":"","ast-breadcrumbs-content":"","ast-featured-img":"","footer-sml-layout":"","theme-transparent-header-meta":"","adv-header-id-meta":"","stick-header-meta":"","header-above-stick-meta":"","header-main-stick-meta":"","header-below-stick-meta":"","astra-migrate-meta-layouts":"default","ast-page-background-enabled":"default","ast-page-background-meta":{"desktop":{"background-color":"var(--ast-global-color-4)","background-image":"","background-repeat":"repeat","background-position":"center center","background-size":"auto","background-attachment":"scroll","background-type":"","background-media":"","overlay-type":"","overlay-color":"","overlay-opacity":"","overlay-gradient":""},"tablet":{"background-color":"","background-image":"","background-repeat":"repeat","background-position":"center center","background-size":"auto","background-attachment":"scroll","background-type":"","background-media":"","overlay-type":"","overlay-color":"","overlay-opacity":"","overlay-gradient":""},"mobile":{"background-color":"","background-image":"","background-repeat":"repeat","background-position":"center center","background-size":"auto","background-attachment":"scroll","background-type":"","background-media":"","overlay-type":"","overlay-color":"","overlay-opacity":"","overlay-gradient":""}},"ast-content-background-meta":{"desktop":{"background-color":"var(--ast-global-color-5)","background-image":"","background-repeat":"repeat","background-position":"center center","background-size":"auto","background-attachment":"scroll","background-type":"","background-media":"","overlay-type":"","overlay-color":"","overlay-opacity":"","overlay-gradient":""},"tablet":{"background-color":"var(--ast-global-color-5)","background-image":"","background-repeat":"repeat","background-position":"center center","background-size":"auto","background-attachment":"scroll","background-type":"","background-media":"","overlay-type":"","overlay-color":"","overlay-opacity":"","overlay-gradient":""},"mobile":{"background-color":"var(--ast-global-color-5)","background-image":"","background-repeat":"repeat","background-position":"center center","background-size":"auto","background-attachment":"scroll","background-type":"","background-media":"","overlay-type":"","overlay-color":"","overlay-opacity":"","overlay-gradient":""}},"footnotes":""},"categories":[803],"tags":[491,804],"class_list":["post-11653","post","type-post","status-publish","format-standard","has-post-thumbnail","hentry","category-coordinacio-digital-de-centre","tag-cultura-digital","tag-sub-cdc-sessio1"],"post_mailing_queue_ids":[],"_links":{"self":[{"href":"https:\/\/serveiseducatius.xtec.cat\/altcamp\/wp-json\/wp\/v2\/posts\/11653","targetHints":{"allow":["GET"]}}],"collection":[{"href":"https:\/\/serveiseducatius.xtec.cat\/altcamp\/wp-json\/wp\/v2\/posts"}],"about":[{"href":"https:\/\/serveiseducatius.xtec.cat\/altcamp\/wp-json\/wp\/v2\/types\/post"}],"author":[{"embeddable":true,"href":"https:\/\/serveiseducatius.xtec.cat\/altcamp\/wp-json\/wp\/v2\/users\/4"}],"replies":[{"embeddable":true,"href":"https:\/\/serveiseducatius.xtec.cat\/altcamp\/wp-json\/wp\/v2\/comments?post=11653"}],"version-history":[{"count":3,"href":"https:\/\/serveiseducatius.xtec.cat\/altcamp\/wp-json\/wp\/v2\/posts\/11653\/revisions"}],"predecessor-version":[{"id":11844,"href":"https:\/\/serveiseducatius.xtec.cat\/altcamp\/wp-json\/wp\/v2\/posts\/11653\/revisions\/11844"}],"wp:featuredmedia":[{"embeddable":true,"href":"https:\/\/serveiseducatius.xtec.cat\/altcamp\/wp-json\/wp\/v2\/media\/11654"}],"wp:attachment":[{"href":"https:\/\/serveiseducatius.xtec.cat\/altcamp\/wp-json\/wp\/v2\/media?parent=11653"}],"wp:term":[{"taxonomy":"category","embeddable":true,"href":"https:\/\/serveiseducatius.xtec.cat\/altcamp\/wp-json\/wp\/v2\/categories?post=11653"},{"taxonomy":"post_tag","embeddable":true,"href":"https:\/\/serveiseducatius.xtec.cat\/altcamp\/wp-json\/wp\/v2\/tags?post=11653"}],"curies":[{"name":"wp","href":"https:\/\/api.w.org\/{rel}","templated":true}]}}