{"id":11526,"date":"2021-09-27T13:57:17","date_gmt":"2021-09-27T11:57:17","guid":{"rendered":"https:\/\/serveiseducatius.xtec.cat\/altcamp\/?p=11526"},"modified":"2021-09-27T13:57:38","modified_gmt":"2021-09-27T11:57:38","slug":"lliga-de-debat-de-secundaria-i-batxillerat","status":"publish","type":"post","link":"https:\/\/serveiseducatius.xtec.cat\/altcamp\/general\/lliga-de-debat-de-secundaria-i-batxillerat\/","title":{"rendered":"Lliga de Debat de Secund\u00e0ria i Batxillerat"},"content":{"rendered":"<p><a href=\"https:\/\/www.vives.org\/\" target=\"_blank\" rel=\"noopener\"><img loading=\"lazy\" decoding=\"async\" class=\"alignnone wp-image-11527 size-large\" src=\"https:\/\/serveiseducatius.xtec.cat\/altcamp\/wp-content\/uploads\/usu1130\/2021\/09\/Lligadedebat21-22-1024x462.jpg\" alt=\"\" width=\"1024\" height=\"462\" srcset=\"https:\/\/serveiseducatius.xtec.cat\/altcamp\/wp-content\/uploads\/usu1130\/2021\/09\/Lligadedebat21-22-1024x462.jpg 1024w, https:\/\/serveiseducatius.xtec.cat\/altcamp\/wp-content\/uploads\/usu1130\/2021\/09\/Lligadedebat21-22-300x135.jpg 300w, https:\/\/serveiseducatius.xtec.cat\/altcamp\/wp-content\/uploads\/usu1130\/2021\/09\/Lligadedebat21-22-768x347.jpg 768w, https:\/\/serveiseducatius.xtec.cat\/altcamp\/wp-content\/uploads\/usu1130\/2021\/09\/Lligadedebat21-22.jpg 1083w\" sizes=\"auto, (max-width: 1024px) 100vw, 1024px\" \/><\/a><\/p>\n<p><strong><a href=\"https:\/\/www.vives.org\/programes\/estudiants\/lliga-debat-secundaria-batxillerat\/#inscripcioldsb\" target=\"_blank\" rel=\"noopener\">Inscripci\u00f3 oberta<\/a><\/strong><\/p>\n<p>La <strong><a href=\"https:\/\/www.vives.org\/programes\/estudiants\/lliga-debat-secundaria-batxillerat\/#inscripcioldsb\" target=\"_blank\" rel=\"noopener\">Lliga de Debat de Secund\u00e0ria i Batxillerat<\/a><\/strong> \u00e9s una competici\u00f3 d\u2019orat\u00f2ria en la qual diversos equips d\u2019estudiants de diferents centres docents debaten sobre un tema pol\u00e8mic i d\u2019actualitat. La Lliga de Debat de Secund\u00e0ria i Batxillerat est\u00e0 adre\u00e7ada a l\u2019alumnat de 4t d\u2019ESO, batxillerat (i equivalents) i cicles formatius d\u2019entre 15 i 18 anys, de la Franja de Ponent, Catalunya, Pa\u00eds Valenci\u00e0, Illes Balears, Andorra, Catalunya del Nord i Sardenya.<\/p>\n<div id=\"Info-box-wrap-6362\" class=\"aio-icon-box default-icon\">\n<div class=\"aio-icon-description ult-responsive\" data-ultimate-target=\"#Info-box-wrap-6362 .aio-icon-description\" data-responsive-json-new=\"{&quot;font-size&quot;:&quot;&quot;,&quot;line-height&quot;:&quot;&quot;}\">\n<p>En l&#8217;edici\u00f3 2021-2022 es debatr\u00e0 sobre la q\u00fcesti\u00f3 seg\u00fcent:\u00a0<em><strong>\u00abCal posar l\u00edmits a la ci\u00e8ncia?\u00bb<\/strong><\/em><\/p>\n<p><a href=\"https:\/\/www.vives.org\/\" target=\"_blank\" rel=\"noopener\">M\u00e9s informaci\u00f3<\/a><\/p>\n<\/div>\n<\/div>\n","protected":false},"excerpt":{"rendered":"<p>Inscripci\u00f3 oberta La Lliga de Debat de Secund\u00e0ria i Batxillerat \u00e9s una competici\u00f3 d\u2019orat\u00f2ria en la qual diversos equips d\u2019estudiants de diferents centres docents debaten sobre un tema pol\u00e8mic i d\u2019actualitat. La Lliga de Debat de Secund\u00e0ria i Batxillerat est\u00e0 adre\u00e7ada a l\u2019alumnat de 4t d\u2019ESO, batxillerat (i equivalents) i cicles formatius d\u2019entre 15 i [&hellip;]<\/p>\n","protected":false},"author":4,"featured_media":8989,"comment_status":"closed","ping_status":"closed","sticky":false,"template":"","format":"standard","meta":{"_bbp_topic_count":0,"_bbp_reply_count":0,"_bbp_total_topic_count":0,"_bbp_total_reply_count":0,"_bbp_voice_count":0,"_bbp_anonymous_reply_count":0,"_bbp_topic_count_hidden":0,"_bbp_reply_count_hidden":0,"_bbp_forum_subforum_count":0,"site-sidebar-layout":"default","site-content-layout":"","ast-site-content-layout":"","site-content-style":"default","site-sidebar-style":"default","ast-global-header-display":"","ast-banner-title-visibility":"","ast-main-header-display":"","ast-hfb-above-header-display":"","ast-hfb-below-header-display":"","ast-hfb-mobile-header-display":"","site-post-title":"","ast-breadcrumbs-content":"","ast-featured-img":"","footer-sml-layout":"","theme-transparent-header-meta":"","adv-header-id-meta":"","stick-header-meta":"","header-above-stick-meta":"","header-main-stick-meta":"","header-below-stick-meta":"","astra-migrate-meta-layouts":"default","ast-page-background-enabled":"default","ast-page-background-meta":{"desktop":{"background-color":"var(--ast-global-color-4)","background-image":"","background-repeat":"repeat","background-position":"center center","background-size":"auto","background-attachment":"scroll","background-type":"","background-media":"","overlay-type":"","overlay-color":"","overlay-opacity":"","overlay-gradient":""},"tablet":{"background-color":"","background-image":"","background-repeat":"repeat","background-position":"center center","background-size":"auto","background-attachment":"scroll","background-type":"","background-media":"","overlay-type":"","overlay-color":"","overlay-opacity":"","overlay-gradient":""},"mobile":{"background-color":"","background-image":"","background-repeat":"repeat","background-position":"center center","background-size":"auto","background-attachment":"scroll","background-type":"","background-media":"","overlay-type":"","overlay-color":"","overlay-opacity":"","overlay-gradient":""}},"ast-content-background-meta":{"desktop":{"background-color":"var(--ast-global-color-5)","background-image":"","background-repeat":"repeat","background-position":"center center","background-size":"auto","background-attachment":"scroll","background-type":"","background-media":"","overlay-type":"","overlay-color":"","overlay-opacity":"","overlay-gradient":""},"tablet":{"background-color":"var(--ast-global-color-5)","background-image":"","background-repeat":"repeat","background-position":"center center","background-size":"auto","background-attachment":"scroll","background-type":"","background-media":"","overlay-type":"","overlay-color":"","overlay-opacity":"","overlay-gradient":""},"mobile":{"background-color":"var(--ast-global-color-5)","background-image":"","background-repeat":"repeat","background-position":"center center","background-size":"auto","background-attachment":"scroll","background-type":"","background-media":"","overlay-type":"","overlay-color":"","overlay-opacity":"","overlay-gradient":""}},"footnotes":""},"categories":[282,1],"tags":[551,250,781,318,432,207],"class_list":["post-11526","post","type-post","status-publish","format-standard","has-post-thumbnail","hentry","category-actualitat","category-general","tag-alumnat","tag-ciencia","tag-debat","tag-filosofia","tag-pensament-critic","tag-professorat"],"post_mailing_queue_ids":[],"_links":{"self":[{"href":"https:\/\/serveiseducatius.xtec.cat\/altcamp\/wp-json\/wp\/v2\/posts\/11526","targetHints":{"allow":["GET"]}}],"collection":[{"href":"https:\/\/serveiseducatius.xtec.cat\/altcamp\/wp-json\/wp\/v2\/posts"}],"about":[{"href":"https:\/\/serveiseducatius.xtec.cat\/altcamp\/wp-json\/wp\/v2\/types\/post"}],"author":[{"embeddable":true,"href":"https:\/\/serveiseducatius.xtec.cat\/altcamp\/wp-json\/wp\/v2\/users\/4"}],"replies":[{"embeddable":true,"href":"https:\/\/serveiseducatius.xtec.cat\/altcamp\/wp-json\/wp\/v2\/comments?post=11526"}],"version-history":[{"count":2,"href":"https:\/\/serveiseducatius.xtec.cat\/altcamp\/wp-json\/wp\/v2\/posts\/11526\/revisions"}],"predecessor-version":[{"id":11529,"href":"https:\/\/serveiseducatius.xtec.cat\/altcamp\/wp-json\/wp\/v2\/posts\/11526\/revisions\/11529"}],"wp:featuredmedia":[{"embeddable":true,"href":"https:\/\/serveiseducatius.xtec.cat\/altcamp\/wp-json\/wp\/v2\/media\/8989"}],"wp:attachment":[{"href":"https:\/\/serveiseducatius.xtec.cat\/altcamp\/wp-json\/wp\/v2\/media?parent=11526"}],"wp:term":[{"taxonomy":"category","embeddable":true,"href":"https:\/\/serveiseducatius.xtec.cat\/altcamp\/wp-json\/wp\/v2\/categories?post=11526"},{"taxonomy":"post_tag","embeddable":true,"href":"https:\/\/serveiseducatius.xtec.cat\/altcamp\/wp-json\/wp\/v2\/tags?post=11526"}],"curies":[{"name":"wp","href":"https:\/\/api.w.org\/{rel}","templated":true}]}}