{"id":11510,"date":"2021-09-22T13:19:50","date_gmt":"2021-09-22T11:19:50","guid":{"rendered":"https:\/\/serveiseducatius.xtec.cat\/altcamp\/?p=11510"},"modified":"2023-03-14T16:19:32","modified_gmt":"2023-03-14T15:19:32","slug":"situacions-de-tensio-i-conflicte-en-infants-adolescents-i-joves","status":"publish","type":"post","link":"https:\/\/serveiseducatius.xtec.cat\/altcamp\/actualitat\/situacions-de-tensio-i-conflicte-en-infants-adolescents-i-joves\/","title":{"rendered":"Situacions de tensi\u00f3 i conflicte en infants, adolescents i joves"},"content":{"rendered":"<p><a href=\"http:\/\/www.spora.ws\/wp-content\/uploads\/2020\/10\/Guia-per-situacions-de-tensio%CC%81-i-conflicte.pdf\" target=\"_blank\" rel=\"noopener\"><img loading=\"lazy\" decoding=\"async\" class=\"alignleft wp-image-11511\" src=\"https:\/\/serveiseducatius.xtec.cat\/altcamp\/wp-content\/uploads\/usu1130\/2021\/09\/Situacions-tensio-conflicte-infans-joves-adolescents.jpg\" alt=\"\" width=\"511\" height=\"729\" srcset=\"https:\/\/serveiseducatius.xtec.cat\/altcamp\/wp-content\/uploads\/usu1130\/2021\/09\/Situacions-tensio-conflicte-infans-joves-adolescents.jpg 593w, https:\/\/serveiseducatius.xtec.cat\/altcamp\/wp-content\/uploads\/usu1130\/2021\/09\/Situacions-tensio-conflicte-infans-joves-adolescents-210x300.jpg 210w\" sizes=\"auto, (max-width: 511px) 100vw, 511px\" \/><\/a><\/p>\n<p>Les situacions de tensi\u00f3 i conflicte sovint generen malestar i patiment. Tothom ha experimentat aquest tipus de viv\u00e8ncies de manera puntual en alguns \u00e0mbits en els quals es desenvolupa el dia a dia: la fam\u00edlia, la parella, la feina, l\u2019escola, l\u2019entorn social, etc.<\/p>\n<p>S\u2019ha de tenir en compte que l\u2019escola, igual com passa en la societat en general, sovint no disposa d\u2019informaci\u00f3 acurada<br \/>\nsobre la salut mental ni les professionals estan necess\u00e0riament formades per saber actuar i tractar l\u2019alumnat amb problemes de<br \/>\nsalut mental. Pot ser que mestres i professores tamb\u00e9 es trobin desbordades per la situaci\u00f3 i no trobin la manera adequada<br \/>\nde gestionar-ho. Aix\u00f2 pot desembocar en accions que poden agreujar encara m\u00e9s el problema.<\/p>\n<p>Aquesta <a href=\"http:\/\/www.spora.ws\/wp-content\/uploads\/2020\/10\/Guia-per-situacions-de-tensio%CC%81-i-conflicte.pdf\" target=\"_blank\" rel=\"noopener\">guia<\/a> est\u00e0 destinada a les persones que acompanyen a infants, adolescents i joves que tenen una problem\u00e0tica de salut mental, especialment a les mares i als pares per\u00f2 tamb\u00e9 a totes aquelles figures que es relacionen o treballen amb aquesta poblaci\u00f3.<\/p>\n<p>Aquesta guia est\u00e0 elaborada per ser una eina d\u2019orientaci\u00f3.<\/p>\n<p>Objectius:<br \/>\n\u2022 Entendre les possibles situacions de tensi\u00f3 i conflicte amb<br \/>\ninfants, adolescents i joves amb una problem\u00e0tica de salut<br \/>\nmental.<br \/>\n\u2022 Donar orientacions per navegar millor per les situacions<br \/>\nde tensi\u00f3 i conflicte amb infants o joves amb una<br \/>\nproblem\u00e0tica de salut mental.<br \/>\n\u2022 Fomentar la cura i l\u2019autocura en mares, pares i altres<br \/>\nfigures que acompanyen infants, adolescents i joves en<br \/>\nsituacions de tensi\u00f3 i conflicte.<\/p>\n<p>&nbsp;<\/p>\n<p>&nbsp;<\/p>\n<p>&nbsp;<\/p>\n<p>&nbsp;<\/p>\n","protected":false},"excerpt":{"rendered":"<p>Les situacions de tensi\u00f3 i conflicte sovint generen malestar i patiment. Tothom ha experimentat aquest tipus de viv\u00e8ncies de manera puntual en alguns \u00e0mbits en els quals es desenvolupa el dia a dia: la fam\u00edlia, la parella, la feina, l\u2019escola, l\u2019entorn social, etc. S\u2019ha de tenir en compte que l\u2019escola, igual com passa en la [&hellip;]<\/p>\n","protected":false},"author":4,"featured_media":11511,"comment_status":"closed","ping_status":"closed","sticky":false,"template":"","format":"standard","meta":{"_bbp_topic_count":0,"_bbp_reply_count":0,"_bbp_total_topic_count":0,"_bbp_total_reply_count":0,"_bbp_voice_count":0,"_bbp_anonymous_reply_count":0,"_bbp_topic_count_hidden":0,"_bbp_reply_count_hidden":0,"_bbp_forum_subforum_count":0,"site-sidebar-layout":"default","site-content-layout":"","ast-site-content-layout":"","site-content-style":"default","site-sidebar-style":"default","ast-global-header-display":"","ast-banner-title-visibility":"","ast-main-header-display":"","ast-hfb-above-header-display":"","ast-hfb-below-header-display":"","ast-hfb-mobile-header-display":"","site-post-title":"","ast-breadcrumbs-content":"","ast-featured-img":"","footer-sml-layout":"","theme-transparent-header-meta":"","adv-header-id-meta":"","stick-header-meta":"","header-above-stick-meta":"","header-main-stick-meta":"","header-below-stick-meta":"","astra-migrate-meta-layouts":"default","ast-page-background-enabled":"default","ast-page-background-meta":{"desktop":{"background-color":"var(--ast-global-color-4)","background-image":"","background-repeat":"repeat","background-position":"center center","background-size":"auto","background-attachment":"scroll","background-type":"","background-media":"","overlay-type":"","overlay-color":"","overlay-opacity":"","overlay-gradient":""},"tablet":{"background-color":"","background-image":"","background-repeat":"repeat","background-position":"center center","background-size":"auto","background-attachment":"scroll","background-type":"","background-media":"","overlay-type":"","overlay-color":"","overlay-opacity":"","overlay-gradient":""},"mobile":{"background-color":"","background-image":"","background-repeat":"repeat","background-position":"center center","background-size":"auto","background-attachment":"scroll","background-type":"","background-media":"","overlay-type":"","overlay-color":"","overlay-opacity":"","overlay-gradient":""}},"ast-content-background-meta":{"desktop":{"background-color":"var(--ast-global-color-5)","background-image":"","background-repeat":"repeat","background-position":"center center","background-size":"auto","background-attachment":"scroll","background-type":"","background-media":"","overlay-type":"","overlay-color":"","overlay-opacity":"","overlay-gradient":""},"tablet":{"background-color":"var(--ast-global-color-5)","background-image":"","background-repeat":"repeat","background-position":"center center","background-size":"auto","background-attachment":"scroll","background-type":"","background-media":"","overlay-type":"","overlay-color":"","overlay-opacity":"","overlay-gradient":""},"mobile":{"background-color":"var(--ast-global-color-5)","background-image":"","background-repeat":"repeat","background-position":"center center","background-size":"auto","background-attachment":"scroll","background-type":"","background-media":"","overlay-type":"","overlay-color":"","overlay-opacity":"","overlay-gradient":""}},"footnotes":""},"categories":[282,1264,1236,287],"tags":[691,163,462,577,207,516],"class_list":["post-11510","post","type-post","status-publish","format-standard","has-post-thumbnail","hentry","category-actualitat","category-bullying","category-emocions","category-recomanem","tag-eap","tag-educacio-infantil","tag-families","tag-prevencio-de-conflictes","tag-professorat","tag-salut-mental"],"post_mailing_queue_ids":[],"_links":{"self":[{"href":"https:\/\/serveiseducatius.xtec.cat\/altcamp\/wp-json\/wp\/v2\/posts\/11510","targetHints":{"allow":["GET"]}}],"collection":[{"href":"https:\/\/serveiseducatius.xtec.cat\/altcamp\/wp-json\/wp\/v2\/posts"}],"about":[{"href":"https:\/\/serveiseducatius.xtec.cat\/altcamp\/wp-json\/wp\/v2\/types\/post"}],"author":[{"embeddable":true,"href":"https:\/\/serveiseducatius.xtec.cat\/altcamp\/wp-json\/wp\/v2\/users\/4"}],"replies":[{"embeddable":true,"href":"https:\/\/serveiseducatius.xtec.cat\/altcamp\/wp-json\/wp\/v2\/comments?post=11510"}],"version-history":[{"count":1,"href":"https:\/\/serveiseducatius.xtec.cat\/altcamp\/wp-json\/wp\/v2\/posts\/11510\/revisions"}],"predecessor-version":[{"id":11512,"href":"https:\/\/serveiseducatius.xtec.cat\/altcamp\/wp-json\/wp\/v2\/posts\/11510\/revisions\/11512"}],"wp:featuredmedia":[{"embeddable":true,"href":"https:\/\/serveiseducatius.xtec.cat\/altcamp\/wp-json\/wp\/v2\/media\/11511"}],"wp:attachment":[{"href":"https:\/\/serveiseducatius.xtec.cat\/altcamp\/wp-json\/wp\/v2\/media?parent=11510"}],"wp:term":[{"taxonomy":"category","embeddable":true,"href":"https:\/\/serveiseducatius.xtec.cat\/altcamp\/wp-json\/wp\/v2\/categories?post=11510"},{"taxonomy":"post_tag","embeddable":true,"href":"https:\/\/serveiseducatius.xtec.cat\/altcamp\/wp-json\/wp\/v2\/tags?post=11510"}],"curies":[{"name":"wp","href":"https:\/\/api.w.org\/{rel}","templated":true}]}}