{"id":11385,"date":"2021-07-14T13:40:32","date_gmt":"2021-07-14T11:40:32","guid":{"rendered":"http:\/\/serveiseducatius.xtec.cat\/altcamp\/?p=11385"},"modified":"2025-04-03T08:49:51","modified_gmt":"2025-04-03T06:49:51","slug":"la-sindrome-de-desgast-professional-burnout-i-la-seva-incidencia-socioeducativa","status":"publish","type":"post","link":"https:\/\/serveiseducatius.xtec.cat\/altcamp\/recursos\/recomanem\/la-sindrome-de-desgast-professional-burnout-i-la-seva-incidencia-socioeducativa\/","title":{"rendered":"La s\u00edndrome de desgast professional &#8220;burnout&#8221; i la seva incid\u00e8ncia socioeducativa"},"content":{"rendered":"<h3 class=\"post-title entry-title\"><a href=\"https:\/\/revistas.usal.es\/index.php\/0214-3402\/article\/view\/aula201521245257\/13672\" target=\"_blank\" rel=\"noopener noreferrer\">\u2192Malestar social i malestar docent: Una investigaci\u00f3 sobre la s\u00edndrome de desgast professional &#8220;burnout&#8221; i la seva incid\u00e8ncia socioeducativa <\/a><\/h3>\n<p>(En castell\u00e0)<\/p>\n<p>David S\u00e1nchez Llull, Mart\u00ed X. MarchyCerd\u00e0 i Llu\u00eds Ballester Brage. Departament de Ci\u00e8ncies de l&#8217;Educaci\u00f3. Universitat de les Illes Balears (UIB)<\/p>\n<p><em>Els docents han de donar resposta a una societat cada vegada m\u00e9s exigent amb l&#8217;educaci\u00f3, caracteritzada per m\u00faltiples factors no nom\u00e9s educatius, sin\u00f3 tamb\u00e9 socials. Aquest ampli ventall de variables als quals s&#8217;enfronta el docent est\u00e0 provocant cert malestar per l&#8217;aparici\u00f3 de m\u00faltiples problemes psicosocials com la s\u00edndrome de desgast professional o &#8220;burnout&#8221;. <\/em><\/p>\n<p><em><strong><a href=\"https:\/\/revistas.usal.es\/index.php\/0214-3402\/article\/view\/aula201521245257\/13672\" target=\"_blank\" rel=\"noopener noreferrer\">Aquesta investigaci\u00f3<\/a><\/strong>, feta a les Illes Balears, intenta determinar la prevalen\u00e7a d&#8217;aquesta problem\u00e0tica psicosocial en els centres p\u00fablics de secund\u00e0ria , a partir de l&#8217;estudi de tres variables: el cansament emocional, la despersonalitzaci\u00f3 i la realitzaci\u00f3 personal.<\/em><\/p>\n<p><img loading=\"lazy\" decoding=\"async\" class=\"alignnone size-full wp-image-11386\" src=\"https:\/\/serveiseducatius.xtec.cat\/altcamp\/wp-content\/uploads\/usu1130\/2021\/07\/Aula.jpg\" alt=\"\" width=\"491\" height=\"693\" \/><\/p>\n<div>Cuanto peor es el modelo organizativo, peores son las medidas de prevenci\u00f3n y esto puede incidir en la aparici\u00f3n del burnout y, en consecuencia, una disminuci\u00f3n del rendimiento profesional.<\/div>\n<div><\/div>\n<div><\/div>\n<p><strong>Si cliqueu les imatges accedireu a m\u00e9s recursos:<\/strong><\/p>\n<div>\n<hr \/>\n<p><a href=\"https:\/\/serveiseducatius.xtec.cat\/altcamp\/actualitat\/salut-mental-i-riscos-psicosocials-dels-docents\/\" target=\"_blank\" rel=\"noopener\"><img loading=\"lazy\" decoding=\"async\" class=\"alignnone wp-image-14523\" src=\"https:\/\/serveiseducatius.xtec.cat\/altcamp\/wp-content\/uploads\/usu1130\/2023\/10\/Salut-mental-docents.jpg\" alt=\"\" width=\"558\" height=\"523\" srcset=\"https:\/\/serveiseducatius.xtec.cat\/altcamp\/wp-content\/uploads\/usu1130\/2023\/10\/Salut-mental-docents.jpg 800w, https:\/\/serveiseducatius.xtec.cat\/altcamp\/wp-content\/uploads\/usu1130\/2023\/10\/Salut-mental-docents-300x281.jpg 300w, https:\/\/serveiseducatius.xtec.cat\/altcamp\/wp-content\/uploads\/usu1130\/2023\/10\/Salut-mental-docents-768x720.jpg 768w\" sizes=\"auto, (max-width: 558px) 100vw, 558px\" \/><\/a><\/p>\n<\/div>\n<div><\/div>\n<div><a href=\"https:\/\/serveiseducatius.xtec.cat\/altcamp\/recursos\/recomanem\/informacio-sobre-prevencio-de-riscos-laborals-per-al-personal-del-departament-deducacio\/\" target=\"_blank\" rel=\"noopener\"><img loading=\"lazy\" decoding=\"async\" class=\"alignnone wp-image-15148\" src=\"https:\/\/serveiseducatius.xtec.cat\/altcamp\/wp-content\/uploads\/usu1130\/2024\/02\/Prevencio-riscos-laborals-2.jpg\" alt=\"\" width=\"560\" height=\"560\" srcset=\"https:\/\/serveiseducatius.xtec.cat\/altcamp\/wp-content\/uploads\/usu1130\/2024\/02\/Prevencio-riscos-laborals-2.jpg 900w, https:\/\/serveiseducatius.xtec.cat\/altcamp\/wp-content\/uploads\/usu1130\/2024\/02\/Prevencio-riscos-laborals-2-300x300.jpg 300w, https:\/\/serveiseducatius.xtec.cat\/altcamp\/wp-content\/uploads\/usu1130\/2024\/02\/Prevencio-riscos-laborals-2-150x150.jpg 150w, https:\/\/serveiseducatius.xtec.cat\/altcamp\/wp-content\/uploads\/usu1130\/2024\/02\/Prevencio-riscos-laborals-2-768x768.jpg 768w\" sizes=\"auto, (max-width: 560px) 100vw, 560px\" \/><\/a><\/div>\n<div><\/div>\n<div>\n<blockquote class=\"wp-embedded-content\" data-secret=\"MLEiu53mCx\"><p><a href=\"https:\/\/serveiseducatius.xtec.cat\/altcamp\/actualitat\/docents-i-mobilitat-que-cal-saber-per-estar-cobert-en-cas-daccident\/\">Docents i mobilitat: qu\u00e8 cal saber per estar cobert en cas d\u2019accident?<\/a><\/p><\/blockquote>\n<p><iframe loading=\"lazy\" class=\"wp-embedded-content\" sandbox=\"allow-scripts\" security=\"restricted\" style=\"position: absolute; clip: rect(1px, 1px, 1px, 1px);\" title=\"&#8220;Docents i mobilitat: qu\u00e8 cal saber per estar cobert en cas d\u2019accident?&#8221; &#8212; Servei Educatiu de l&#039;Alt Camp\" src=\"https:\/\/serveiseducatius.xtec.cat\/altcamp\/actualitat\/docents-i-mobilitat-que-cal-saber-per-estar-cobert-en-cas-daccident\/embed\/#?secret=I7Uudu3Yx7#?secret=MLEiu53mCx\" data-secret=\"MLEiu53mCx\" width=\"500\" height=\"282\" frameborder=\"0\" marginwidth=\"0\" marginheight=\"0\" scrolling=\"no\"><\/iframe><\/p>\n<\/div>\n","protected":false},"excerpt":{"rendered":"<p>\u2192Malestar social i malestar docent: Una investigaci\u00f3 sobre la s\u00edndrome de desgast professional &#8220;burnout&#8221; i la seva incid\u00e8ncia socioeducativa (En castell\u00e0) David S\u00e1nchez Llull, Mart\u00ed X. MarchyCerd\u00e0 i Llu\u00eds Ballester Brage. Departament de Ci\u00e8ncies de l&#8217;Educaci\u00f3. Universitat de les Illes Balears (UIB) Els docents han de donar resposta a una societat cada vegada m\u00e9s exigent [&hellip;]<\/p>\n","protected":false},"author":4,"featured_media":11386,"comment_status":"closed","ping_status":"closed","sticky":false,"template":"","format":"standard","meta":{"_bbp_topic_count":0,"_bbp_reply_count":0,"_bbp_total_topic_count":0,"_bbp_total_reply_count":0,"_bbp_voice_count":0,"_bbp_anonymous_reply_count":0,"_bbp_topic_count_hidden":0,"_bbp_reply_count_hidden":0,"_bbp_forum_subforum_count":0,"site-sidebar-layout":"default","site-content-layout":"","ast-site-content-layout":"","site-content-style":"default","site-sidebar-style":"default","ast-global-header-display":"","ast-banner-title-visibility":"","ast-main-header-display":"","ast-hfb-above-header-display":"","ast-hfb-below-header-display":"","ast-hfb-mobile-header-display":"","site-post-title":"","ast-breadcrumbs-content":"","ast-featured-img":"","footer-sml-layout":"","theme-transparent-header-meta":"","adv-header-id-meta":"","stick-header-meta":"","header-above-stick-meta":"","header-main-stick-meta":"","header-below-stick-meta":"","astra-migrate-meta-layouts":"default","ast-page-background-enabled":"default","ast-page-background-meta":{"desktop":{"background-color":"var(--ast-global-color-4)","background-image":"","background-repeat":"repeat","background-position":"center center","background-size":"auto","background-attachment":"scroll","background-type":"","background-media":"","overlay-type":"","overlay-color":"","overlay-opacity":"","overlay-gradient":""},"tablet":{"background-color":"","background-image":"","background-repeat":"repeat","background-position":"center center","background-size":"auto","background-attachment":"scroll","background-type":"","background-media":"","overlay-type":"","overlay-color":"","overlay-opacity":"","overlay-gradient":""},"mobile":{"background-color":"","background-image":"","background-repeat":"repeat","background-position":"center center","background-size":"auto","background-attachment":"scroll","background-type":"","background-media":"","overlay-type":"","overlay-color":"","overlay-opacity":"","overlay-gradient":""}},"ast-content-background-meta":{"desktop":{"background-color":"var(--ast-global-color-5)","background-image":"","background-repeat":"repeat","background-position":"center center","background-size":"auto","background-attachment":"scroll","background-type":"","background-media":"","overlay-type":"","overlay-color":"","overlay-opacity":"","overlay-gradient":""},"tablet":{"background-color":"var(--ast-global-color-5)","background-image":"","background-repeat":"repeat","background-position":"center center","background-size":"auto","background-attachment":"scroll","background-type":"","background-media":"","overlay-type":"","overlay-color":"","overlay-opacity":"","overlay-gradient":""},"mobile":{"background-color":"var(--ast-global-color-5)","background-image":"","background-repeat":"repeat","background-position":"center center","background-size":"auto","background-attachment":"scroll","background-type":"","background-media":"","overlay-type":"","overlay-color":"","overlay-opacity":"","overlay-gradient":""}},"footnotes":""},"categories":[1532,287,1504,1535],"tags":[207,761,45],"class_list":["post-11385","post","type-post","status-publish","format-standard","has-post-thumbnail","hentry","category-normativa","category-recomanem","category-salut-docents","category-soroll","tag-professorat","tag-riscos-laborals","tag-salut"],"post_mailing_queue_ids":[],"_links":{"self":[{"href":"https:\/\/serveiseducatius.xtec.cat\/altcamp\/wp-json\/wp\/v2\/posts\/11385","targetHints":{"allow":["GET"]}}],"collection":[{"href":"https:\/\/serveiseducatius.xtec.cat\/altcamp\/wp-json\/wp\/v2\/posts"}],"about":[{"href":"https:\/\/serveiseducatius.xtec.cat\/altcamp\/wp-json\/wp\/v2\/types\/post"}],"author":[{"embeddable":true,"href":"https:\/\/serveiseducatius.xtec.cat\/altcamp\/wp-json\/wp\/v2\/users\/4"}],"replies":[{"embeddable":true,"href":"https:\/\/serveiseducatius.xtec.cat\/altcamp\/wp-json\/wp\/v2\/comments?post=11385"}],"version-history":[{"count":4,"href":"https:\/\/serveiseducatius.xtec.cat\/altcamp\/wp-json\/wp\/v2\/posts\/11385\/revisions"}],"predecessor-version":[{"id":17694,"href":"https:\/\/serveiseducatius.xtec.cat\/altcamp\/wp-json\/wp\/v2\/posts\/11385\/revisions\/17694"}],"wp:featuredmedia":[{"embeddable":true,"href":"https:\/\/serveiseducatius.xtec.cat\/altcamp\/wp-json\/wp\/v2\/media\/11386"}],"wp:attachment":[{"href":"https:\/\/serveiseducatius.xtec.cat\/altcamp\/wp-json\/wp\/v2\/media?parent=11385"}],"wp:term":[{"taxonomy":"category","embeddable":true,"href":"https:\/\/serveiseducatius.xtec.cat\/altcamp\/wp-json\/wp\/v2\/categories?post=11385"},{"taxonomy":"post_tag","embeddable":true,"href":"https:\/\/serveiseducatius.xtec.cat\/altcamp\/wp-json\/wp\/v2\/tags?post=11385"}],"curies":[{"name":"wp","href":"https:\/\/api.w.org\/{rel}","templated":true}]}}