{"id":11380,"date":"2021-07-13T13:48:31","date_gmt":"2021-07-13T11:48:31","guid":{"rendered":"http:\/\/serveiseducatius.xtec.cat\/altcamp\/?p=11380"},"modified":"2023-03-14T16:21:11","modified_gmt":"2023-03-14T15:21:11","slug":"lomnipotencia-infantil-un-problema-bioetic","status":"publish","type":"post","link":"https:\/\/serveiseducatius.xtec.cat\/altcamp\/actualitat\/lomnipotencia-infantil-un-problema-bioetic\/","title":{"rendered":"L&#8217;omnipot\u00e8ncia infantil, un problema bio\u00e8tic"},"content":{"rendered":"<p><a href=\"https:\/\/scielo.isciii.es\/scielo.php?script=sci_arttext&amp;pid=S1886-58872020000200007\" target=\"_blank\" rel=\"noopener noreferrer\"><img loading=\"lazy\" decoding=\"async\" class=\"alignnone wp-image-11381 size-large\" src=\"https:\/\/serveiseducatius.xtec.cat\/altcamp\/wp-content\/uploads\/usu1130\/2021\/07\/Nen-enfadat-1024x697.jpeg\" alt=\"\" width=\"1024\" height=\"697\" srcset=\"https:\/\/serveiseducatius.xtec.cat\/altcamp\/wp-content\/uploads\/usu1130\/2021\/07\/Nen-enfadat-1024x697.jpeg 1024w, https:\/\/serveiseducatius.xtec.cat\/altcamp\/wp-content\/uploads\/usu1130\/2021\/07\/Nen-enfadat-300x204.jpeg 300w, https:\/\/serveiseducatius.xtec.cat\/altcamp\/wp-content\/uploads\/usu1130\/2021\/07\/Nen-enfadat-768x523.jpeg 768w, https:\/\/serveiseducatius.xtec.cat\/altcamp\/wp-content\/uploads\/usu1130\/2021\/07\/Nen-enfadat.jpeg 1102w\" sizes=\"auto, (max-width: 1024px) 100vw, 1024px\" \/><\/a><\/p>\n<p><a href=\"https:\/\/scielo.isciii.es\/scielo.php?script=sci_arttext&amp;pid=S1886-58872020000200007\" target=\"_blank\" rel=\"noopener noreferrer\">L&#8217;omnipot\u00e8ncia infantil, un problema bio\u00e8tic. La necessitat i la urg\u00e8ncia de repensar l&#8217;educaci\u00f3 en el marc de l&#8217;\u00e8tica del cuidar<\/a><\/p>\n<div class=\"autores\">Anna\u00a0Molins i Paronella<\/div>\n<div class=\"autores\"><\/div>\n<div class=\"abstract\">\n<p><em>L&#8217;educaci\u00f3, tant en els primers nivells de socialitzaci\u00f3 com en les seves etapes posteriors d&#8217;educaci\u00f3 formal, est\u00e0 posant en risc el desenvolupament de l&#8217;autonomia individual tan necess\u00e0ria perqu\u00e8 l&#8217;alumne arribi a la maduresa pr\u00f2pia de l&#8217;etapa adulta. Les pol\u00edtiques educatives, els nous models educatius i la societat mateixa estan desvinculant l&#8217; autonomia progressiva de la responsabilitat, els sentiments de la ra\u00f3, l&#8217;emoci\u00f3 de la voluntat i la motivaci\u00f3 del deure en la seva praxi educativa. Les conseq\u00fc\u00e8ncies s\u00f3n que <strong>els alumnes queden ancorats en actituds infantils d&#8217;omnipot\u00e8ncia amb incapacitat de fer un ajustament adequat amb la realitat i reaccionant en la majoria de casos amb agressivitat<\/strong>. La bio\u00e8tica i l&#8217;educaci\u00f3 tenen una relaci\u00f3 necess\u00e0ria amb la construcci\u00f3 de subjectes morals i aut\u00f2noms \u00c9s urgent tra\u00e7ar una l\u00ednia per sota de la qual no es donin les condiciones necess\u00e0ries pel desenvolupament ple de la nostra joventut. La bio\u00e8tica, que t\u00e9 un car\u00e0cter multidisciplinar i interdisciplinar, ha d&#8217;atendre als problemes actuals i complexos de l&#8217; educaci\u00f3 i contribuir a pensar models educatius que formin ciutadans compromesos, responsables i solidaris. <strong>Un model educatiu s&#8217;ha de construir dins d&#8217;un debat bio\u00e8tic i, en el marc de l&#8217;\u00e8tica del cuidar, sense desvincular-se de les \u00e8tiques de car\u00e0cter normatiu.<\/strong><\/em><\/p>\n<p><em>La centralitat atorgada a l&#8217;individu en la llibertat ha portat a una concepci\u00f3 de l&#8217;autonomia excessivament individualista i egoista, que ha afectat directament l&#8217;educaci\u00f3 dels nostres joves. Aquests han acabat entenent que la llibertat individual significa que cadasc\u00fa faci o actu\u00ef com cregui convenient i que tenen el dret &#8220;que els deixin en pau&#8221; i lliures de qualsevol autoritat arbitr\u00e0ria vingui d&#8217;on vingui.<\/em><\/p>\n<p><a href=\"https:\/\/scielo.isciii.es\/scielo.php?script=sci_arttext&amp;pid=S1886-58872020000200007\" target=\"_blank\" rel=\"noopener noreferrer\">Acc\u00e9s al document complert<\/a><\/p>\n<\/div>\n","protected":false},"excerpt":{"rendered":"<p>L&#8217;omnipot\u00e8ncia infantil, un problema bio\u00e8tic. La necessitat i la urg\u00e8ncia de repensar l&#8217;educaci\u00f3 en el marc de l&#8217;\u00e8tica del cuidar Anna\u00a0Molins i Paronella L&#8217;educaci\u00f3, tant en els primers nivells de socialitzaci\u00f3 com en les seves etapes posteriors d&#8217;educaci\u00f3 formal, est\u00e0 posant en risc el desenvolupament de l&#8217;autonomia individual tan necess\u00e0ria perqu\u00e8 l&#8217;alumne arribi a la [&hellip;]<\/p>\n","protected":false},"author":4,"featured_media":11381,"comment_status":"closed","ping_status":"closed","sticky":false,"template":"","format":"standard","meta":{"_bbp_topic_count":0,"_bbp_reply_count":0,"_bbp_total_topic_count":0,"_bbp_total_reply_count":0,"_bbp_voice_count":0,"_bbp_anonymous_reply_count":0,"_bbp_topic_count_hidden":0,"_bbp_reply_count_hidden":0,"_bbp_forum_subforum_count":0,"site-sidebar-layout":"default","site-content-layout":"","ast-site-content-layout":"","site-content-style":"default","site-sidebar-style":"default","ast-global-header-display":"","ast-banner-title-visibility":"","ast-main-header-display":"","ast-hfb-above-header-display":"","ast-hfb-below-header-display":"","ast-hfb-mobile-header-display":"","site-post-title":"","ast-breadcrumbs-content":"","ast-featured-img":"","footer-sml-layout":"","theme-transparent-header-meta":"","adv-header-id-meta":"","stick-header-meta":"","header-above-stick-meta":"","header-main-stick-meta":"","header-below-stick-meta":"","astra-migrate-meta-layouts":"default","ast-page-background-enabled":"default","ast-page-background-meta":{"desktop":{"background-color":"var(--ast-global-color-4)","background-image":"","background-repeat":"repeat","background-position":"center center","background-size":"auto","background-attachment":"scroll","background-type":"","background-media":"","overlay-type":"","overlay-color":"","overlay-opacity":"","overlay-gradient":""},"tablet":{"background-color":"","background-image":"","background-repeat":"repeat","background-position":"center center","background-size":"auto","background-attachment":"scroll","background-type":"","background-media":"","overlay-type":"","overlay-color":"","overlay-opacity":"","overlay-gradient":""},"mobile":{"background-color":"","background-image":"","background-repeat":"repeat","background-position":"center center","background-size":"auto","background-attachment":"scroll","background-type":"","background-media":"","overlay-type":"","overlay-color":"","overlay-opacity":"","overlay-gradient":""}},"ast-content-background-meta":{"desktop":{"background-color":"var(--ast-global-color-5)","background-image":"","background-repeat":"repeat","background-position":"center center","background-size":"auto","background-attachment":"scroll","background-type":"","background-media":"","overlay-type":"","overlay-color":"","overlay-opacity":"","overlay-gradient":""},"tablet":{"background-color":"var(--ast-global-color-5)","background-image":"","background-repeat":"repeat","background-position":"center center","background-size":"auto","background-attachment":"scroll","background-type":"","background-media":"","overlay-type":"","overlay-color":"","overlay-opacity":"","overlay-gradient":""},"mobile":{"background-color":"var(--ast-global-color-5)","background-image":"","background-repeat":"repeat","background-position":"center center","background-size":"auto","background-attachment":"scroll","background-type":"","background-media":"","overlay-type":"","overlay-color":"","overlay-opacity":"","overlay-gradient":""}},"footnotes":""},"categories":[282,1264,287],"tags":[393,759,587,760,617],"class_list":["post-11380","post","type-post","status-publish","format-standard","has-post-thumbnail","hentry","category-actualitat","category-bullying","category-recomanem","tag-adolescencia","tag-autonomia-individual-educacio-models-educatius-etica-del-cuidar-bioetica","tag-educacion-en-valors","tag-infantesa","tag-violencia"],"post_mailing_queue_ids":[],"_links":{"self":[{"href":"https:\/\/serveiseducatius.xtec.cat\/altcamp\/wp-json\/wp\/v2\/posts\/11380","targetHints":{"allow":["GET"]}}],"collection":[{"href":"https:\/\/serveiseducatius.xtec.cat\/altcamp\/wp-json\/wp\/v2\/posts"}],"about":[{"href":"https:\/\/serveiseducatius.xtec.cat\/altcamp\/wp-json\/wp\/v2\/types\/post"}],"author":[{"embeddable":true,"href":"https:\/\/serveiseducatius.xtec.cat\/altcamp\/wp-json\/wp\/v2\/users\/4"}],"replies":[{"embeddable":true,"href":"https:\/\/serveiseducatius.xtec.cat\/altcamp\/wp-json\/wp\/v2\/comments?post=11380"}],"version-history":[{"count":3,"href":"https:\/\/serveiseducatius.xtec.cat\/altcamp\/wp-json\/wp\/v2\/posts\/11380\/revisions"}],"predecessor-version":[{"id":11384,"href":"https:\/\/serveiseducatius.xtec.cat\/altcamp\/wp-json\/wp\/v2\/posts\/11380\/revisions\/11384"}],"wp:featuredmedia":[{"embeddable":true,"href":"https:\/\/serveiseducatius.xtec.cat\/altcamp\/wp-json\/wp\/v2\/media\/11381"}],"wp:attachment":[{"href":"https:\/\/serveiseducatius.xtec.cat\/altcamp\/wp-json\/wp\/v2\/media?parent=11380"}],"wp:term":[{"taxonomy":"category","embeddable":true,"href":"https:\/\/serveiseducatius.xtec.cat\/altcamp\/wp-json\/wp\/v2\/categories?post=11380"},{"taxonomy":"post_tag","embeddable":true,"href":"https:\/\/serveiseducatius.xtec.cat\/altcamp\/wp-json\/wp\/v2\/tags?post=11380"}],"curies":[{"name":"wp","href":"https:\/\/api.w.org\/{rel}","templated":true}]}}