{"id":11237,"date":"2021-05-25T09:28:02","date_gmt":"2021-05-25T07:28:02","guid":{"rendered":"http:\/\/serveiseducatius.xtec.cat\/altcamp\/?p=11237"},"modified":"2021-05-25T10:30:02","modified_gmt":"2021-05-25T08:30:02","slug":"plastivoros","status":"publish","type":"post","link":"https:\/\/serveiseducatius.xtec.cat\/altcamp\/actualitat\/plastivoros\/","title":{"rendered":"#Plast\u00edvoros"},"content":{"rendered":"<p><a href=\"https:\/\/www.tierra.org\/plastivoros\/\" target=\"_blank\" rel=\"noopener noreferrer\"><img loading=\"lazy\" decoding=\"async\" class=\"aligncenter wp-image-11238 \" src=\"https:\/\/serveiseducatius.xtec.cat\/altcamp\/wp-content\/uploads\/usu1130\/2021\/05\/Plastivoros-1024x696.jpg\" alt=\"\" width=\"789\" height=\"536\" srcset=\"https:\/\/serveiseducatius.xtec.cat\/altcamp\/wp-content\/uploads\/usu1130\/2021\/05\/Plastivoros-1024x696.jpg 1024w, https:\/\/serveiseducatius.xtec.cat\/altcamp\/wp-content\/uploads\/usu1130\/2021\/05\/Plastivoros-300x204.jpg 300w, https:\/\/serveiseducatius.xtec.cat\/altcamp\/wp-content\/uploads\/usu1130\/2021\/05\/Plastivoros-768x522.jpg 768w, https:\/\/serveiseducatius.xtec.cat\/altcamp\/wp-content\/uploads\/usu1130\/2021\/05\/Plastivoros.jpg 1611w\" sizes=\"auto, (max-width: 789px) 100vw, 789px\" \/><\/a><\/p>\n<p><a href=\"https:\/\/www.tierra.org\/plastivoros\/\" target=\"_blank\" rel=\"noopener noreferrer\"><strong>Amics de la Terra<\/strong><\/a> i <strong><a href=\"https:\/\/justiciaalimentaria.org\/\" target=\"_blank\" rel=\"noopener noreferrer\">Just\u00edcia Aliment\u00e0ria<\/a><\/strong> publiquen el seu informe<strong> <a href=\"https:\/\/www.tierra.org\/plastivoros\/\" target=\"_blank\" rel=\"noopener noreferrer\">Plast\u00edvoros<\/a><\/strong>: la veritat sobre l&#8217;ingredient m\u00e9s t\u00f2xic de la nostra alimentaci\u00f3, un informe que aprofundeix en l&#8217;\u00fas de l&#8217;pl\u00e0stic com a pedra angular de la nostra cultura d&#8217;usar i llen\u00e7ar s\u00edmbol de la societat de consum.<\/p>\n<p>Segons l\u2019<a href=\"https:\/\/www.tierra.org\/wp-content\/uploads\/2021\/01\/Plastivoros-Amigos-de-la-Tierra.pdf\" target=\"_blank\" rel=\"noopener noreferrer\"><strong>informe<\/strong><\/a>, la contaminaci\u00f3 produ\u00efda pels micropl\u00e0stics i la seva durabilitat i alta toxicitat \u00e9s completament alarmant, i comporta greus impactes en la nostra alimentaci\u00f3, salut i ecosistemes.<\/p>\n<p>En cinc cap\u00edtols la publicaci\u00f3 aborda des dels impactes dels diferents aspectes del cicle de vida dels pl\u00e0stics fins a les estrat\u00e8gies de la ind\u00fastria del pl\u00e0stic per assegurar la seva perman\u00e8ncia passant per la relaci\u00f3 entre el pl\u00e0stic i l&#8217;alimentaci\u00f3 amb un enfocament especial en els micropl\u00e1stics i la relaci\u00f3 entre el pl\u00e0stic i la consecuci\u00f3 dels Objectius de Desenvolupament Sostenibles, per acabar amb les principals mesures i propostes legislatives necess\u00e0ries per afrontar aquest gran problema social i ecol\u00f2gic.<\/p>\n<p><strong>Proposta per treballar a l&#8217;aula<\/strong>: <a href=\"https:\/\/tiempodeactuar.es\/blog\/seres-plastivoros\/\" target=\"_blank\" rel=\"noopener noreferrer\"><strong>Seres plast\u00edvoros<\/strong><\/a> (ESO i Batxillerat)<\/p>\n<p>&nbsp;<\/p>\n<p>Accedeix a l<a href=\"https:\/\/www.tierra.org\/wp-content\/uploads\/2021\/01\/Plastivoros-Amigos-de-la-Tierra.pdf\" target=\"_blank\" rel=\"noopener noreferrer\">&#8216;informe<\/a><\/p>\n<p><a href=\"https:\/\/www.tierra.org\/wp-content\/uploads\/2021\/01\/Plastivoros-Amigos-de-la-Tierra.pdf\" target=\"_blank\" rel=\"noopener noreferrer\"><img loading=\"lazy\" decoding=\"async\" class=\"alignnone wp-image-11239 size-full\" src=\"https:\/\/serveiseducatius.xtec.cat\/altcamp\/wp-content\/uploads\/usu1130\/2021\/05\/Informe-plastivoros.jpg\" alt=\"\" width=\"213\" height=\"300\" \/><\/a><\/p>\n","protected":false},"excerpt":{"rendered":"<p>Amics de la Terra i Just\u00edcia Aliment\u00e0ria publiquen el seu informe Plast\u00edvoros: la veritat sobre l&#8217;ingredient m\u00e9s t\u00f2xic de la nostra alimentaci\u00f3, un informe que aprofundeix en l&#8217;\u00fas de l&#8217;pl\u00e0stic com a pedra angular de la nostra cultura d&#8217;usar i llen\u00e7ar s\u00edmbol de la societat de consum. Segons l\u2019informe, la contaminaci\u00f3 produ\u00efda pels micropl\u00e0stics i [&hellip;]<\/p>\n","protected":false},"author":4,"featured_media":11238,"comment_status":"closed","ping_status":"closed","sticky":false,"template":"","format":"standard","meta":{"_bbp_topic_count":0,"_bbp_reply_count":0,"_bbp_total_topic_count":0,"_bbp_total_reply_count":0,"_bbp_voice_count":0,"_bbp_anonymous_reply_count":0,"_bbp_topic_count_hidden":0,"_bbp_reply_count_hidden":0,"_bbp_forum_subforum_count":0,"site-sidebar-layout":"default","site-content-layout":"","ast-site-content-layout":"","site-content-style":"default","site-sidebar-style":"default","ast-global-header-display":"","ast-banner-title-visibility":"","ast-main-header-display":"","ast-hfb-above-header-display":"","ast-hfb-below-header-display":"","ast-hfb-mobile-header-display":"","site-post-title":"","ast-breadcrumbs-content":"","ast-featured-img":"","footer-sml-layout":"","theme-transparent-header-meta":"","adv-header-id-meta":"","stick-header-meta":"","header-above-stick-meta":"","header-main-stick-meta":"","header-below-stick-meta":"","astra-migrate-meta-layouts":"default","ast-page-background-enabled":"default","ast-page-background-meta":{"desktop":{"background-color":"var(--ast-global-color-4)","background-image":"","background-repeat":"repeat","background-position":"center center","background-size":"auto","background-attachment":"scroll","background-type":"","background-media":"","overlay-type":"","overlay-color":"","overlay-opacity":"","overlay-gradient":""},"tablet":{"background-color":"","background-image":"","background-repeat":"repeat","background-position":"center center","background-size":"auto","background-attachment":"scroll","background-type":"","background-media":"","overlay-type":"","overlay-color":"","overlay-opacity":"","overlay-gradient":""},"mobile":{"background-color":"","background-image":"","background-repeat":"repeat","background-position":"center center","background-size":"auto","background-attachment":"scroll","background-type":"","background-media":"","overlay-type":"","overlay-color":"","overlay-opacity":"","overlay-gradient":""}},"ast-content-background-meta":{"desktop":{"background-color":"var(--ast-global-color-5)","background-image":"","background-repeat":"repeat","background-position":"center center","background-size":"auto","background-attachment":"scroll","background-type":"","background-media":"","overlay-type":"","overlay-color":"","overlay-opacity":"","overlay-gradient":""},"tablet":{"background-color":"var(--ast-global-color-5)","background-image":"","background-repeat":"repeat","background-position":"center center","background-size":"auto","background-attachment":"scroll","background-type":"","background-media":"","overlay-type":"","overlay-color":"","overlay-opacity":"","overlay-gradient":""},"mobile":{"background-color":"var(--ast-global-color-5)","background-image":"","background-repeat":"repeat","background-position":"center center","background-size":"auto","background-attachment":"scroll","background-type":"","background-media":"","overlay-type":"","overlay-color":"","overlay-opacity":"","overlay-gradient":""}},"footnotes":""},"categories":[282,287],"tags":[249,729,625,292,310,456,207,372,285,45,341],"class_list":["post-11237","post","type-post","status-publish","format-standard","has-post-thumbnail","hentry","category-actualitat","category-recomanem","tag-batxillerat","tag-consumisme","tag-contaminacio","tag-eso","tag-medi-ambient","tag-plastics","tag-professorat","tag-quimica","tag-recursos-educatius","tag-salut","tag-sostenibilitat"],"post_mailing_queue_ids":[],"_links":{"self":[{"href":"https:\/\/serveiseducatius.xtec.cat\/altcamp\/wp-json\/wp\/v2\/posts\/11237","targetHints":{"allow":["GET"]}}],"collection":[{"href":"https:\/\/serveiseducatius.xtec.cat\/altcamp\/wp-json\/wp\/v2\/posts"}],"about":[{"href":"https:\/\/serveiseducatius.xtec.cat\/altcamp\/wp-json\/wp\/v2\/types\/post"}],"author":[{"embeddable":true,"href":"https:\/\/serveiseducatius.xtec.cat\/altcamp\/wp-json\/wp\/v2\/users\/4"}],"replies":[{"embeddable":true,"href":"https:\/\/serveiseducatius.xtec.cat\/altcamp\/wp-json\/wp\/v2\/comments?post=11237"}],"version-history":[{"count":2,"href":"https:\/\/serveiseducatius.xtec.cat\/altcamp\/wp-json\/wp\/v2\/posts\/11237\/revisions"}],"predecessor-version":[{"id":11241,"href":"https:\/\/serveiseducatius.xtec.cat\/altcamp\/wp-json\/wp\/v2\/posts\/11237\/revisions\/11241"}],"wp:featuredmedia":[{"embeddable":true,"href":"https:\/\/serveiseducatius.xtec.cat\/altcamp\/wp-json\/wp\/v2\/media\/11238"}],"wp:attachment":[{"href":"https:\/\/serveiseducatius.xtec.cat\/altcamp\/wp-json\/wp\/v2\/media?parent=11237"}],"wp:term":[{"taxonomy":"category","embeddable":true,"href":"https:\/\/serveiseducatius.xtec.cat\/altcamp\/wp-json\/wp\/v2\/categories?post=11237"},{"taxonomy":"post_tag","embeddable":true,"href":"https:\/\/serveiseducatius.xtec.cat\/altcamp\/wp-json\/wp\/v2\/tags?post=11237"}],"curies":[{"name":"wp","href":"https:\/\/api.w.org\/{rel}","templated":true}]}}