{"id":11011,"date":"2021-04-07T11:30:25","date_gmt":"2021-04-07T09:30:25","guid":{"rendered":"http:\/\/serveiseducatius.xtec.cat\/altcamp\/?p=11011"},"modified":"2023-03-14T15:36:59","modified_gmt":"2023-03-14T14:36:59","slug":"pla-de-les-escoles-lliures-de-violencies","status":"publish","type":"post","link":"https:\/\/serveiseducatius.xtec.cat\/altcamp\/actualitat\/pla-de-les-escoles-lliures-de-violencies\/","title":{"rendered":"Pla de les escoles lliures de viol\u00e8ncies"},"content":{"rendered":"<p><a href=\"http:\/\/educacio.gencat.cat\/web\/.content\/home\/departament\/linies-estrategiques\/escoles-lliures-violencies\/escoles-lliures-violencia.pdf\" target=\"_blank\" rel=\"noopener noreferrer\"><img loading=\"lazy\" decoding=\"async\" class=\"alignleft wp-image-11017 size-full\" src=\"https:\/\/serveiseducatius.xtec.cat\/altcamp\/wp-content\/uploads\/usu1130\/2021\/04\/lliure-violencies.png\" alt=\"\" width=\"305\" height=\"338\" srcset=\"https:\/\/serveiseducatius.xtec.cat\/altcamp\/wp-content\/uploads\/usu1130\/2021\/04\/lliure-violencies.png 305w, https:\/\/serveiseducatius.xtec.cat\/altcamp\/wp-content\/uploads\/usu1130\/2021\/04\/lliure-violencies-271x300.png 271w\" sizes=\"auto, (max-width: 305px) 100vw, 305px\" \/><\/a><\/p>\n<p><span style=\"font-family: verdana, sans-serif;\">Presentaci\u00f3 del <a href=\"http:\/\/educacio.gencat.cat\/ca\/departament\/linies-estrategiques\/escoles-lliures-de-violencies\/\" target=\"_blank\" rel=\"noopener noreferrer\" data-saferedirecturl=\"https:\/\/www.google.com\/url?q=http:\/\/educacio.gencat.cat\/ca\/departament\/linies-estrategiques\/escoles-lliures-de-violencies\/&amp;source=gmail&amp;ust=1617802935375000&amp;usg=AFQjCNHTp-aIeC3i4tYQfAn3Gs-PUPk0fQ\"><strong>Pla de les escoles lliures de viol\u00e8ncies<\/strong>\u00a0<\/a><strong>en format virtual.<\/strong>\u00a0En aquest acte es d<span class=\"gmail_default\">\u00f3<\/span>na el tret de sortida al Pla de les escoles lliures de viol\u00e8ncies, per tal de donar resposta a totes les situacions de viol\u00e8ncia en l&#8217;\u00e0mbit educatiu.<\/span><\/p>\n<p><span style=\"color: #800000;\">USAV- Unitat de Suport a l&#8217;Alumnat v\u00edctima de Viol\u00e8ncia<\/span><br \/>\n<span style=\"color: #800000;\"><strong>Correu: usav.educacio@gencat.cat<\/strong><\/span><br \/>\n<span style=\"color: #800000;\"><strong>Tel\u00e8fon: 900 92 30 98<\/strong><\/span><\/p>\n<p>&nbsp;<\/p>\n<p><span style=\"font-family: verdana, sans-serif;\">Jornada acompanyada d\u2019experteses en la tem\u00e0tica on es presentar\u00e0 la nova web app, una eina per denunciar situacions de viol\u00e8ncia, trencar el silenci i oferir ajuda especialitzada per a l&#8217;alumnat i tota la comunitat educativa.<\/span><\/p>\n<p>El programa consta de:<\/p>\n<p>\u00b7\u00a0\u00a0\u00a0\u00a0\u00a0\u00a0\u00a0Presentaci\u00f3 institucional.<\/p>\n<p>\u00b7\u00a0\u00a0\u00a0\u00a0\u00a0\u00a0\u00a0Presentaci\u00f3 de la Unitat de Suport a l&#8217;Alumnat en situaci\u00f3 de Viol\u00e8ncia (USAV).<\/p>\n<p>\u00b7\u00a0\u00a0\u00a0\u00a0\u00a0\u00a0\u00a0Entrevistes a c\u00e0rrec d\u2019expertes en viol\u00e8ncies<\/p>\n<p>o\u00a0\u00a0\u00a0Emilie Rivas, de Save the Children<\/p>\n<p>o\u00a0\u00a0\u00a0Montse Pineda, de Creaci\u00f3n Positiva<\/p>\n<p>o\u00a0\u00a0\u00a0Montserrat Vilarrasa, de Fundaci\u00f3 catalana s\u00edndrome de down<\/p>\n<p>\u00b7\u00a0\u00a0\u00a0\u00a0\u00a0\u00a0\u00a0Presentaci\u00f3 de l\u2019eina per a la comunicaci\u00f3 de casos<\/p>\n<div class=\"ast-oembed-container \" style=\"height: 100%;\"><iframe loading=\"lazy\" title=\"Presentaci\u00f3 del Pla les escoles lliures de viol\u00e8ncies\" width=\"500\" height=\"281\" src=\"https:\/\/www.youtube.com\/embed\/YBIJygo3iuo?feature=oembed\" frameborder=\"0\" allow=\"accelerometer; autoplay; clipboard-write; encrypted-media; gyroscope; picture-in-picture; web-share\" referrerpolicy=\"strict-origin-when-cross-origin\" allowfullscreen><\/iframe><\/div>\n<p style=\"font-family: 'Open Sans', Arial, Helvetica, sans-serif; font-size: 16px; color: #444444;\">FONT:\u00a0<a style=\"color: #087eb6; background: transparent; font-family: 'Open Sans', sans-serif;\" href=\"https:\/\/projectes.xtec.cat\/educacioinclusiva\/general\/presentacio-del-pla-de-les-escoles-lliures-de-violencies\/\" target=\"_blank\" rel=\"noopener noreferrer\">Nodes Educaci\u00f3 inclusiva<\/a><\/p>\n<p style=\"font-family: 'Open Sans', Arial, Helvetica, sans-serif; font-size: 16px; color: #444444;\">Hist\u00f2ricament s\u2019han tolerat actuacions i actituds d\u2019una societat que si s\u2019autoreconeix com a democr\u00e0tica no pot acceptar. Durant anys, la nostra societat ha silenciat casos de viol\u00e8ncia sexual que quan alg\u00fa s\u2019atreveix a denunciar, molts coincideixen a assenyalar que eren uns fets coneguts per tothom per\u00f2 que mai ning\u00fa va fer res per impedir. De la mateixa manera, moltes vegades s\u2019han menystingut casos greus d\u2019assetjament, de racisme, d\u2019homof\u00f2bia i molts comportaments masclistes, siguin lleus o greus.<\/p>\n<p style=\"font-family: 'Open Sans', Arial, Helvetica, sans-serif; font-size: 16px; color: #444444;\"><a href=\"http:\/\/educacio.gencat.cat\/web\/.content\/home\/departament\/linies-estrategiques\/escoles-lliures-violencies\/escoles-lliures-violencia.pdf\" target=\"_blank\" rel=\"noopener noreferrer\"><strong>Pla les escoles lliures de viol\u00e8ncies<\/strong> <\/a><\/p>\n","protected":false},"excerpt":{"rendered":"<p>Presentaci\u00f3 del Pla de les escoles lliures de viol\u00e8ncies\u00a0en format virtual.\u00a0En aquest acte es d\u00f3na el tret de sortida al Pla de les escoles lliures de viol\u00e8ncies, per tal de donar resposta a totes les situacions de viol\u00e8ncia en l&#8217;\u00e0mbit educatiu. USAV- Unitat de Suport a l&#8217;Alumnat v\u00edctima de Viol\u00e8ncia Correu: usav.educacio@gencat.cat Tel\u00e8fon: 900 92 [&hellip;]<\/p>\n","protected":false},"author":4,"featured_media":11017,"comment_status":"closed","ping_status":"closed","sticky":false,"template":"","format":"standard","meta":{"_bbp_topic_count":0,"_bbp_reply_count":0,"_bbp_total_topic_count":0,"_bbp_total_reply_count":0,"_bbp_voice_count":0,"_bbp_anonymous_reply_count":0,"_bbp_topic_count_hidden":0,"_bbp_reply_count_hidden":0,"_bbp_forum_subforum_count":0,"site-sidebar-layout":"default","site-content-layout":"","ast-site-content-layout":"","site-content-style":"default","site-sidebar-style":"default","ast-global-header-display":"","ast-banner-title-visibility":"","ast-main-header-display":"","ast-hfb-above-header-display":"","ast-hfb-below-header-display":"","ast-hfb-mobile-header-display":"","site-post-title":"","ast-breadcrumbs-content":"","ast-featured-img":"","footer-sml-layout":"","theme-transparent-header-meta":"","adv-header-id-meta":"","stick-header-meta":"","header-above-stick-meta":"","header-main-stick-meta":"","header-below-stick-meta":"","astra-migrate-meta-layouts":"default","ast-page-background-enabled":"default","ast-page-background-meta":{"desktop":{"background-color":"var(--ast-global-color-4)","background-image":"","background-repeat":"repeat","background-position":"center center","background-size":"auto","background-attachment":"scroll","background-type":"","background-media":"","overlay-type":"","overlay-color":"","overlay-opacity":"","overlay-gradient":""},"tablet":{"background-color":"","background-image":"","background-repeat":"repeat","background-position":"center center","background-size":"auto","background-attachment":"scroll","background-type":"","background-media":"","overlay-type":"","overlay-color":"","overlay-opacity":"","overlay-gradient":""},"mobile":{"background-color":"","background-image":"","background-repeat":"repeat","background-position":"center center","background-size":"auto","background-attachment":"scroll","background-type":"","background-media":"","overlay-type":"","overlay-color":"","overlay-opacity":"","overlay-gradient":""}},"ast-content-background-meta":{"desktop":{"background-color":"var(--ast-global-color-5)","background-image":"","background-repeat":"repeat","background-position":"center center","background-size":"auto","background-attachment":"scroll","background-type":"","background-media":"","overlay-type":"","overlay-color":"","overlay-opacity":"","overlay-gradient":""},"tablet":{"background-color":"var(--ast-global-color-5)","background-image":"","background-repeat":"repeat","background-position":"center center","background-size":"auto","background-attachment":"scroll","background-type":"","background-media":"","overlay-type":"","overlay-color":"","overlay-opacity":"","overlay-gradient":""},"mobile":{"background-color":"var(--ast-global-color-5)","background-image":"","background-repeat":"repeat","background-position":"center center","background-size":"auto","background-attachment":"scroll","background-type":"","background-media":"","overlay-type":"","overlay-color":"","overlay-opacity":"","overlay-gradient":""}},"footnotes":""},"categories":[282,1264,287],"tags":[381,686,207,333,687],"class_list":["post-11011","post","type-post","status-publish","format-standard","has-post-thumbnail","hentry","category-actualitat","category-bullying","category-recomanem","tag-convivencia","tag-lelv","tag-professorat","tag-valors","tag-violencies"],"post_mailing_queue_ids":[],"_links":{"self":[{"href":"https:\/\/serveiseducatius.xtec.cat\/altcamp\/wp-json\/wp\/v2\/posts\/11011","targetHints":{"allow":["GET"]}}],"collection":[{"href":"https:\/\/serveiseducatius.xtec.cat\/altcamp\/wp-json\/wp\/v2\/posts"}],"about":[{"href":"https:\/\/serveiseducatius.xtec.cat\/altcamp\/wp-json\/wp\/v2\/types\/post"}],"author":[{"embeddable":true,"href":"https:\/\/serveiseducatius.xtec.cat\/altcamp\/wp-json\/wp\/v2\/users\/4"}],"replies":[{"embeddable":true,"href":"https:\/\/serveiseducatius.xtec.cat\/altcamp\/wp-json\/wp\/v2\/comments?post=11011"}],"version-history":[{"count":3,"href":"https:\/\/serveiseducatius.xtec.cat\/altcamp\/wp-json\/wp\/v2\/posts\/11011\/revisions"}],"predecessor-version":[{"id":11046,"href":"https:\/\/serveiseducatius.xtec.cat\/altcamp\/wp-json\/wp\/v2\/posts\/11011\/revisions\/11046"}],"wp:featuredmedia":[{"embeddable":true,"href":"https:\/\/serveiseducatius.xtec.cat\/altcamp\/wp-json\/wp\/v2\/media\/11017"}],"wp:attachment":[{"href":"https:\/\/serveiseducatius.xtec.cat\/altcamp\/wp-json\/wp\/v2\/media?parent=11011"}],"wp:term":[{"taxonomy":"category","embeddable":true,"href":"https:\/\/serveiseducatius.xtec.cat\/altcamp\/wp-json\/wp\/v2\/categories?post=11011"},{"taxonomy":"post_tag","embeddable":true,"href":"https:\/\/serveiseducatius.xtec.cat\/altcamp\/wp-json\/wp\/v2\/tags?post=11011"}],"curies":[{"name":"wp","href":"https:\/\/api.w.org\/{rel}","templated":true}]}}