{"id":10748,"date":"2021-01-29T12:54:03","date_gmt":"2021-01-29T11:54:03","guid":{"rendered":"http:\/\/serveiseducatius.xtec.cat\/altcamp\/?p=10748"},"modified":"2021-01-29T12:54:03","modified_gmt":"2021-01-29T11:54:03","slug":"formacio-joan-brossa-a-laula","status":"publish","type":"post","link":"https:\/\/serveiseducatius.xtec.cat\/altcamp\/general\/formacio-joan-brossa-a-laula\/","title":{"rendered":"Formaci\u00f3. Joan Brossa a l&#8217;aula"},"content":{"rendered":"<p><a href=\"https:\/\/www.fundaciojoanbrossa.cat\/educacio\/formaci%C3%B3-per-a-docents\/capsules-formatives-la-clau-de-la-clau\/\" target=\"_blank\" rel=\"noopener noreferrer\"><img loading=\"lazy\" decoding=\"async\" class=\"alignnone wp-image-10749 size-full\" src=\"https:\/\/serveiseducatius.xtec.cat\/altcamp\/wp-content\/uploads\/usu1130\/2021\/01\/fundacio-Brossa.jpg\" alt=\"\" width=\"482\" height=\"295\" srcset=\"https:\/\/serveiseducatius.xtec.cat\/altcamp\/wp-content\/uploads\/usu1130\/2021\/01\/fundacio-Brossa.jpg 482w, https:\/\/serveiseducatius.xtec.cat\/altcamp\/wp-content\/uploads\/usu1130\/2021\/01\/fundacio-Brossa-300x184.jpg 300w\" sizes=\"auto, (max-width: 482px) 100vw, 482px\" \/><\/a><\/p>\n<p>Amb la finalitat d\u2019acostar la vida i l\u2019obra de Joan Brossa al personal docent de tots els nivells educatius, la <a href=\"https:\/\/www.fundaciojoanbrossa.cat\/educacio\/formaci%C3%B3-per-a-docents\/capsules-formatives-la-clau-de-la-clau\/\" target=\"_blank\" rel=\"noopener noreferrer\">Fundaci\u00f3 Joan Brossa<\/a> ha preparat diferents sessions de formaci\u00f3 totalment independents entre elles que defugen del relat convencional i de les experi\u00e8ncies passives. Es tracta de plantejar din\u00e0miques de treball participatives que suggereixin actituds innovadores i mirades creatives, que defugin de les etiquetes, que construeixin un relat des del silenci i que mostrin un Brossa global i transversal.<\/p>\n<p>Aquest curs consta de quatre sessions presencials i de la preparaci\u00f3 d\u2019una unitat did\u00e0ctica per aplicar a l\u2019aula a partir dels aprenentatges adquirits. Els participants reben una acreditaci\u00f3 formativa per part del Consorci d\u2019Educaci\u00f3.<\/p>\n<p><strong>Horaris de realitzaci\u00f3:<\/strong><\/p>\n<p>C\u00e0psula 1. Dilluns 15 de febrer de 2021 a les 17.30h.<br \/>\nC\u00e0psula 2. Dilluns 15 de mar\u00e7 de 2021 a les 17.30h.<br \/>\nC\u00e0psula 3. Dilluns 12 d\u2019abril de 2021 a les 17.30h.<br \/>\nC\u00e0psula 4. Dilluns 10 de maig de 2021 a les 17.30h.<br \/>\nDurada: 2.30h cada sessi\u00f3<\/p>\n<p><strong>N\u00famero m\u00ednim de docents per c\u00e0psula: 12 docents<\/strong><br \/>\nFormaci\u00f3 gratu\u00efta amb inscripci\u00f3 obligat\u00f2ria<br \/>\nInscripci\u00f3: caldr\u00e0 enviar un correu electr\u00f2nic a jbarnes@fundaciojoanbrossa.cat abans del 22 de gener del 2021.<\/p>\n<p><a href=\"https:\/\/www.fundaciojoanbrossa.cat\/educacio\/formaci%C3%B3-per-a-docents\/capsules-formatives-la-clau-de-la-clau\/\" target=\"_blank\" rel=\"noopener noreferrer\">M\u00e9s informaci\u00f3<\/a><\/p>\n","protected":false},"excerpt":{"rendered":"<p>Amb la finalitat d\u2019acostar la vida i l\u2019obra de Joan Brossa al personal docent de tots els nivells educatius, la Fundaci\u00f3 Joan Brossa ha preparat diferents sessions de formaci\u00f3 totalment independents entre elles que defugen del relat convencional i de les experi\u00e8ncies passives. Es tracta de plantejar din\u00e0miques de treball participatives que suggereixin actituds innovadores [&hellip;]<\/p>\n","protected":false},"author":4,"featured_media":10749,"comment_status":"closed","ping_status":"closed","sticky":false,"template":"","format":"standard","meta":{"_bbp_topic_count":0,"_bbp_reply_count":0,"_bbp_total_topic_count":0,"_bbp_total_reply_count":0,"_bbp_voice_count":0,"_bbp_anonymous_reply_count":0,"_bbp_topic_count_hidden":0,"_bbp_reply_count_hidden":0,"_bbp_forum_subforum_count":0,"site-sidebar-layout":"default","site-content-layout":"","ast-site-content-layout":"","site-content-style":"default","site-sidebar-style":"default","ast-global-header-display":"","ast-banner-title-visibility":"","ast-main-header-display":"","ast-hfb-above-header-display":"","ast-hfb-below-header-display":"","ast-hfb-mobile-header-display":"","site-post-title":"","ast-breadcrumbs-content":"","ast-featured-img":"","footer-sml-layout":"","theme-transparent-header-meta":"","adv-header-id-meta":"","stick-header-meta":"","header-above-stick-meta":"","header-main-stick-meta":"","header-below-stick-meta":"","astra-migrate-meta-layouts":"default","ast-page-background-enabled":"default","ast-page-background-meta":{"desktop":{"background-color":"var(--ast-global-color-4)","background-image":"","background-repeat":"repeat","background-position":"center center","background-size":"auto","background-attachment":"scroll","background-type":"","background-media":"","overlay-type":"","overlay-color":"","overlay-opacity":"","overlay-gradient":""},"tablet":{"background-color":"","background-image":"","background-repeat":"repeat","background-position":"center center","background-size":"auto","background-attachment":"scroll","background-type":"","background-media":"","overlay-type":"","overlay-color":"","overlay-opacity":"","overlay-gradient":""},"mobile":{"background-color":"","background-image":"","background-repeat":"repeat","background-position":"center center","background-size":"auto","background-attachment":"scroll","background-type":"","background-media":"","overlay-type":"","overlay-color":"","overlay-opacity":"","overlay-gradient":""}},"ast-content-background-meta":{"desktop":{"background-color":"var(--ast-global-color-5)","background-image":"","background-repeat":"repeat","background-position":"center center","background-size":"auto","background-attachment":"scroll","background-type":"","background-media":"","overlay-type":"","overlay-color":"","overlay-opacity":"","overlay-gradient":""},"tablet":{"background-color":"var(--ast-global-color-5)","background-image":"","background-repeat":"repeat","background-position":"center center","background-size":"auto","background-attachment":"scroll","background-type":"","background-media":"","overlay-type":"","overlay-color":"","overlay-opacity":"","overlay-gradient":""},"mobile":{"background-color":"var(--ast-global-color-5)","background-image":"","background-repeat":"repeat","background-position":"center center","background-size":"auto","background-attachment":"scroll","background-type":"","background-media":"","overlay-type":"","overlay-color":"","overlay-opacity":"","overlay-gradient":""}},"footnotes":""},"categories":[282,1],"tags":[226,646,207],"class_list":["post-10748","post","type-post","status-publish","format-standard","has-post-thumbnail","hentry","category-actualitat","category-general","tag-formacio","tag-joan-brossa","tag-professorat"],"post_mailing_queue_ids":[],"_links":{"self":[{"href":"https:\/\/serveiseducatius.xtec.cat\/altcamp\/wp-json\/wp\/v2\/posts\/10748","targetHints":{"allow":["GET"]}}],"collection":[{"href":"https:\/\/serveiseducatius.xtec.cat\/altcamp\/wp-json\/wp\/v2\/posts"}],"about":[{"href":"https:\/\/serveiseducatius.xtec.cat\/altcamp\/wp-json\/wp\/v2\/types\/post"}],"author":[{"embeddable":true,"href":"https:\/\/serveiseducatius.xtec.cat\/altcamp\/wp-json\/wp\/v2\/users\/4"}],"replies":[{"embeddable":true,"href":"https:\/\/serveiseducatius.xtec.cat\/altcamp\/wp-json\/wp\/v2\/comments?post=10748"}],"version-history":[{"count":1,"href":"https:\/\/serveiseducatius.xtec.cat\/altcamp\/wp-json\/wp\/v2\/posts\/10748\/revisions"}],"predecessor-version":[{"id":10750,"href":"https:\/\/serveiseducatius.xtec.cat\/altcamp\/wp-json\/wp\/v2\/posts\/10748\/revisions\/10750"}],"wp:featuredmedia":[{"embeddable":true,"href":"https:\/\/serveiseducatius.xtec.cat\/altcamp\/wp-json\/wp\/v2\/media\/10749"}],"wp:attachment":[{"href":"https:\/\/serveiseducatius.xtec.cat\/altcamp\/wp-json\/wp\/v2\/media?parent=10748"}],"wp:term":[{"taxonomy":"category","embeddable":true,"href":"https:\/\/serveiseducatius.xtec.cat\/altcamp\/wp-json\/wp\/v2\/categories?post=10748"},{"taxonomy":"post_tag","embeddable":true,"href":"https:\/\/serveiseducatius.xtec.cat\/altcamp\/wp-json\/wp\/v2\/tags?post=10748"}],"curies":[{"name":"wp","href":"https:\/\/api.w.org\/{rel}","templated":true}]}}