{"id":10494,"date":"2020-11-10T12:26:57","date_gmt":"2020-11-10T11:26:57","guid":{"rendered":"http:\/\/serveiseducatius.xtec.cat\/altcamp\/?p=10494"},"modified":"2020-11-10T12:26:57","modified_gmt":"2020-11-10T11:26:57","slug":"setmana-europea-de-la-prevencio-de-residus","status":"publish","type":"post","link":"https:\/\/serveiseducatius.xtec.cat\/altcamp\/dinamitzacio\/escoles-verdes\/setmana-europea-de-la-prevencio-de-residus\/","title":{"rendered":"Setmana Europea de la Prevenci\u00f3 de Residus"},"content":{"rendered":"<p><a href=\"http:\/\/residus.gencat.cat\/ca\/ambits_dactuacio\/prevencio\/setmana_europea\/\" target=\"_blank\" rel=\"noopener noreferrer\"><img loading=\"lazy\" decoding=\"async\" class=\"wp-image-10495 size-full aligncenter\" src=\"https:\/\/serveiseducatius.xtec.cat\/altcamp\/wp-content\/uploads\/usu1130\/2020\/11\/Prevencio-residus.png\" alt=\"\" width=\"512\" height=\"398\" srcset=\"https:\/\/serveiseducatius.xtec.cat\/altcamp\/wp-content\/uploads\/usu1130\/2020\/11\/Prevencio-residus.png 512w, https:\/\/serveiseducatius.xtec.cat\/altcamp\/wp-content\/uploads\/usu1130\/2020\/11\/Prevencio-residus-300x233.png 300w\" sizes=\"auto, (max-width: 512px) 100vw, 512px\" \/><\/a><\/p>\n<p>La <a href=\"http:\/\/residus.gencat.cat\/ca\/ambits_dactuacio\/prevencio\/setmana_europea\/\" target=\"_blank\" rel=\"noopener noreferrer\">Setmana Europea de la Prevenci\u00f3 de Residus<\/a> neix d&#8217;un projecte de 3 anys que rep el suport del programa LIFE+ de la Comissi\u00f3 Europea. L&#8217;objectiu \u00e9s organitzar durant una mateixa setmana i arreu d&#8217;Europa, accions de sensibilitzaci\u00f3 sobre la prevenci\u00f3 de residus.<\/p>\n<p>Una Setmana Europea per:<\/p>\n<ul>\n<li>Donar a con\u00e8ixer estrat\u00e8gies de reducci\u00f3 de residus i la pol\u00edtica de la Uni\u00f3 Europea i dels seus Estats membres en aquesta mat\u00e8ria.<\/li>\n<li>Fomentar accions sostenibles per reduir els residus arreu d&#8217;Europa.<\/li>\n<li>Fer p\u00fablic les tasques dutes a terme pels diversos actors mitjan\u00e7ant exemples concrets de reducci\u00f3 de residus.<\/li>\n<li>Fer canviar el comportament quotidi\u00e0 dels europeus (consum, producci\u00f3).<\/li>\n<\/ul>\n<p><a href=\"http:\/\/residus.gencat.cat\/ca\/ambits_dactuacio\/prevencio\/setmana_europea\/\" target=\"_blank\" rel=\"noopener noreferrer\"><strong>M\u00e9s informaci\u00f3<\/strong><\/a><\/p>\n<p>Aquesta edici\u00f3 se celebrar\u00e0 del\u00a0<strong>21 al 29 de novembre de 2020<\/strong>.<\/p>\n<div class=\"ast-oembed-container \" style=\"height: 100%;\"><iframe loading=\"lazy\" title=\"Crida la participaci\u00f3 a la Setmana Europea de la Prevenci\u00f3 de Residus 2020!\" width=\"500\" height=\"281\" src=\"https:\/\/www.youtube.com\/embed\/nrIeUQVBsCA?feature=oembed\" frameborder=\"0\" allow=\"accelerometer; autoplay; clipboard-write; encrypted-media; gyroscope; picture-in-picture; web-share\" referrerpolicy=\"strict-origin-when-cross-origin\" allowfullscreen><\/iframe><\/div>\n","protected":false},"excerpt":{"rendered":"<p>La Setmana Europea de la Prevenci\u00f3 de Residus neix d&#8217;un projecte de 3 anys que rep el suport del programa LIFE+ de la Comissi\u00f3 Europea. L&#8217;objectiu \u00e9s organitzar durant una mateixa setmana i arreu d&#8217;Europa, accions de sensibilitzaci\u00f3 sobre la prevenci\u00f3 de residus. Una Setmana Europea per: Donar a con\u00e8ixer estrat\u00e8gies de reducci\u00f3 de residus [&hellip;]<\/p>\n","protected":false},"author":4,"featured_media":10495,"comment_status":"closed","ping_status":"closed","sticky":false,"template":"","format":"standard","meta":{"_bbp_topic_count":0,"_bbp_reply_count":0,"_bbp_total_topic_count":0,"_bbp_total_reply_count":0,"_bbp_voice_count":0,"_bbp_anonymous_reply_count":0,"_bbp_topic_count_hidden":0,"_bbp_reply_count_hidden":0,"_bbp_forum_subforum_count":0,"site-sidebar-layout":"default","site-content-layout":"","ast-site-content-layout":"","site-content-style":"default","site-sidebar-style":"default","ast-global-header-display":"","ast-banner-title-visibility":"","ast-main-header-display":"","ast-hfb-above-header-display":"","ast-hfb-below-header-display":"","ast-hfb-mobile-header-display":"","site-post-title":"","ast-breadcrumbs-content":"","ast-featured-img":"","footer-sml-layout":"","theme-transparent-header-meta":"","adv-header-id-meta":"","stick-header-meta":"","header-above-stick-meta":"","header-main-stick-meta":"","header-below-stick-meta":"","astra-migrate-meta-layouts":"default","ast-page-background-enabled":"default","ast-page-background-meta":{"desktop":{"background-color":"var(--ast-global-color-4)","background-image":"","background-repeat":"repeat","background-position":"center center","background-size":"auto","background-attachment":"scroll","background-type":"","background-media":"","overlay-type":"","overlay-color":"","overlay-opacity":"","overlay-gradient":""},"tablet":{"background-color":"","background-image":"","background-repeat":"repeat","background-position":"center center","background-size":"auto","background-attachment":"scroll","background-type":"","background-media":"","overlay-type":"","overlay-color":"","overlay-opacity":"","overlay-gradient":""},"mobile":{"background-color":"","background-image":"","background-repeat":"repeat","background-position":"center center","background-size":"auto","background-attachment":"scroll","background-type":"","background-media":"","overlay-type":"","overlay-color":"","overlay-opacity":"","overlay-gradient":""}},"ast-content-background-meta":{"desktop":{"background-color":"var(--ast-global-color-5)","background-image":"","background-repeat":"repeat","background-position":"center center","background-size":"auto","background-attachment":"scroll","background-type":"","background-media":"","overlay-type":"","overlay-color":"","overlay-opacity":"","overlay-gradient":""},"tablet":{"background-color":"var(--ast-global-color-5)","background-image":"","background-repeat":"repeat","background-position":"center center","background-size":"auto","background-attachment":"scroll","background-type":"","background-media":"","overlay-type":"","overlay-color":"","overlay-opacity":"","overlay-gradient":""},"mobile":{"background-color":"var(--ast-global-color-5)","background-image":"","background-repeat":"repeat","background-position":"center center","background-size":"auto","background-attachment":"scroll","background-type":"","background-media":"","overlay-type":"","overlay-color":"","overlay-opacity":"","overlay-gradient":""}},"footnotes":""},"categories":[282,262],"tags":[586,486,587,403,310,585,341],"class_list":["post-10494","post","type-post","status-publish","format-standard","has-post-thumbnail","hentry","category-actualitat","category-escoles-verdes","tag-consum-responsable","tag-educacio-ambiental","tag-educacion-en-valors","tag-escoles-verdes","tag-medi-ambient","tag-residus","tag-sostenibilitat"],"post_mailing_queue_ids":[],"_links":{"self":[{"href":"https:\/\/serveiseducatius.xtec.cat\/altcamp\/wp-json\/wp\/v2\/posts\/10494","targetHints":{"allow":["GET"]}}],"collection":[{"href":"https:\/\/serveiseducatius.xtec.cat\/altcamp\/wp-json\/wp\/v2\/posts"}],"about":[{"href":"https:\/\/serveiseducatius.xtec.cat\/altcamp\/wp-json\/wp\/v2\/types\/post"}],"author":[{"embeddable":true,"href":"https:\/\/serveiseducatius.xtec.cat\/altcamp\/wp-json\/wp\/v2\/users\/4"}],"replies":[{"embeddable":true,"href":"https:\/\/serveiseducatius.xtec.cat\/altcamp\/wp-json\/wp\/v2\/comments?post=10494"}],"version-history":[{"count":1,"href":"https:\/\/serveiseducatius.xtec.cat\/altcamp\/wp-json\/wp\/v2\/posts\/10494\/revisions"}],"predecessor-version":[{"id":10496,"href":"https:\/\/serveiseducatius.xtec.cat\/altcamp\/wp-json\/wp\/v2\/posts\/10494\/revisions\/10496"}],"wp:featuredmedia":[{"embeddable":true,"href":"https:\/\/serveiseducatius.xtec.cat\/altcamp\/wp-json\/wp\/v2\/media\/10495"}],"wp:attachment":[{"href":"https:\/\/serveiseducatius.xtec.cat\/altcamp\/wp-json\/wp\/v2\/media?parent=10494"}],"wp:term":[{"taxonomy":"category","embeddable":true,"href":"https:\/\/serveiseducatius.xtec.cat\/altcamp\/wp-json\/wp\/v2\/categories?post=10494"},{"taxonomy":"post_tag","embeddable":true,"href":"https:\/\/serveiseducatius.xtec.cat\/altcamp\/wp-json\/wp\/v2\/tags?post=10494"}],"curies":[{"name":"wp","href":"https:\/\/api.w.org\/{rel}","templated":true}]}}