{"id":10451,"date":"2020-11-03T08:21:38","date_gmt":"2020-11-03T07:21:38","guid":{"rendered":"http:\/\/serveiseducatius.xtec.cat\/altcamp\/?p=10451"},"modified":"2020-11-03T08:21:38","modified_gmt":"2020-11-03T07:21:38","slug":"premis-de-natura-de-liev","status":"publish","type":"post","link":"https:\/\/serveiseducatius.xtec.cat\/altcamp\/dinamitzacio\/escoles-verdes\/premis-de-natura-de-liev\/","title":{"rendered":"Premis de natura de l&#8217;IEV"},"content":{"rendered":"<p><a href=\"https:\/\/drive.google.com\/file\/d\/0B7PcXcNOvpBHWVNodUl3RHJMRzlvcllqVGpBTEtkeHAtR1Bn\/view\" target=\"_blank\" rel=\"noopener noreferrer\"><img loading=\"lazy\" decoding=\"async\" class=\"alignnone wp-image-10452\" src=\"https:\/\/serveiseducatius.xtec.cat\/altcamp\/wp-content\/uploads\/usu1130\/2020\/11\/premi-natura-1024x547.jpg\" alt=\"\" width=\"724\" height=\"387\" srcset=\"https:\/\/serveiseducatius.xtec.cat\/altcamp\/wp-content\/uploads\/usu1130\/2020\/11\/premi-natura-1024x547.jpg 1024w, https:\/\/serveiseducatius.xtec.cat\/altcamp\/wp-content\/uploads\/usu1130\/2020\/11\/premi-natura-300x160.jpg 300w, https:\/\/serveiseducatius.xtec.cat\/altcamp\/wp-content\/uploads\/usu1130\/2020\/11\/premi-natura-768x410.jpg 768w, https:\/\/serveiseducatius.xtec.cat\/altcamp\/wp-content\/uploads\/usu1130\/2020\/11\/premi-natura.jpg 1336w\" sizes=\"auto, (max-width: 724px) 100vw, 724px\" \/><\/a><\/p>\n<p><strong>Fins el 10 de novembre<\/strong><\/p>\n<div><span style=\"font-size: large;\">Termini de presentaci\u00f3 de treballs als premis de natura de l&#8217;IEV.<\/span><\/div>\n<div><span style=\"font-size: large;\">ESCOLES, INSTITUTS, MAJORS DE 18 ANYS, podeu presentar els vostres treballs de recerca in\u00e8dits sobre qualsevol aspecte de la natura i el medi ambient que agafi com a marc f\u00edsic l&#8217;Alt Camp.<\/span><\/div>\n<div><span style=\"font-size: large;\">PODEU ENVIAR ELS TREBALLS per correu electr\u00f2nic a <a href=\"mailto:iev@iev.cat\" target=\"_blank\" rel=\"noopener noreferrer\">iev@iev.cat<\/a> o mitjan\u00e7ant wetransfer.<\/span><\/div>\n<div><b><span style=\"color: #0000ff; font-size: large;\"><a href=\"https:\/\/iev.cat\/premis-i-convocatories\/\" target=\"_blank\" rel=\"noopener noreferrer\" data-saferedirecturl=\"https:\/\/www.google.com\/url?q=https:\/\/iev.cat\/premis-i-convocatories\/&amp;source=gmail&amp;ust=1604473595498000&amp;usg=AFQjCNGybpUmC7Jl3EvExKxD_ExO5uxkzA\">https:\/\/iev.cat\/premis-i-<wbr \/>convocatories\/<\/a>\u00a0<\/span><\/b><i><span style=\"font-size: large;\"><br \/>\n<\/span><\/i><\/div>\n<div><i><span style=\"font-size: large;\">\u00a0<\/span><\/i><\/div>\n<div><span style=\"font-size: large;\"><i>El lliurament dels premis tindr\u00e0 lloc el dilluns 30 de novembre.<\/i><\/span><\/div>\n<div><\/div>\n<div>\n<p>Podran participar en aquest premi tots els treballs de recerca in\u00e8dits sobre qualsevol aspecte de la natura i el medi ambient que agafi com a marc f\u00edsic l\u2019Alt Camp. El jurat valorar\u00e0 que es treballin temes d\u2019educaci\u00f3 ambiental com la recollida selectiva i la reducci\u00f3 de residus, l\u2019estalvi d\u2019aigua i d\u2019energia, la mobilitat sostenible, el coneixement del nostre entorn natural, els jardins i els ecosistemes urbans, la utilitzaci\u00f3 responsable dels recursos i la conscienciaci\u00f3 sobre la preservaci\u00f3 del medi ambient en el nostre entorn.<\/p>\n<p>Aquesta convocat\u00f2ria queda establerta en 5 modalitats i un premi especial:<\/p>\n<p><strong>Modalitat a:<\/strong> Consistir\u00e0 en la realitzaci\u00f3 d\u2019un treball \u00fanic per a tot el grup-classe o un treball en petit grup, que podr\u00e0 ser un tema de recerca, un mural, una auca, un joc o una proposta TIC. Destinat a alumnat d\u2019educaci\u00f3 infantil. El jurat valorar\u00e0 que es vetlli per minimitzar recursos i\/o utilitzar-ne de sostenibles en la presentaci\u00f3 del treball.<\/p>\n<p><strong>Modalitat b:<\/strong> Consistir\u00e0 en la realitzaci\u00f3 d\u2019un treball \u00fanic per a tot el grup-classe o un treball en petit grup, que podr\u00e0 ser un tema de recerca, un mural, una auca, un joc o una proposta TIC. Destinat a alumnat d\u2019educaci\u00f3 prim\u00e0ria. El jurat valorar\u00e0 que es vetlli per minimitzar recursos i\/o utilitzar-ne de sostenibles en la presentaci\u00f3 del treball.<\/p>\n<p><strong>Modalitat c<\/strong>: treballs individuals o en petit grup presentats per alumnat d\u2019educaci\u00f3 secund\u00e0ria obligat\u00f2ria.<\/p>\n<p><strong>Modalitat d<\/strong>: treballs presentats per alumnat de batxillerat o de cicles formatius.<\/p>\n<p><strong>Modalitat e<\/strong>: treballs presentats per persones de m\u00e9s de divuit anys.<\/p>\n<p><strong>Premi especial <em>Els Torrents de Valls<\/em><\/strong>: Treballs presentats a qualsevol de les modalitats anteriors que tractin el singular tema dels Torrents de Valls i que no hagin resultat premiats dins la modalitat.<\/p>\n<p><a href=\"https:\/\/drive.google.com\/file\/d\/0B7PcXcNOvpBHWVNodUl3RHJMRzlvcllqVGpBTEtkeHAtR1Bn\/view\" target=\"_blank\" rel=\"noopener noreferrer\"><strong>Consulteu les bases<\/strong><\/a><\/p>\n<\/div>\n","protected":false},"excerpt":{"rendered":"<p>Fins el 10 de novembre Termini de presentaci\u00f3 de treballs als premis de natura de l&#8217;IEV. ESCOLES, INSTITUTS, MAJORS DE 18 ANYS, podeu presentar els vostres treballs de recerca in\u00e8dits sobre qualsevol aspecte de la natura i el medi ambient que agafi com a marc f\u00edsic l&#8217;Alt Camp. PODEU ENVIAR ELS TREBALLS per correu electr\u00f2nic [&hellip;]<\/p>\n","protected":false},"author":4,"featured_media":10452,"comment_status":"closed","ping_status":"closed","sticky":false,"template":"","format":"standard","meta":{"_bbp_topic_count":0,"_bbp_reply_count":0,"_bbp_total_topic_count":0,"_bbp_total_reply_count":0,"_bbp_voice_count":0,"_bbp_anonymous_reply_count":0,"_bbp_topic_count_hidden":0,"_bbp_reply_count_hidden":0,"_bbp_forum_subforum_count":0,"site-sidebar-layout":"default","site-content-layout":"","ast-site-content-layout":"","site-content-style":"default","site-sidebar-style":"default","ast-global-header-display":"","ast-banner-title-visibility":"","ast-main-header-display":"","ast-hfb-above-header-display":"","ast-hfb-below-header-display":"","ast-hfb-mobile-header-display":"","site-post-title":"","ast-breadcrumbs-content":"","ast-featured-img":"","footer-sml-layout":"","theme-transparent-header-meta":"","adv-header-id-meta":"","stick-header-meta":"","header-above-stick-meta":"","header-main-stick-meta":"","header-below-stick-meta":"","astra-migrate-meta-layouts":"default","ast-page-background-enabled":"default","ast-page-background-meta":{"desktop":{"background-color":"var(--ast-global-color-4)","background-image":"","background-repeat":"repeat","background-position":"center center","background-size":"auto","background-attachment":"scroll","background-type":"","background-media":"","overlay-type":"","overlay-color":"","overlay-opacity":"","overlay-gradient":""},"tablet":{"background-color":"","background-image":"","background-repeat":"repeat","background-position":"center center","background-size":"auto","background-attachment":"scroll","background-type":"","background-media":"","overlay-type":"","overlay-color":"","overlay-opacity":"","overlay-gradient":""},"mobile":{"background-color":"","background-image":"","background-repeat":"repeat","background-position":"center center","background-size":"auto","background-attachment":"scroll","background-type":"","background-media":"","overlay-type":"","overlay-color":"","overlay-opacity":"","overlay-gradient":""}},"ast-content-background-meta":{"desktop":{"background-color":"var(--ast-global-color-5)","background-image":"","background-repeat":"repeat","background-position":"center center","background-size":"auto","background-attachment":"scroll","background-type":"","background-media":"","overlay-type":"","overlay-color":"","overlay-opacity":"","overlay-gradient":""},"tablet":{"background-color":"var(--ast-global-color-5)","background-image":"","background-repeat":"repeat","background-position":"center center","background-size":"auto","background-attachment":"scroll","background-type":"","background-media":"","overlay-type":"","overlay-color":"","overlay-opacity":"","overlay-gradient":""},"mobile":{"background-color":"var(--ast-global-color-5)","background-image":"","background-repeat":"repeat","background-position":"center center","background-size":"auto","background-attachment":"scroll","background-type":"","background-media":"","overlay-type":"","overlay-color":"","overlay-opacity":"","overlay-gradient":""}},"footnotes":""},"categories":[282,262],"tags":[403,423,284,572],"class_list":["post-10451","post","type-post","status-publish","format-standard","has-post-thumbnail","hentry","category-actualitat","category-escoles-verdes","tag-escoles-verdes","tag-natura","tag-premis","tag-torrents-de-valls"],"post_mailing_queue_ids":[],"_links":{"self":[{"href":"https:\/\/serveiseducatius.xtec.cat\/altcamp\/wp-json\/wp\/v2\/posts\/10451","targetHints":{"allow":["GET"]}}],"collection":[{"href":"https:\/\/serveiseducatius.xtec.cat\/altcamp\/wp-json\/wp\/v2\/posts"}],"about":[{"href":"https:\/\/serveiseducatius.xtec.cat\/altcamp\/wp-json\/wp\/v2\/types\/post"}],"author":[{"embeddable":true,"href":"https:\/\/serveiseducatius.xtec.cat\/altcamp\/wp-json\/wp\/v2\/users\/4"}],"replies":[{"embeddable":true,"href":"https:\/\/serveiseducatius.xtec.cat\/altcamp\/wp-json\/wp\/v2\/comments?post=10451"}],"version-history":[{"count":1,"href":"https:\/\/serveiseducatius.xtec.cat\/altcamp\/wp-json\/wp\/v2\/posts\/10451\/revisions"}],"predecessor-version":[{"id":10453,"href":"https:\/\/serveiseducatius.xtec.cat\/altcamp\/wp-json\/wp\/v2\/posts\/10451\/revisions\/10453"}],"wp:featuredmedia":[{"embeddable":true,"href":"https:\/\/serveiseducatius.xtec.cat\/altcamp\/wp-json\/wp\/v2\/media\/10452"}],"wp:attachment":[{"href":"https:\/\/serveiseducatius.xtec.cat\/altcamp\/wp-json\/wp\/v2\/media?parent=10451"}],"wp:term":[{"taxonomy":"category","embeddable":true,"href":"https:\/\/serveiseducatius.xtec.cat\/altcamp\/wp-json\/wp\/v2\/categories?post=10451"},{"taxonomy":"post_tag","embeddable":true,"href":"https:\/\/serveiseducatius.xtec.cat\/altcamp\/wp-json\/wp\/v2\/tags?post=10451"}],"curies":[{"name":"wp","href":"https:\/\/api.w.org\/{rel}","templated":true}]}}