{"id":10303,"date":"2020-09-30T11:50:47","date_gmt":"2020-09-30T09:50:47","guid":{"rendered":"http:\/\/serveiseducatius.xtec.cat\/altcamp\/?p=10303"},"modified":"2020-09-30T11:50:47","modified_gmt":"2020-09-30T09:50:47","slug":"setmana-de-la-natura-2020","status":"publish","type":"post","link":"https:\/\/serveiseducatius.xtec.cat\/altcamp\/dinamitzacio\/escoles-verdes\/setmana-de-la-natura-2020\/","title":{"rendered":"Setmana de la natura 2020"},"content":{"rendered":"<p><a href=\"https:\/\/setmananatura.cat\/2020\/#!\/llistat\" target=\"_blank\" rel=\"noopener noreferrer\"><img loading=\"lazy\" decoding=\"async\" class=\"alignnone wp-image-10304 size-full\" src=\"https:\/\/serveiseducatius.xtec.cat\/altcamp\/wp-content\/uploads\/usu1130\/2020\/09\/setmana-natura.png\" alt=\"\" width=\"512\" height=\"265\" srcset=\"https:\/\/serveiseducatius.xtec.cat\/altcamp\/wp-content\/uploads\/usu1130\/2020\/09\/setmana-natura.png 512w, https:\/\/serveiseducatius.xtec.cat\/altcamp\/wp-content\/uploads\/usu1130\/2020\/09\/setmana-natura-300x155.png 300w\" sizes=\"auto, (max-width: 512px) 100vw, 512px\" \/><\/a><\/p>\n<h5><a href=\"https:\/\/setmananatura.cat\/2020\/#!\/llistat\" target=\"_blank\" rel=\"noopener noreferrer\">Del 3 a l\u201911 doctubre. Setmana de la natura<\/a><\/h5>\n<p>La Setmana de la Natura \u00e9s una campanya dirigida a promoure activitats a tot Catalunya per conscienciar sobre la import\u00e0ncia de conservar la natura.<br \/>\n\u2013 Durant 10 dies, del 3 a l\u201911 d\u2019octubre, s\u2019organitzen a Catalunya m\u00e9s de 100 activitats per con\u00e8ixer els entorns naturals dels quals en som dependents i les persones que es dediquen dia a dia a la seva conservaci\u00f3.<br \/>\n\u2013 Per aquesta 5a edici\u00f3 parlem de l\u2019estret vincle entre natura i salut, perqu\u00e8 conservar la natura \u00e9s conservar la nostra salut.<\/p>\n<h3><strong><a href=\"https:\/\/setmananatura.cat\/2020\/#!\/llistat\" target=\"_blank\" rel=\"noopener noreferrer\">+ informaci\u00f3<\/a><\/strong><\/h3>\n<p>&nbsp;<\/p>\n<h4><a href=\"https:\/\/setmananatura.cat\/2020\/2020\/09\/23\/sense-natura-no-hi-ha-vida-video-promocional-setmana-natura-2020\/\" target=\"_blank\" rel=\"noopener noreferrer\">Sense natura no hi ha vida: v\u00eddeo promocional Setmana Natura 2020<\/a><\/h4>\n","protected":false},"excerpt":{"rendered":"<p>Del 3 a l\u201911 doctubre. Setmana de la natura La Setmana de la Natura \u00e9s una campanya dirigida a promoure activitats a tot Catalunya per conscienciar sobre la import\u00e0ncia de conservar la natura. \u2013 Durant 10 dies, del 3 a l\u201911 d\u2019octubre, s\u2019organitzen a Catalunya m\u00e9s de 100 activitats per con\u00e8ixer els entorns naturals dels [&hellip;]<\/p>\n","protected":false},"author":4,"featured_media":10304,"comment_status":"closed","ping_status":"closed","sticky":false,"template":"","format":"standard","meta":{"_bbp_topic_count":0,"_bbp_reply_count":0,"_bbp_total_topic_count":0,"_bbp_total_reply_count":0,"_bbp_voice_count":0,"_bbp_anonymous_reply_count":0,"_bbp_topic_count_hidden":0,"_bbp_reply_count_hidden":0,"_bbp_forum_subforum_count":0,"site-sidebar-layout":"default","site-content-layout":"","ast-site-content-layout":"","site-content-style":"default","site-sidebar-style":"default","ast-global-header-display":"","ast-banner-title-visibility":"","ast-main-header-display":"","ast-hfb-above-header-display":"","ast-hfb-below-header-display":"","ast-hfb-mobile-header-display":"","site-post-title":"","ast-breadcrumbs-content":"","ast-featured-img":"","footer-sml-layout":"","theme-transparent-header-meta":"","adv-header-id-meta":"","stick-header-meta":"","header-above-stick-meta":"","header-main-stick-meta":"","header-below-stick-meta":"","astra-migrate-meta-layouts":"default","ast-page-background-enabled":"default","ast-page-background-meta":{"desktop":{"background-color":"var(--ast-global-color-4)","background-image":"","background-repeat":"repeat","background-position":"center center","background-size":"auto","background-attachment":"scroll","background-type":"","background-media":"","overlay-type":"","overlay-color":"","overlay-opacity":"","overlay-gradient":""},"tablet":{"background-color":"","background-image":"","background-repeat":"repeat","background-position":"center center","background-size":"auto","background-attachment":"scroll","background-type":"","background-media":"","overlay-type":"","overlay-color":"","overlay-opacity":"","overlay-gradient":""},"mobile":{"background-color":"","background-image":"","background-repeat":"repeat","background-position":"center center","background-size":"auto","background-attachment":"scroll","background-type":"","background-media":"","overlay-type":"","overlay-color":"","overlay-opacity":"","overlay-gradient":""}},"ast-content-background-meta":{"desktop":{"background-color":"var(--ast-global-color-5)","background-image":"","background-repeat":"repeat","background-position":"center center","background-size":"auto","background-attachment":"scroll","background-type":"","background-media":"","overlay-type":"","overlay-color":"","overlay-opacity":"","overlay-gradient":""},"tablet":{"background-color":"var(--ast-global-color-5)","background-image":"","background-repeat":"repeat","background-position":"center center","background-size":"auto","background-attachment":"scroll","background-type":"","background-media":"","overlay-type":"","overlay-color":"","overlay-opacity":"","overlay-gradient":""},"mobile":{"background-color":"var(--ast-global-color-5)","background-image":"","background-repeat":"repeat","background-position":"center center","background-size":"auto","background-attachment":"scroll","background-type":"","background-media":"","overlay-type":"","overlay-color":"","overlay-opacity":"","overlay-gradient":""}},"footnotes":""},"categories":[282,262],"tags":[403,310,341],"class_list":["post-10303","post","type-post","status-publish","format-standard","has-post-thumbnail","hentry","category-actualitat","category-escoles-verdes","tag-escoles-verdes","tag-medi-ambient","tag-sostenibilitat"],"post_mailing_queue_ids":[],"_links":{"self":[{"href":"https:\/\/serveiseducatius.xtec.cat\/altcamp\/wp-json\/wp\/v2\/posts\/10303","targetHints":{"allow":["GET"]}}],"collection":[{"href":"https:\/\/serveiseducatius.xtec.cat\/altcamp\/wp-json\/wp\/v2\/posts"}],"about":[{"href":"https:\/\/serveiseducatius.xtec.cat\/altcamp\/wp-json\/wp\/v2\/types\/post"}],"author":[{"embeddable":true,"href":"https:\/\/serveiseducatius.xtec.cat\/altcamp\/wp-json\/wp\/v2\/users\/4"}],"replies":[{"embeddable":true,"href":"https:\/\/serveiseducatius.xtec.cat\/altcamp\/wp-json\/wp\/v2\/comments?post=10303"}],"version-history":[{"count":1,"href":"https:\/\/serveiseducatius.xtec.cat\/altcamp\/wp-json\/wp\/v2\/posts\/10303\/revisions"}],"predecessor-version":[{"id":10305,"href":"https:\/\/serveiseducatius.xtec.cat\/altcamp\/wp-json\/wp\/v2\/posts\/10303\/revisions\/10305"}],"wp:featuredmedia":[{"embeddable":true,"href":"https:\/\/serveiseducatius.xtec.cat\/altcamp\/wp-json\/wp\/v2\/media\/10304"}],"wp:attachment":[{"href":"https:\/\/serveiseducatius.xtec.cat\/altcamp\/wp-json\/wp\/v2\/media?parent=10303"}],"wp:term":[{"taxonomy":"category","embeddable":true,"href":"https:\/\/serveiseducatius.xtec.cat\/altcamp\/wp-json\/wp\/v2\/categories?post=10303"},{"taxonomy":"post_tag","embeddable":true,"href":"https:\/\/serveiseducatius.xtec.cat\/altcamp\/wp-json\/wp\/v2\/tags?post=10303"}],"curies":[{"name":"wp","href":"https:\/\/api.w.org\/{rel}","templated":true}]}}