{"id":10194,"date":"2020-09-09T08:31:59","date_gmt":"2020-09-09T06:31:59","guid":{"rendered":"http:\/\/serveiseducatius.xtec.cat\/altcamp\/?p=10194"},"modified":"2020-09-09T08:31:59","modified_gmt":"2020-09-09T06:31:59","slug":"premi-2020-escoles-verdes","status":"publish","type":"post","link":"https:\/\/serveiseducatius.xtec.cat\/altcamp\/dinamitzacio\/escoles-verdes\/premi-2020-escoles-verdes\/","title":{"rendered":"Premi 2020 Escoles Verdes"},"content":{"rendered":"<p><a href=\"http:\/\/mediambient.gencat.cat\/ca\/05_ambits_dactuacio\/educacio_i_sostenibilitat\/premis\/premi_escoles_verdes\/convocatoria-2020\/\" target=\"_blank\" rel=\"noopener noreferrer\"><img loading=\"lazy\" decoding=\"async\" class=\"alignnone wp-image-10195 size-full\" src=\"https:\/\/serveiseducatius.xtec.cat\/altcamp\/wp-content\/uploads\/usu1130\/2020\/09\/Imatge_premi_escoles_verdes-02.jpg_1396905036.jpg\" alt=\"\" width=\"450\" height=\"325\" srcset=\"https:\/\/serveiseducatius.xtec.cat\/altcamp\/wp-content\/uploads\/usu1130\/2020\/09\/Imatge_premi_escoles_verdes-02.jpg_1396905036.jpg 450w, https:\/\/serveiseducatius.xtec.cat\/altcamp\/wp-content\/uploads\/usu1130\/2020\/09\/Imatge_premi_escoles_verdes-02.jpg_1396905036-300x217.jpg 300w\" sizes=\"auto, (max-width: 450px) 100vw, 450px\" \/><\/a><\/p>\n<p>Aquest Premi es va crear l\u2019any 2009, en el marc de la celebraci\u00f3 del des\u00e8 aniversari del Pro-grama Escoles verdes.<\/p>\n<p>L\u2019objectiu d\u2019aquest Premi \u00e9s recon\u00e8ixer p\u00fablicament iniciatives exemplars d\u2019educaci\u00f3 per a la sostenibilitat desenvolupades per centres educatius que tenen el distintiu d\u2019Escola verda.<\/p>\n<p>Aquestes accions i traject\u00f2ries exemplifiquen la implicaci\u00f3 social dels centres en la millora ambiental de Catalunya, en l\u2019assoliment dels 17 objectius de desenvolupament sostenible (ODS) que va aprovar l\u2019any 2015 l\u2019Assemblea General de l\u2019ONU, i en l\u2019assoliment de l\u2019objectiu operatiu 6.1.2 de l\u2019Estrat\u00e8gia del patrimoni natural i la biodiversitat de Catalunya 2018-2030, aprovada per l\u2019acord GOV\/54\/2018, de 17 de juliol.<\/p>\n<p>Consulta les <a href=\"http:\/\/mediambient.gencat.cat\/ca\/05_ambits_dactuacio\/educacio_i_sostenibilitat\/premis\/premi_escoles_verdes\/convocatoria-2020\/\" target=\"_blank\" rel=\"noopener noreferrer\">bases<\/a><\/p>\n","protected":false},"excerpt":{"rendered":"<p>Aquest Premi es va crear l\u2019any 2009, en el marc de la celebraci\u00f3 del des\u00e8 aniversari del Pro-grama Escoles verdes. L\u2019objectiu d\u2019aquest Premi \u00e9s recon\u00e8ixer p\u00fablicament iniciatives exemplars d\u2019educaci\u00f3 per a la sostenibilitat desenvolupades per centres educatius que tenen el distintiu d\u2019Escola verda. Aquestes accions i traject\u00f2ries exemplifiquen la implicaci\u00f3 social dels centres en la [&hellip;]<\/p>\n","protected":false},"author":4,"featured_media":10195,"comment_status":"closed","ping_status":"closed","sticky":false,"template":"","format":"standard","meta":{"_bbp_topic_count":0,"_bbp_reply_count":0,"_bbp_total_topic_count":0,"_bbp_total_reply_count":0,"_bbp_voice_count":0,"_bbp_anonymous_reply_count":0,"_bbp_topic_count_hidden":0,"_bbp_reply_count_hidden":0,"_bbp_forum_subforum_count":0,"site-sidebar-layout":"default","site-content-layout":"","ast-site-content-layout":"","site-content-style":"default","site-sidebar-style":"default","ast-global-header-display":"","ast-banner-title-visibility":"","ast-main-header-display":"","ast-hfb-above-header-display":"","ast-hfb-below-header-display":"","ast-hfb-mobile-header-display":"","site-post-title":"","ast-breadcrumbs-content":"","ast-featured-img":"","footer-sml-layout":"","theme-transparent-header-meta":"","adv-header-id-meta":"","stick-header-meta":"","header-above-stick-meta":"","header-main-stick-meta":"","header-below-stick-meta":"","astra-migrate-meta-layouts":"default","ast-page-background-enabled":"default","ast-page-background-meta":{"desktop":{"background-color":"var(--ast-global-color-4)","background-image":"","background-repeat":"repeat","background-position":"center center","background-size":"auto","background-attachment":"scroll","background-type":"","background-media":"","overlay-type":"","overlay-color":"","overlay-opacity":"","overlay-gradient":""},"tablet":{"background-color":"","background-image":"","background-repeat":"repeat","background-position":"center center","background-size":"auto","background-attachment":"scroll","background-type":"","background-media":"","overlay-type":"","overlay-color":"","overlay-opacity":"","overlay-gradient":""},"mobile":{"background-color":"","background-image":"","background-repeat":"repeat","background-position":"center center","background-size":"auto","background-attachment":"scroll","background-type":"","background-media":"","overlay-type":"","overlay-color":"","overlay-opacity":"","overlay-gradient":""}},"ast-content-background-meta":{"desktop":{"background-color":"var(--ast-global-color-5)","background-image":"","background-repeat":"repeat","background-position":"center center","background-size":"auto","background-attachment":"scroll","background-type":"","background-media":"","overlay-type":"","overlay-color":"","overlay-opacity":"","overlay-gradient":""},"tablet":{"background-color":"var(--ast-global-color-5)","background-image":"","background-repeat":"repeat","background-position":"center center","background-size":"auto","background-attachment":"scroll","background-type":"","background-media":"","overlay-type":"","overlay-color":"","overlay-opacity":"","overlay-gradient":""},"mobile":{"background-color":"var(--ast-global-color-5)","background-image":"","background-repeat":"repeat","background-position":"center center","background-size":"auto","background-attachment":"scroll","background-type":"","background-media":"","overlay-type":"","overlay-color":"","overlay-opacity":"","overlay-gradient":""}},"footnotes":""},"categories":[282,262],"tags":[403,310,284,341],"class_list":["post-10194","post","type-post","status-publish","format-standard","has-post-thumbnail","hentry","category-actualitat","category-escoles-verdes","tag-escoles-verdes","tag-medi-ambient","tag-premis","tag-sostenibilitat"],"post_mailing_queue_ids":[],"_links":{"self":[{"href":"https:\/\/serveiseducatius.xtec.cat\/altcamp\/wp-json\/wp\/v2\/posts\/10194","targetHints":{"allow":["GET"]}}],"collection":[{"href":"https:\/\/serveiseducatius.xtec.cat\/altcamp\/wp-json\/wp\/v2\/posts"}],"about":[{"href":"https:\/\/serveiseducatius.xtec.cat\/altcamp\/wp-json\/wp\/v2\/types\/post"}],"author":[{"embeddable":true,"href":"https:\/\/serveiseducatius.xtec.cat\/altcamp\/wp-json\/wp\/v2\/users\/4"}],"replies":[{"embeddable":true,"href":"https:\/\/serveiseducatius.xtec.cat\/altcamp\/wp-json\/wp\/v2\/comments?post=10194"}],"version-history":[{"count":1,"href":"https:\/\/serveiseducatius.xtec.cat\/altcamp\/wp-json\/wp\/v2\/posts\/10194\/revisions"}],"predecessor-version":[{"id":10196,"href":"https:\/\/serveiseducatius.xtec.cat\/altcamp\/wp-json\/wp\/v2\/posts\/10194\/revisions\/10196"}],"wp:featuredmedia":[{"embeddable":true,"href":"https:\/\/serveiseducatius.xtec.cat\/altcamp\/wp-json\/wp\/v2\/media\/10195"}],"wp:attachment":[{"href":"https:\/\/serveiseducatius.xtec.cat\/altcamp\/wp-json\/wp\/v2\/media?parent=10194"}],"wp:term":[{"taxonomy":"category","embeddable":true,"href":"https:\/\/serveiseducatius.xtec.cat\/altcamp\/wp-json\/wp\/v2\/categories?post=10194"},{"taxonomy":"post_tag","embeddable":true,"href":"https:\/\/serveiseducatius.xtec.cat\/altcamp\/wp-json\/wp\/v2\/tags?post=10194"}],"curies":[{"name":"wp","href":"https:\/\/api.w.org\/{rel}","templated":true}]}}