{"id":10068,"date":"2020-07-01T09:47:46","date_gmt":"2020-07-01T07:47:46","guid":{"rendered":"http:\/\/serveiseducatius.xtec.cat\/altcamp\/?p=10068"},"modified":"2022-02-08T18:45:52","modified_gmt":"2022-02-08T17:45:52","slug":"com-classificar-les-diferents-violencies-masclistes","status":"publish","type":"post","link":"https:\/\/serveiseducatius.xtec.cat\/altcamp\/recursos\/recomanem\/com-classificar-les-diferents-violencies-masclistes\/","title":{"rendered":"Classificar les diferents viol\u00e8ncies masclistes"},"content":{"rendered":"<p><a href=\"https:\/\/projecte-equal.com\/\" target=\"_blank\" rel=\"noopener noreferrer\"><img loading=\"lazy\" decoding=\"async\" class=\"alignnone wp-image-10069 size-full\" src=\"https:\/\/serveiseducatius.xtec.cat\/altcamp\/wp-content\/uploads\/usu1130\/2020\/07\/equal.jpg\" alt=\"\" width=\"265\" height=\"191\" \/><\/a><\/p>\n<p>L&#8217;objectiu del projecte <a href=\"https:\/\/projecte-equal.com\/\" target=\"_blank\" rel=\"noopener noreferrer\"><strong>Equal<\/strong><\/a>, dins del qual s&#8217;emmarca aquesta <strong><a href=\"https:\/\/equal-landing.s3-eu-west-1.amazonaws.com\/assets\/estudioEqual+CAT.pdf\" target=\"_blank\" rel=\"noopener noreferrer\">guia<\/a><\/strong>, \u00e9s visibilitzar i divulgar pr\u00e0ctiques de viol\u00e8ncia masclista (sexistes), i exemples de pr\u00e0ctiques igualit\u00e0ries entre les joves de 16-23 anys a Instagram a Catalunya. Les xarxes socials s\u00f3n el nou espai p\u00fablic de relaci\u00f3 entre les persones joves. Instagram es percep com un lloc lliure de control per part dels adults. Intervenir-hi \u00e9s una forma d&#8217;influir i conscienciar tant en homes com en dones joves.<\/p>\n<p>La viol\u00e8ncia masclista \u00e9s una problem\u00e0tica que afecta a totes les dones, per\u00f2 que\u00a0<strong>ha pujat entre les<\/strong>\u00a0<strong>adolescents fins a un 45%<\/strong> en dos anys. A les Xarxes Socials, les xifres s\u00f3n igual de preocupants: segons EQUAL, 1 de cada 10 dones han patit viol\u00e8ncia masclista a trav\u00e9s de les XXXSS.<\/p>\n<p><strong><a href=\"https:\/\/equal-landing.s3-eu-west-1.amazonaws.com\/assets\/estudioEqual+CAT.pdf\" target=\"_blank\" rel=\"noopener noreferrer\">Guia<\/a><\/strong><\/p>\n<p><strong><a href=\"https:\/\/projecte-equal.com\/\" target=\"_blank\" rel=\"noopener noreferrer\">Web<\/a><\/strong><\/p>\n","protected":false},"excerpt":{"rendered":"<p>L&#8217;objectiu del projecte Equal, dins del qual s&#8217;emmarca aquesta guia, \u00e9s visibilitzar i divulgar pr\u00e0ctiques de viol\u00e8ncia masclista (sexistes), i exemples de pr\u00e0ctiques igualit\u00e0ries entre les joves de 16-23 anys a Instagram a Catalunya. Les xarxes socials s\u00f3n el nou espai p\u00fablic de relaci\u00f3 entre les persones joves. Instagram es percep com un lloc lliure [&hellip;]<\/p>\n","protected":false},"author":4,"featured_media":10069,"comment_status":"closed","ping_status":"closed","sticky":false,"template":"","format":"standard","meta":{"_bbp_topic_count":0,"_bbp_reply_count":0,"_bbp_total_topic_count":0,"_bbp_total_reply_count":0,"_bbp_voice_count":0,"_bbp_anonymous_reply_count":0,"_bbp_topic_count_hidden":0,"_bbp_reply_count_hidden":0,"_bbp_forum_subforum_count":0,"site-sidebar-layout":"default","site-content-layout":"","ast-site-content-layout":"","site-content-style":"default","site-sidebar-style":"default","ast-global-header-display":"","ast-banner-title-visibility":"","ast-main-header-display":"","ast-hfb-above-header-display":"","ast-hfb-below-header-display":"","ast-hfb-mobile-header-display":"","site-post-title":"","ast-breadcrumbs-content":"","ast-featured-img":"","footer-sml-layout":"","theme-transparent-header-meta":"","adv-header-id-meta":"","stick-header-meta":"","header-above-stick-meta":"","header-main-stick-meta":"","header-below-stick-meta":"","astra-migrate-meta-layouts":"default","ast-page-background-enabled":"default","ast-page-background-meta":{"desktop":{"background-color":"var(--ast-global-color-4)","background-image":"","background-repeat":"repeat","background-position":"center center","background-size":"auto","background-attachment":"scroll","background-type":"","background-media":"","overlay-type":"","overlay-color":"","overlay-opacity":"","overlay-gradient":""},"tablet":{"background-color":"","background-image":"","background-repeat":"repeat","background-position":"center center","background-size":"auto","background-attachment":"scroll","background-type":"","background-media":"","overlay-type":"","overlay-color":"","overlay-opacity":"","overlay-gradient":""},"mobile":{"background-color":"","background-image":"","background-repeat":"repeat","background-position":"center center","background-size":"auto","background-attachment":"scroll","background-type":"","background-media":"","overlay-type":"","overlay-color":"","overlay-opacity":"","overlay-gradient":""}},"ast-content-background-meta":{"desktop":{"background-color":"var(--ast-global-color-5)","background-image":"","background-repeat":"repeat","background-position":"center center","background-size":"auto","background-attachment":"scroll","background-type":"","background-media":"","overlay-type":"","overlay-color":"","overlay-opacity":"","overlay-gradient":""},"tablet":{"background-color":"var(--ast-global-color-5)","background-image":"","background-repeat":"repeat","background-position":"center center","background-size":"auto","background-attachment":"scroll","background-type":"","background-media":"","overlay-type":"","overlay-color":"","overlay-opacity":"","overlay-gradient":""},"mobile":{"background-color":"var(--ast-global-color-5)","background-image":"","background-repeat":"repeat","background-position":"center center","background-size":"auto","background-attachment":"scroll","background-type":"","background-media":"","overlay-type":"","overlay-color":"","overlay-opacity":"","overlay-gradient":""}},"footnotes":""},"categories":[874,287],"tags":[393,292,439,349,479,207,304,480,481],"class_list":["post-10068","post","type-post","status-publish","format-standard","has-post-thumbnail","hentry","category-coeducacio","category-recomanem","tag-adolescencia","tag-eso","tag-feminisme","tag-igualtat-de-genere","tag-masclisme","tag-professorat","tag-tecnologia","tag-violencia-masclista","tag-xarxes-socials"],"post_mailing_queue_ids":[],"_links":{"self":[{"href":"https:\/\/serveiseducatius.xtec.cat\/altcamp\/wp-json\/wp\/v2\/posts\/10068","targetHints":{"allow":["GET"]}}],"collection":[{"href":"https:\/\/serveiseducatius.xtec.cat\/altcamp\/wp-json\/wp\/v2\/posts"}],"about":[{"href":"https:\/\/serveiseducatius.xtec.cat\/altcamp\/wp-json\/wp\/v2\/types\/post"}],"author":[{"embeddable":true,"href":"https:\/\/serveiseducatius.xtec.cat\/altcamp\/wp-json\/wp\/v2\/users\/4"}],"replies":[{"embeddable":true,"href":"https:\/\/serveiseducatius.xtec.cat\/altcamp\/wp-json\/wp\/v2\/comments?post=10068"}],"version-history":[{"count":2,"href":"https:\/\/serveiseducatius.xtec.cat\/altcamp\/wp-json\/wp\/v2\/posts\/10068\/revisions"}],"predecessor-version":[{"id":10093,"href":"https:\/\/serveiseducatius.xtec.cat\/altcamp\/wp-json\/wp\/v2\/posts\/10068\/revisions\/10093"}],"wp:featuredmedia":[{"embeddable":true,"href":"https:\/\/serveiseducatius.xtec.cat\/altcamp\/wp-json\/wp\/v2\/media\/10069"}],"wp:attachment":[{"href":"https:\/\/serveiseducatius.xtec.cat\/altcamp\/wp-json\/wp\/v2\/media?parent=10068"}],"wp:term":[{"taxonomy":"category","embeddable":true,"href":"https:\/\/serveiseducatius.xtec.cat\/altcamp\/wp-json\/wp\/v2\/categories?post=10068"},{"taxonomy":"post_tag","embeddable":true,"href":"https:\/\/serveiseducatius.xtec.cat\/altcamp\/wp-json\/wp\/v2\/tags?post=10068"}],"curies":[{"name":"wp","href":"https:\/\/api.w.org\/{rel}","templated":true}]}}