{"id":8527,"date":"2019-04-08T08:33:42","date_gmt":"2019-04-08T06:33:42","guid":{"rendered":"http:\/\/serveiseducatius.xtec.cat\/altaribagorca\/?p=8527"},"modified":"2019-04-08T08:33:42","modified_gmt":"2019-04-08T06:33:42","slug":"xerrada-taller-decret-de-latencio-educativa-a-lalumnat-en-el-marc-dun-sistema-educatiu-inclusiu","status":"publish","type":"post","link":"https:\/\/serveiseducatius.xtec.cat\/altaribagorca\/general\/xerrada-taller-decret-de-latencio-educativa-a-lalumnat-en-el-marc-dun-sistema-educatiu-inclusiu\/","title":{"rendered":"Xerrada-taller. Decret de l&#8217;atenci\u00f3 educativa a l&#8217;alumnat en el marc d&#8217;un sistema educatiu inclusiu."},"content":{"rendered":"<p><a href=\"https:\/\/serveiseducatius.xtec.cat\/altaribagorca\/wp-content\/uploads\/usu1798\/2019\/04\/integration-1777536_640.jpg\"><img loading=\"lazy\" decoding=\"async\" class=\"wp-image-8526 alignleft\" src=\"https:\/\/serveiseducatius.xtec.cat\/altaribagorca\/wp-content\/uploads\/usu1798\/2019\/04\/integration-1777536_640.jpg\" alt=\"\" width=\"344\" height=\"153\" \/><\/a>El <a href=\"http:\/\/portaldogc.gencat.cat\/utilsEADOP\/PDF\/7477\/1639866.pdf\">Decret 150\/2017<\/a>de l\u2019atenci\u00f3 educativa en el marc d\u2019un sistema educatiu inclusiu ,estableix que cada centre educatiu ha de disposar d\u2019un projecte educatiu que fomenti i garanteixi una atenci\u00f3 educativa inclusiva i de qualitat.<\/p>\n<p>En aquesta xerrada, es donaran a \u00a0con\u00e8ixer <a href=\"http:\/\/xtec.gencat.cat\/ca\/curriculum\/diversitat-i-inclusio\/\">orientacions i actuacions<\/a> per a desenvolupar el Decret i pr\u00e0ctiques de refer\u00e8ncia en el territori en la implementaci\u00f3 de mesures i suports per a que els centres educatius avancin cap a cultures, pol\u00edtiques i pr\u00e0ctiques m\u00e9s inclusives.<\/p>\n<p><strong>\u00a0\u00a0\u00a0\u00a0\u00a0\u00a0\u00a0\u00a0\u00a0\u00a0\u00a0\u00a0\u00a0\u00a0\u00a0\u00a0\u00a0\u00a0\u00a0\u00a0\u00a0\u00a0\u00a0\u00a0\u00a0\u00a0\u00a0\u00a0\u00a0\u00a0\u00a0\u00a0\u00a0\u00a0\u00a0\u00a0\u00a0\u00a0<\/strong><\/p>\n<p><strong>\u00a0 \u00a0 \u00a0 \u00a0 \u00a0 \u00a0 \u00a0 \u00a0 \u00a0 \u00a0 \u00a0 \u00a0 \u00a0 \u00a0 \u00a0 \u00a0 \u00a0 \u00a0 \u00a0 \u00a0\u00a0 \u00a0\u00a0\u00a0\u00a0\u00a0 A c\u00e0rrec de l&#8217;inspector d&#8217;Educaci\u00f3 Joan Valldaura i les t\u00e8cniques RAI dels SSTT d&#8217;Educaci\u00f3 a Lleida<br \/>\n<\/strong><\/p>\n<p><strong>\u00a0\u00a0\u00a0\u00a0\u00a0\u00a0\u00a0\u00a0\u00a0\u00a0\u00a0\u00a0\u00a0\u00a0\u00a0\u00a0\u00a0\u00a0\u00a0\u00a0\u00a0\u00a0\u00a0\u00a0\u00a0\u00a0\u00a0\u00a0\u00a0\u00a0\u00a0\u00a0\u00a0\u00a0\u00a0\u00a0\u00a0\u00a0\u00a0\u00a0\u00a0\u00a0\u00a0\u00a0\u00a0 Dia :11 d&#8217;abril<\/strong><\/p>\n<p><strong>\u00a0\u00a0\u00a0\u00a0\u00a0\u00a0\u00a0\u00a0\u00a0\u00a0\u00a0\u00a0\u00a0\u00a0\u00a0\u00a0\u00a0\u00a0\u00a0\u00a0\u00a0\u00a0\u00a0\u00a0\u00a0\u00a0\u00a0\u00a0\u00a0\u00a0\u00a0\u00a0\u00a0\u00a0\u00a0\u00a0\u00a0\u00a0\u00a0\u00a0\u00a0\u00a0\u00a0\u00a0\u00a0\u00a0 Hora . 17h<\/strong><\/p>\n<p><strong>\u00a0\u00a0\u00a0\u00a0\u00a0\u00a0\u00a0\u00a0\u00a0\u00a0\u00a0\u00a0\u00a0\u00a0\u00a0\u00a0\u00a0\u00a0\u00a0\u00a0\u00a0\u00a0\u00a0\u00a0\u00a0\u00a0\u00a0\u00a0\u00a0\u00a0\u00a0\u00a0\u00a0\u00a0\u00a0\u00a0\u00a0\u00a0\u00a0\u00a0\u00a0\u00a0\u00a0\u00a0\u00a0\u00a0 Lloc: CRP de l&#8217;Alta Ribagor\u00e7a<\/strong><\/p>\n","protected":false},"excerpt":{"rendered":"<p><a href=\"https:\/\/serveiseducatius.xtec.cat\/altaribagorca\/wp-content\/uploads\/usu1798\/2019\/04\/integration-1777536_640.jpg\"><\/a>El <a href=\"http:\/\/portaldogc.gencat.cat\/utilsEADOP\/PDF\/7477\/1639866.pdf\">Decret 150\/2017<\/a>de l\u2019atenci\u00f3 educativa en el marc d\u2019un sistema educatiu inclusiu ,estableix que cada centre educatiu ha de disposar d\u2019un projecte educatiu que fomenti i garanteixi una atenci\u00f3 educativa inclusiva i de qualitat.<br \/>\nEn aquesta xerrada, es donaran a \u00a0con\u00e8ixer <a href=\"http:\/\/xtec.gencat.cat\/ca\/curriculum\/diversitat-i-inclusio\/\">orientacions i&hellip;  <a href=\"https:\/\/serveiseducatius.xtec.cat\/altaribagorca\/general\/xerrada-taller-decret-de-latencio-educativa-a-lalumnat-en-el-marc-dun-sistema-educatiu-inclusiu\/\" title=\"Read Xerrada-taller. Decret de l&#8217;atenci\u00f3 educativa a l&#8217;alumnat en el marc d&#8217;un sistema educatiu inclusiu.\">Llegeix m\u00e9s\u00bb<\/a><\/p>\n","protected":false},"author":1,"featured_media":8526,"comment_status":"open","ping_status":"closed","sticky":false,"template":"","format":"standard","meta":{"_bbp_topic_count":0,"_bbp_reply_count":0,"_bbp_total_topic_count":0,"_bbp_total_reply_count":0,"_bbp_voice_count":0,"_bbp_anonymous_reply_count":0,"_bbp_topic_count_hidden":0,"_bbp_reply_count_hidden":0,"_bbp_forum_subforum_count":0,"footnotes":""},"categories":[65,1,153,29],"tags":[],"class_list":["post-8527","post","type-post","status-publish","format-standard","has-post-thumbnail","hentry","category-crp","category-general","category-pfz","category-portada"],"post_mailing_queue_ids":[],"_links":{"self":[{"href":"https:\/\/serveiseducatius.xtec.cat\/altaribagorca\/wp-json\/wp\/v2\/posts\/8527","targetHints":{"allow":["GET"]}}],"collection":[{"href":"https:\/\/serveiseducatius.xtec.cat\/altaribagorca\/wp-json\/wp\/v2\/posts"}],"about":[{"href":"https:\/\/serveiseducatius.xtec.cat\/altaribagorca\/wp-json\/wp\/v2\/types\/post"}],"author":[{"embeddable":true,"href":"https:\/\/serveiseducatius.xtec.cat\/altaribagorca\/wp-json\/wp\/v2\/users\/1"}],"replies":[{"embeddable":true,"href":"https:\/\/serveiseducatius.xtec.cat\/altaribagorca\/wp-json\/wp\/v2\/comments?post=8527"}],"version-history":[{"count":3,"href":"https:\/\/serveiseducatius.xtec.cat\/altaribagorca\/wp-json\/wp\/v2\/posts\/8527\/revisions"}],"predecessor-version":[{"id":8532,"href":"https:\/\/serveiseducatius.xtec.cat\/altaribagorca\/wp-json\/wp\/v2\/posts\/8527\/revisions\/8532"}],"wp:featuredmedia":[{"embeddable":true,"href":"https:\/\/serveiseducatius.xtec.cat\/altaribagorca\/wp-json\/wp\/v2\/media\/8526"}],"wp:attachment":[{"href":"https:\/\/serveiseducatius.xtec.cat\/altaribagorca\/wp-json\/wp\/v2\/media?parent=8527"}],"wp:term":[{"taxonomy":"category","embeddable":true,"href":"https:\/\/serveiseducatius.xtec.cat\/altaribagorca\/wp-json\/wp\/v2\/categories?post=8527"},{"taxonomy":"post_tag","embeddable":true,"href":"https:\/\/serveiseducatius.xtec.cat\/altaribagorca\/wp-json\/wp\/v2\/tags?post=8527"}],"curies":[{"name":"wp","href":"https:\/\/api.w.org\/{rel}","templated":true}]}}