{"id":11516,"date":"2026-04-28T10:57:53","date_gmt":"2026-04-28T08:57:53","guid":{"rendered":"https:\/\/serveiseducatius.xtec.cat\/altaribagorca\/?p=11516"},"modified":"2026-04-28T10:57:53","modified_gmt":"2026-04-28T08:57:53","slug":"lhora-verda-connectem-amb-el-bon-temps","status":"publish","type":"post","link":"https:\/\/serveiseducatius.xtec.cat\/altaribagorca\/portada\/lhora-verda-connectem-amb-el-bon-temps\/","title":{"rendered":"L&#8217;hora verda, connectem amb el bon temps."},"content":{"rendered":"<p><a href=\"https:\/\/serveiseducatius.xtec.cat\/altaribagorca\/wp-content\/uploads\/usu1798\/2026\/04\/lhora-verda.png\"><img loading=\"lazy\" decoding=\"async\" class=\"alignnone  wp-image-11517\" src=\"https:\/\/serveiseducatius.xtec.cat\/altaribagorca\/wp-content\/uploads\/usu1798\/2026\/04\/lhora-verda-1024x586.png\" alt=\"\" width=\"827\" height=\"473\" srcset=\"https:\/\/serveiseducatius.xtec.cat\/altaribagorca\/wp-content\/uploads\/usu1798\/2026\/04\/lhora-verda-1024x586.png 1024w, https:\/\/serveiseducatius.xtec.cat\/altaribagorca\/wp-content\/uploads\/usu1798\/2026\/04\/lhora-verda-300x172.png 300w, https:\/\/serveiseducatius.xtec.cat\/altaribagorca\/wp-content\/uploads\/usu1798\/2026\/04\/lhora-verda-768x439.png 768w, https:\/\/serveiseducatius.xtec.cat\/altaribagorca\/wp-content\/uploads\/usu1798\/2026\/04\/lhora-verda.png 1136w\" sizes=\"auto, (max-width: 827px) 100vw, 827px\" \/><\/a><\/p>\n<p>L\u2019<b>Hora Verda<\/b>, el projecte d\u2019Escoles Verdes i el CREAF per connectar amb la natura i tenir una finestra oberta a la ci\u00e8ncia, presenta la tercera i \u00faltima edici\u00f3 del curs: la\u00a0<b>ci\u00e8ncia del bon temps<\/b>! Est\u00e0 adre\u00e7ada a professorat de\u00a0<b>prim\u00e0ria i de secund\u00e0ria<\/b>.<\/p>\n<p>El tercer webinar ser\u00e0 el <b>dimarts 19 de maig\u00a0de 17.30 a 19h<\/b>\u00a0i tractar\u00e0<b>\u00a0la ci\u00e8ncia de la primavera i l&#8217;estiu<\/b>.<\/p>\n<p>Cada trobada compta amb\u00a0<b>micro-xerrades en directe de persones cient\u00edfiques<\/b> de diferents centres de recerca de Catalunya que ens expliquen\u00a0aspectes nous, curiosos i rellevants sobre cada estaci\u00f3 de l\u2019any. Tamb\u00e9 resolen dubtes, fan propostes educatives i posen a prova el que sabem.<\/p>\n<p><a href=\"https:\/\/docs.google.com\/forms\/d\/e\/1FAIpQLScneyk59qcIkcwHWaog6dUQnmAfJLR7S4HATdDel0jIDt1MNw\/viewform?mc_cid=53ac1ffe61&amp;mc_eid=c03f4f16b5\">Inscripci\u00f3.<\/a><\/p>\n","protected":false},"excerpt":{"rendered":"<p><a href=\"https:\/\/serveiseducatius.xtec.cat\/altaribagorca\/wp-content\/uploads\/usu1798\/2026\/04\/lhora-verda.png\"><\/a><br \/>\nL\u2019Hora Verda, el projecte d\u2019Escoles Verdes i el CREAF per connectar amb la natura i tenir una finestra oberta a la ci\u00e8ncia, presenta la tercera i \u00faltima edici\u00f3 del curs: la\u00a0ci\u00e8ncia del bon temps! Est\u00e0 adre\u00e7ada a professorat de\u00a0prim\u00e0ria i de secund\u00e0ria.<br \/>\nEl tercer webinar&hellip;  <a href=\"https:\/\/serveiseducatius.xtec.cat\/altaribagorca\/portada\/lhora-verda-connectem-amb-el-bon-temps\/\" title=\"Read L&#8217;hora verda, connectem amb el bon temps.\">Llegeix m\u00e9s\u00bb<\/a><\/p>\n","protected":false},"author":1,"featured_media":11517,"comment_status":"open","ping_status":"open","sticky":false,"template":"","format":"standard","meta":{"_bbp_topic_count":0,"_bbp_reply_count":0,"_bbp_total_topic_count":0,"_bbp_total_reply_count":0,"_bbp_voice_count":0,"_bbp_anonymous_reply_count":0,"_bbp_topic_count_hidden":0,"_bbp_reply_count_hidden":0,"_bbp_forum_subforum_count":0,"footnotes":""},"categories":[154,235,29,76],"tags":[],"class_list":["post-11516","post","type-post","status-publish","format-standard","has-post-thumbnail","hentry","category-formacio","category-formacio_ins","category-portada","category-recursos"],"post_mailing_queue_ids":[],"_links":{"self":[{"href":"https:\/\/serveiseducatius.xtec.cat\/altaribagorca\/wp-json\/wp\/v2\/posts\/11516","targetHints":{"allow":["GET"]}}],"collection":[{"href":"https:\/\/serveiseducatius.xtec.cat\/altaribagorca\/wp-json\/wp\/v2\/posts"}],"about":[{"href":"https:\/\/serveiseducatius.xtec.cat\/altaribagorca\/wp-json\/wp\/v2\/types\/post"}],"author":[{"embeddable":true,"href":"https:\/\/serveiseducatius.xtec.cat\/altaribagorca\/wp-json\/wp\/v2\/users\/1"}],"replies":[{"embeddable":true,"href":"https:\/\/serveiseducatius.xtec.cat\/altaribagorca\/wp-json\/wp\/v2\/comments?post=11516"}],"version-history":[{"count":1,"href":"https:\/\/serveiseducatius.xtec.cat\/altaribagorca\/wp-json\/wp\/v2\/posts\/11516\/revisions"}],"predecessor-version":[{"id":11518,"href":"https:\/\/serveiseducatius.xtec.cat\/altaribagorca\/wp-json\/wp\/v2\/posts\/11516\/revisions\/11518"}],"wp:featuredmedia":[{"embeddable":true,"href":"https:\/\/serveiseducatius.xtec.cat\/altaribagorca\/wp-json\/wp\/v2\/media\/11517"}],"wp:attachment":[{"href":"https:\/\/serveiseducatius.xtec.cat\/altaribagorca\/wp-json\/wp\/v2\/media?parent=11516"}],"wp:term":[{"taxonomy":"category","embeddable":true,"href":"https:\/\/serveiseducatius.xtec.cat\/altaribagorca\/wp-json\/wp\/v2\/categories?post=11516"},{"taxonomy":"post_tag","embeddable":true,"href":"https:\/\/serveiseducatius.xtec.cat\/altaribagorca\/wp-json\/wp\/v2\/tags?post=11516"}],"curies":[{"name":"wp","href":"https:\/\/api.w.org\/{rel}","templated":true}]}}