{"id":11019,"date":"2025-03-21T09:28:02","date_gmt":"2025-03-21T08:28:02","guid":{"rendered":"https:\/\/serveiseducatius.xtec.cat\/altaribagorca\/?p=11019"},"modified":"2025-03-21T09:28:02","modified_gmt":"2025-03-21T08:28:02","slug":"3a-edicio-fira-la-carrulla-la-fira-de-la-petita-infancia-de-lalt-pirineu-i-aran","status":"publish","type":"post","link":"https:\/\/serveiseducatius.xtec.cat\/altaribagorca\/dinamitzacio\/la-carrulla-fira-de-la-petita-infancia-alt-pirineu-i-aran\/3a-edicio-fira-la-carrulla-la-fira-de-la-petita-infancia-de-lalt-pirineu-i-aran\/","title":{"rendered":"3a edici\u00f3 Fira La Carrulla, la fira de la petita inf\u00e0ncia de l&#8217;Alt Pirineu i Aran"},"content":{"rendered":"<div>Enguany es portar\u00e0 a terme la\u00a0<b>3a edici\u00f3\u00a0<\/b>de la\u00a0<b>Fira La Carrulla\u00a0<\/b>que tindr\u00e0 lloc\u00a0<b>el dia 31 de maig a Oliana (Alt Urgell).<\/b><\/div>\n<div><b>\u00a0<\/b><\/div>\n<div>\n<div><img loading=\"lazy\" decoding=\"async\" class=\"CToWUd a6T alignleft\" tabindex=\"0\" src=\"https:\/\/mail.google.com\/mail\/u\/0?ui=2&amp;ik=5e833fc215&amp;attid=0.1&amp;permmsgid=msg-f:1826372632569528468&amp;th=1958943b97cd4094&amp;view=fimg&amp;fur=ip&amp;permmsgid=msg-f:1826372632569528468&amp;sz=s0-l75-ft&amp;attbid=ANGjdJ_AXVfmLCEyUH8fBUmuOK75Vn1YzDcNFOyJEPAlPRWE02yPv1vghfBw4f3K1bz_V4R2PzYWsp65vLauv3aZzkd5PzosVgR2BvIh3FDUf_maAZPqPPILwotfYe8&amp;disp=emb&amp;realattid=ii_m84smbsh1&amp;zw\" alt=\"Cartell 3a ed. Fira La Carrulla.png\" width=\"359\" height=\"508\" data-image-whitelisted=\"\" data-bit=\"iit\" \/><\/div>\n<\/div>\n<div>\n<div>\n<div><\/div>\n<\/div>\n<div>La<a href=\"https:\/\/www.carrulla.cat\/\" target=\"_blank\" rel=\"noopener\" data-saferedirecturl=\"https:\/\/www.google.com\/url?q=https:\/\/www.carrulla.cat\/&amp;source=gmail&amp;ust=1741854087901000&amp;usg=AOvVaw1rpjjjnBf-1XzZT-evYPrh\">\u00a0Fira Carrulla<\/a>\u00a0\u00e9s\u00a0la fira itinerant de la petita inf\u00e0ncia de l&#8217;Alt Pirineu i Aran. La Fira \u00e9s un esdeveniment sense \u00e0nim de lucre que pret\u00e9n<b>\u00a0visibilitzar i recon\u00e8ixer la petita inf\u00e0ncia de 0 &#8211; 6 anys\u00a0<\/b>oferint diferents activitats l\u00fadiques, formatives i informatives a fam\u00edlies, infants, docents i persones interessades en el sector de\u00a0<b>l&#8217;educaci\u00f3 de 0-6.<\/b><\/div>\n<div><\/div>\n<div>Durant la fira tindran lloc pon\u00e8ncies entorn de l&#8217;educaci\u00f3 0-6 a c\u00e0rrec de\u00a0<b>Joan Tur\u00fa<\/b>\u00a0(<a href=\"https:\/\/www.joanturu.cat\/\" target=\"_blank\" rel=\"noopener\" data-saferedirecturl=\"https:\/\/www.google.com\/url?q=https:\/\/www.joanturu.cat\/&amp;source=gmail&amp;ust=1741854087901000&amp;usg=AOvVaw386ngwCa7LY46F5-CF3Ixh\">https:\/\/www.joanturu.cat\/<\/a><a href=\"https:\/\/www.joanturu.cat\/\" target=\"_blank\" rel=\"noopener\" data-saferedirecturl=\"https:\/\/www.google.com\/url?q=https:\/\/www.joanturu.cat\/&amp;source=gmail&amp;ust=1741854087901000&amp;usg=AOvVaw386ngwCa7LY46F5-CF3Ixh\">)<\/a>,\u00a0<b>Jenny Silvente\u00a0<\/b>(<a href=\"https:\/\/verpensarsentir.com\/\" target=\"_blank\" rel=\"noopener\" data-saferedirecturl=\"https:\/\/www.google.com\/url?q=https:\/\/verpensarsentir.com\/&amp;source=gmail&amp;ust=1741854087901000&amp;usg=AOvVaw3XiOnAgSNhu_d_odwbKBJ8\">https:\/\/verpensarsentir.com\/<\/a>) i\u00a0<b>Laia Domingo\u00a0<\/b>(<a href=\"https:\/\/www.instagram.com\/canviantmirades\/\" target=\"_blank\" rel=\"noopener\" data-saferedirecturl=\"https:\/\/www.google.com\/url?q=https:\/\/www.instagram.com\/canviantmirades\/&amp;source=gmail&amp;ust=1741854087901000&amp;usg=AOvVaw0gBzC52i6qpDs3NRCt_qoj\">@canviantmirades<\/a>). Tamb\u00e9 hi haur\u00e0 una taula rodona de debat pedag\u00f2gic.<\/div>\n<div>Paral\u00b7lelament, s&#8217;ofereixen espais educatius, tallers per a infants, fireta de productes de proximitat i un espectacle\u00a0final.<\/div>\n<div><\/div>\n<div>A m\u00e9s a m\u00e9s, hi haur\u00e0 un espai destinat a\u00a0<b>compartir experi\u00e8ncies educatives<\/b>\u00a00-6 anys de totes les escoles i llars d&#8217;infants del territori. En aquest sentit, us convidem a\u00a0<b>participar\u00a0<\/b>en l&#8217;intercanvi d&#8217;experi\u00e8ncies. La participaci\u00f3 \u00e9s molt senzilla, cal que empleneu aquest\u00a0<b><a href=\"https:\/\/forms.gle\/mx4c2WbjJTUMuStC8\" target=\"_blank\" rel=\"noopener\" data-saferedirecturl=\"https:\/\/www.google.com\/url?q=https:\/\/forms.gle\/mx4c2WbjJTUMuStC8&amp;source=gmail&amp;ust=1741854087901000&amp;usg=AOvVaw3QD25qJTeeNZdiDAaSKMWI\">formulari<\/a><\/b>\u00a0i nosaltres crearem els cartells amb la informaci\u00f3 que ens proporcioneu\u00a0sobre una de les bones pr\u00e0ctiques que ja es porten a terme al vostre centre. Els centres que comparteixin una experi\u00e8ncia educativa\u00a0obtindran\u00a0un reconeixement en material pedag\u00f2gic a escollir. Us animem a participar-hi!<\/div>\n<div><b>\u00a0<\/b><\/div>\n<div><b>Hi ha temps fins al 25 d&#8217;abril per presentar les experi\u00e8ncies.<\/b><\/div>\n<div><\/div>\n<div><img loading=\"lazy\" decoding=\"async\" class=\"an1\" draggable=\"false\" src=\"https:\/\/fonts.gstatic.com\/s\/e\/notoemoji\/16.0\/1f4cc\/72.png\" alt=\"\ud83d\udccc\" width=\"29\" height=\"29\" data-emoji=\"\ud83d\udccc\" aria-label=\"\ud83d\udccc\" \/>Pels docents es certifica l&#8217;assist\u00e8ncia a les pon\u00e8ncies i a la taula rodona, cal inscriure&#8217;s a:\u00a0<a href=\"https:\/\/aplicacions.gestioeducativa.gencat.cat\/ords\/pls\/soloas\/pk_for_mod_ins.p_for_cons_activitats?p_any=2024-2025&amp;p_codi=6010581601&amp;p_totes=S\" target=\"_blank\" rel=\"noopener\" data-saferedirecturl=\"https:\/\/www.google.com\/url?q=https:\/\/aplicacions.gestioeducativa.gencat.cat\/ords\/pls\/soloas\/pk_for_mod_ins.p_for_cons_activitats?p_any%3D2024-2025%26p_codi%3D6010581601%26p_totes%3DS&amp;source=gmail&amp;ust=1741854087901000&amp;usg=AOvVaw1pp4EOdfuA6ygXEMak8Zku\">6010581601 III Fira de la Petita Inf\u00e0ncia: La Carrulla<\/a><\/div>\n<div><\/div>\n<\/div>\n","protected":false},"excerpt":{"rendered":"<p>Enguany es portar\u00e0 a terme la\u00a03a edici\u00f3\u00a0de la\u00a0Fira La Carrulla\u00a0que tindr\u00e0 lloc\u00a0el dia 31 de maig a Oliana (Alt Urgell).<br \/>\n\u00a0<\/p>\n<p>La<a href=\"https:\/\/www.carrulla.cat\/\" target=\"_blank\" rel=\"noopener\" data-saferedirecturl=\"https:\/\/www.google.com\/url?q=https:\/\/www.carrulla.cat\/&amp;source=gmail&amp;ust=1741854087901000&amp;usg=AOvVaw1rpjjjnBf-1XzZT-evYPrh\">\u00a0Fira Carrulla<\/a>\u00a0\u00e9s\u00a0la fira itinerant de la petita inf\u00e0ncia de l&#8217;Alt Pirineu i Aran. La Fira \u00e9s un esdeveniment sense \u00e0nim de lucre&hellip;  <a href=\"https:\/\/serveiseducatius.xtec.cat\/altaribagorca\/dinamitzacio\/la-carrulla-fira-de-la-petita-infancia-alt-pirineu-i-aran\/3a-edicio-fira-la-carrulla-la-fira-de-la-petita-infancia-de-lalt-pirineu-i-aran\/\" title=\"Read 3a edici\u00f3 Fira La Carrulla, la fira de la petita inf\u00e0ncia de l&#8217;Alt Pirineu i Aran\">Llegeix m\u00e9s\u00bb<\/a><\/p>\n","protected":false},"author":1,"featured_media":11022,"comment_status":"open","ping_status":"closed","sticky":false,"template":"","format":"standard","meta":{"_bbp_topic_count":0,"_bbp_reply_count":0,"_bbp_total_topic_count":0,"_bbp_total_reply_count":0,"_bbp_voice_count":0,"_bbp_anonymous_reply_count":0,"_bbp_topic_count_hidden":0,"_bbp_reply_count_hidden":0,"_bbp_forum_subforum_count":0,"footnotes":""},"categories":[336],"tags":[],"class_list":["post-11019","post","type-post","status-publish","format-standard","has-post-thumbnail","hentry","category-la-carrulla-fira-de-la-petita-infancia-alt-pirineu-i-aran"],"post_mailing_queue_ids":[],"_links":{"self":[{"href":"https:\/\/serveiseducatius.xtec.cat\/altaribagorca\/wp-json\/wp\/v2\/posts\/11019","targetHints":{"allow":["GET"]}}],"collection":[{"href":"https:\/\/serveiseducatius.xtec.cat\/altaribagorca\/wp-json\/wp\/v2\/posts"}],"about":[{"href":"https:\/\/serveiseducatius.xtec.cat\/altaribagorca\/wp-json\/wp\/v2\/types\/post"}],"author":[{"embeddable":true,"href":"https:\/\/serveiseducatius.xtec.cat\/altaribagorca\/wp-json\/wp\/v2\/users\/1"}],"replies":[{"embeddable":true,"href":"https:\/\/serveiseducatius.xtec.cat\/altaribagorca\/wp-json\/wp\/v2\/comments?post=11019"}],"version-history":[{"count":2,"href":"https:\/\/serveiseducatius.xtec.cat\/altaribagorca\/wp-json\/wp\/v2\/posts\/11019\/revisions"}],"predecessor-version":[{"id":11021,"href":"https:\/\/serveiseducatius.xtec.cat\/altaribagorca\/wp-json\/wp\/v2\/posts\/11019\/revisions\/11021"}],"wp:featuredmedia":[{"embeddable":true,"href":"https:\/\/serveiseducatius.xtec.cat\/altaribagorca\/wp-json\/wp\/v2\/media\/11022"}],"wp:attachment":[{"href":"https:\/\/serveiseducatius.xtec.cat\/altaribagorca\/wp-json\/wp\/v2\/media?parent=11019"}],"wp:term":[{"taxonomy":"category","embeddable":true,"href":"https:\/\/serveiseducatius.xtec.cat\/altaribagorca\/wp-json\/wp\/v2\/categories?post=11019"},{"taxonomy":"post_tag","embeddable":true,"href":"https:\/\/serveiseducatius.xtec.cat\/altaribagorca\/wp-json\/wp\/v2\/tags?post=11019"}],"curies":[{"name":"wp","href":"https:\/\/api.w.org\/{rel}","templated":true}]}}