{"id":10565,"date":"2024-05-02T15:38:09","date_gmt":"2024-05-02T13:38:09","guid":{"rendered":"https:\/\/serveiseducatius.xtec.cat\/altaribagorca\/?p=10565"},"modified":"2024-05-02T15:38:09","modified_gmt":"2024-05-02T13:38:09","slug":"forum-descoles-verdes-de-lalta-ribagorca-la-vall-daran-i-el-pallars-jussa-31-maig","status":"publish","type":"post","link":"https:\/\/serveiseducatius.xtec.cat\/altaribagorca\/portada\/forum-descoles-verdes-de-lalta-ribagorca-la-vall-daran-i-el-pallars-jussa-31-maig\/","title":{"rendered":"F\u00d2RUM d&#8217;Escoles Verdes de l&#8217;ALTA RIBAGOR\u00c7A, la VALL d&#8217;ARAN i el  PALLARS JUSS\u00c0 &#8211; 31 maig"},"content":{"rendered":"<ol>\n<li style=\"font-weight: 400;\"><strong> QUAN I ON SER\u00c0? COM HI ANIREM?<\/strong><\/li>\n<\/ol>\n<ul style=\"font-weight: 400;\">\n<li><strong>El f\u00f2rum se celebrar\u00e0 el divendres 31 de maig a les instal\u00b7lacions del campament Toirigo, a la Vall de Bo\u00ed.<\/strong><\/li>\n<li>El programa\u00a0Escoles\u00a0Verdes\u00a0facilitar\u00e0 un transport col\u00b7lectiu per als participants dels pobles m\u00e9s allunyats.<\/li>\n<li>L\u2019horari aproximat de la jornada ser\u00e0 de 9.30h a les 16h. Aquest horari pot variar una mica, ja que la ruta i l\u2019horari del transport col\u00b7lectiu no es pot concretar del tot fins que no sapiguem quins centres vindreu.<\/li>\n<\/ul>\n<ol start=\"2\">\n<li style=\"font-weight: 400;\"><strong> QUI POT PARTICIPAR? <\/strong>Podeu venir<strong>2-3 docents i 4 alumnes per centre<\/strong>, que recomanem que siguin alumnes de 4rt. 5\u00e8 i\/o 6\u00e8. Si us agradaria venir amb m\u00e9s de 4 alumnes, ho heu d\u2019indicar en el formulari d\u2019inscripci\u00f3, en la darrera pregunta: \u201cescriu aqu\u00ed el que necessitis saber o vulguis comentar\u201d. Quan es tanqui la inscripci\u00f3 valorarem si podem acollir m\u00e9s participants, ja que dep\u00e8n del n\u00famero de centres i les places de l\u2019autocar que tenim reservat.<\/li>\n<li style=\"font-weight: 400;\"><strong> COM US HEU D\u2019INSCRIURE?<\/strong><\/li>\n<\/ol>\n<ol style=\"font-weight: 400;\">\n<li><strong>CENTRE: Heu de confirmar la participaci\u00f3 del vostre centre responent aquest formulari:\u00a0<a href=\"https:\/\/forms.office.com\/e\/ZkDkMvF8Zr\" data-saferedirecturl=\"https:\/\/www.google.com\/url?q=https:\/\/forms.office.com\/e\/ZkDkMvF8Zr&amp;source=gmail&amp;ust=1714742712484000&amp;usg=AOvVaw1gwVz1CGYbSLZ3y5lexj5U\">Inscripci\u00f3 CENTRE F\u00f2rum EV &#8211; Toirigo 31 MAIG<\/a>. Data l\u00edmit: dimarts 14 de maig<\/strong><\/li>\n<li><strong>DOCENTS<\/strong>:\u00a0<u>les docents que vindreu al F\u00f2rum us heu d\u2019inscriure a l\u2019aplicatiu Xtec per a que el Dept. d\u2019Educaci\u00f3 us certifiqui l\u2019assist\u00e8ncia a aquesta activitat formativa<\/u>:\u00a0<a href=\"https:\/\/aplicacions.gestioeducativa.gencat.cat\/pls\/soloas\/pk_for_mod_ins.p_for_detall_activitat?p_codi=6004090506&amp;p_curs=2023-2024&amp;p_es_inscr=S\" data-saferedirecturl=\"https:\/\/www.google.com\/url?q=https:\/\/aplicacions.gestioeducativa.gencat.cat\/pls\/soloas\/pk_for_mod_ins.p_for_detall_activitat?p_codi%3D6004090506%26p_curs%3D2023-2024%26p_es_inscr%3DS&amp;source=gmail&amp;ust=1714742712484000&amp;usg=AOvVaw1GY3U-PUCKI4lUHIEcoVWV\">inscripci\u00f3 DOCENTS Xtec ACTIVITAT\u00a0 6004090506<\/a><\/li>\n<\/ol>\n<ol start=\"2\">\n<li style=\"font-weight: 400;\"><strong> QU\u00c8 FAREM EL DIA DEL F\u00d2RUM<\/strong><strong>? <\/strong>L\u2019objectiu dels F\u00f2rums d\u2019EV \u00e9s que les ecodelegades i delegats verds interactu\u00efn entre elles, s\u2019expliquin les accions que fan al seu centre i agafin idees per despr\u00e9s fer retorn a l\u2019escola. I sobretot, que gaudeixin d\u2019una jornada especial!<\/li>\n<\/ol>\n<p style=\"font-weight: 400;\">Durant el f\u00f2rum farem diferents activitats i tallers relacionats amb la Salut Planet\u00e0ria; algunes estones alumnes i professors estarem en grups separats i altres estarem totes juntes, i com sempre, farem la Fira de Projectes en la que cada centre exposar\u00e0 una acci\u00f3 o projecte d\u2019EV.<\/p>\n<p style=\"font-weight: 400;\"><strong>3.QU\u00c8 HEU DE PREPARAR?<\/strong><strong>\u00a0<\/strong>Heu de triar una acci\u00f3 o projecte que estigueu fent o h\u00e0giu fet aquest curs i preparar un p\u00f2ster per presentar-la a la\u00a0<strong>Fira de projectes.<\/strong>\u00a0Us proposem que en aquest F\u00f2rum\u00a0<strong>compartim accions i projectes relacionats amb la<\/strong>\u00a0<strong>Natura<\/strong>,\u00a0<strong>la Biodiversitat, la<\/strong>\u00a0<strong>Salut planet\u00e0ria<\/strong>, especialment sobre aquests \u00e0mbits: aigua &#8211; canvi clim\u00e0tic &#8211; biodiversitat &#8211; hort ecol\u00f2gic &#8211; renaturalitzaci\u00f3 del pati, per\u00f2 podeu presentar una acci\u00f3 de qualsevol altra tem\u00e0tica si ho considereu m\u00e9s adient.<\/p>\n<p style=\"font-weight: 400;\">Us animem a que ho decidiu conjuntament amb els vostres alumnes: pot ser una acci\u00f3 amb la que els alumnes han apr\u00e9s molt, en la que han tingut un paper actiu, una acci\u00f3 de millora de la biodiversitat al centre, al poble o en un espai natural proper\u2026<\/p>\n<p style=\"font-weight: 400;\"><strong>El format \u00e9s lliure (cartolines, p\u00f2sters, maquetes, objectes&#8230;<\/strong>). Us recomanem que sigui\u00a0<strong>molt<\/strong>\u00a0<strong>gr\u00e0fic<\/strong>\u00a0i hi hagi\u00a0<strong>poc<\/strong>\u00a0<strong>text<\/strong>, aix\u00ed els alumnes tindran m\u00e9s protagonsime a l\u2019hora d\u2019explicar l\u2019acci\u00f3 a la resta de participants. Us\u00a0demanem que\u00a0<u>no porteu cap suport digital com tauletes o ordinadors per promoure aquesta interacci\u00f3 entre els alumnes<\/u><\/p>\n<p style=\"font-weight: 400;\"><u>El p\u00f2ster ha de ser com a m\u00ednim mida cartolina o A2 i contenir aquesta informaci\u00f3:<\/u><\/p>\n<ul style=\"font-weight: 400;\">\n<li>Nom del centre i t\u00edtol de l\u2019acci\u00f3 (ben gran!)<\/li>\n<li>una frase breu que expliqui l\u2019objectiu principal de l\u2019acci\u00f3<\/li>\n<li>una frase breu que expliqui el resultats i \/o conclusions i aprenentatges<\/li>\n<li>moltes fotografies, dibuixos, gr\u00e0fics&#8230; podeu posar un QR que enllaci a algun v\u00eddeo, material o altre treball realitzat pels alumnes, etc (procureu que el QR tingui bona definici\u00f3)<\/li>\n<li>Tamb\u00e9 podeu portar una maqueta o algun objecte que ajudi a explicar l\u2019acci\u00f3.<\/li>\n<\/ul>\n<p style=\"font-weight: 400;\"><strong>4.QU\u00c8 CAL DUR EL DIA DEL F\u00d2RUM?<\/strong><\/p>\n<ul style=\"font-weight: 400;\">\n<li>El p\u00f2ster, la maqueta i\/o els objectes per a la fira de projectes.<\/li>\n<li>Els alumnes han de portar: un bol\u00edgraf, una cantimplora amb aigua, roba i cal\u00e7at c\u00f2modes, gorra pel sol, esmorzar i dinar (entrep\u00e0 o carmanyola)<\/li>\n<li>Els professors nom\u00e9s heu de portar dinar, a l\u2019esmorzar us convidem nosaltres<\/li>\n<\/ul>\n<p style=\"font-weight: 400;\">Quan tanquem les inscripcions i sapiguem quins centres vindreu, organitzarem la ruta del transport col\u00b7lectiu. Llavors, us informarem dels horaris i tamb\u00e9 us enviarem el programa d\u2019activitats.<\/p>\n<p style=\"font-weight: 400;\">Recordeu que la data l\u00edmit per inscriure\u2019s al f\u00f2rum \u00e9s el dimarts 14 de maig, per\u00f2 us agrairem que us hi inscriviu abans, ja que aix\u00ed podem organitzar amb temps les activitats i els grups dels alumnes.<\/p>\n<p style=\"font-weight: 400;\"><strong>Us esperem a totes!<\/strong><\/p>\n","protected":false},"excerpt":{"rendered":"<ol>\n<li style=\"font-weight: 400;\"> QUAN I ON SER\u00c0? COM HI ANIREM?<\/li>\n<\/ol>\n<ul style=\"font-weight: 400;\">\n<li>El f\u00f2rum se celebrar\u00e0 el divendres 31 de maig a les instal\u00b7lacions del campament Toirigo, a la Vall de Bo\u00ed.<\/li>\n<li>El programa\u00a0Escoles\u00a0Verdes\u00a0facilitar\u00e0 un transport col\u00b7lectiu per als participants dels pobles m\u00e9s allunyats.<\/li>\n<li>L\u2019horari aproximat de la&hellip;  <a href=\"https:\/\/serveiseducatius.xtec.cat\/altaribagorca\/portada\/forum-descoles-verdes-de-lalta-ribagorca-la-vall-daran-i-el-pallars-jussa-31-maig\/\" title=\"Read F\u00d2RUM d&#8217;Escoles Verdes de l&#8217;ALTA RIBAGOR\u00c7A, la VALL d&#8217;ARAN i el  PALLARS JUSS\u00c0 &#8211; 31 maig\">Llegeix m\u00e9s\u00bb<\/a><br \/>\n","protected":false},"author":1,"featured_media":10563,"comment_status":"open","ping_status":"closed","sticky":false,"template":"","format":"standard","meta":{"_bbp_topic_count":0,"_bbp_reply_count":0,"_bbp_total_topic_count":0,"_bbp_total_reply_count":0,"_bbp_voice_count":0,"_bbp_anonymous_reply_count":0,"_bbp_topic_count_hidden":0,"_bbp_reply_count_hidden":0,"_bbp_forum_subforum_count":0,"footnotes":""},"categories":[65,29,284],"tags":[310,301,311,294],"class_list":["post-10565","post","type-post","status-publish","format-standard","has-post-thumbnail","hentry","category-crp","category-portada","category-projectes","tag-escoles-verdes","tag-medi-ambient","tag-ods","tag-treball-cooperatiu"],"post_mailing_queue_ids":[],"_links":{"self":[{"href":"https:\/\/serveiseducatius.xtec.cat\/altaribagorca\/wp-json\/wp\/v2\/posts\/10565","targetHints":{"allow":["GET"]}}],"collection":[{"href":"https:\/\/serveiseducatius.xtec.cat\/altaribagorca\/wp-json\/wp\/v2\/posts"}],"about":[{"href":"https:\/\/serveiseducatius.xtec.cat\/altaribagorca\/wp-json\/wp\/v2\/types\/post"}],"author":[{"embeddable":true,"href":"https:\/\/serveiseducatius.xtec.cat\/altaribagorca\/wp-json\/wp\/v2\/users\/1"}],"replies":[{"embeddable":true,"href":"https:\/\/serveiseducatius.xtec.cat\/altaribagorca\/wp-json\/wp\/v2\/comments?post=10565"}],"version-history":[{"count":3,"href":"https:\/\/serveiseducatius.xtec.cat\/altaribagorca\/wp-json\/wp\/v2\/posts\/10565\/revisions"}],"predecessor-version":[{"id":10568,"href":"https:\/\/serveiseducatius.xtec.cat\/altaribagorca\/wp-json\/wp\/v2\/posts\/10565\/revisions\/10568"}],"wp:featuredmedia":[{"embeddable":true,"href":"https:\/\/serveiseducatius.xtec.cat\/altaribagorca\/wp-json\/wp\/v2\/media\/10563"}],"wp:attachment":[{"href":"https:\/\/serveiseducatius.xtec.cat\/altaribagorca\/wp-json\/wp\/v2\/media?parent=10565"}],"wp:term":[{"taxonomy":"category","embeddable":true,"href":"https:\/\/serveiseducatius.xtec.cat\/altaribagorca\/wp-json\/wp\/v2\/categories?post=10565"},{"taxonomy":"post_tag","embeddable":true,"href":"https:\/\/serveiseducatius.xtec.cat\/altaribagorca\/wp-json\/wp\/v2\/tags?post=10565"}],"curies":[{"name":"wp","href":"https:\/\/api.w.org\/{rel}","templated":true}]}}